{"id":2099,"date":"2017-09-11T10:01:00","date_gmt":"2017-09-11T08:01:00","guid":{"rendered":"http:\/\/www.naturparkmagazin.de\/dahme-heideseen\/?p=2099"},"modified":"2017-09-26T14:20:34","modified_gmt":"2017-09-26T12:20:34","slug":"familie-wolf-gefaehrliche-nachbarn-im-waldkino-hammer","status":"publish","type":"post","link":"https:\/\/www.naturparkmagazin.de\/dahme-heideseen\/familie-wolf-gefaehrliche-nachbarn-im-waldkino-hammer\/","title":{"rendered":"&#8222;Familie Wolf \u2013 Gef\u00e4hrliche Nachbarn?&#8220; im Waldkino Hammer"},"content":{"rendered":"<p>&#8222;Familie Wolf &#8230; &#8220; ist der f\u00fcnfte und letzte Film der Waldkino-Reihe 2017. Er wird am Freitag 29. September gezeigt.<!--more--><\/p>\n<dl class=\"date\">\n<dt>Veranstaltungsbeginn: 29.09.2017 &#8211; 20:00 Uhr<\/dt>\n<\/dl>\n<p>Der Eintritt ist frei.<\/p>\n<div>\n<div>Der Film hat, wie auch der im August gezeigte Film, einen thematisch besonderen Bezug zu Brandenburg. Der Regisseur des Films, Sebastian Koerner, wird pers\u00f6nlich anwesend sein und f\u00fcr die anschlie\u00dfende Diskussion mit dem Publikum zur Verf\u00fcgung stehen.<\/p>\n<div>\n<div><\/div>\n<div>Besonderer Dank gilt Gabriele Conze vom WDR f\u00fcr die freundliche Vorf\u00fchrgenehmigung vor dem offiziellen Ausstrahlungstermin im November. Und mit Dank an J\u00f6rg Riemenschneider und an Dirk Neuhoff vom NDR.<\/div>\n<\/div>\n<\/div>\n<\/div>\n<div>\n<div>\n<div>W\u00f6lfe breiten sich sowohl in Deutschland wie auch in\u00a0Frankreich\u00a0immer mehr aus. Gleichzeitig greift die uralte Angst vor den Raubtieren um sich. Die Aufnahmen des Tierfilmers Sebastian Koerner und eine Vielzahl versteckter, automatisch filmender Videofallen bieten erstmalig einen hautnahen Einblick in das Leben einer Wolfsfamilie im Herzen Deutschlands. Alle Bilder stammen aus der freien Natur, keines wurde in einem Gehege oder mit zahmen W\u00f6lfen gedreht. Das portr\u00e4tierte Rudel um den R\u00fcden Leo hat sein Revier auf dem Truppen\u00fcbungsplatz Munster-Nord in Niedersachsen. Nachdem einige der Tiere Autos und Spazierg\u00e4ngern ungew\u00f6hnlich nah gekommen waren, wurden sie zu Problemw\u00f6lfen erkl\u00e4rt. Ihr auff\u00e4lliges Verhalten endete mit dem ersten staatlich genehmigten Abschuss eines der streng gesch\u00fctzten Tiere in Deutschland. Aber woher kamen diese W\u00f6lfe? Warum haben sich einige von ihnen anders verhalten als die meisten ihrer Artgenossen? Die Dokumentation begibt sich auf eine spannende Spurensuche. Dabei lernt der Zuschauer W\u00f6lfe als soziale Familienwesen kennen, die sich neugierig, verspielt und vorsichtig verhalten. Es gelang den Filmemachern, ungew\u00f6hnliche Begegnungen sowohl mit Menschen wie mit anderen Wildtieren in ihrer Nachbarschaft zu dokumentieren. Vor dem Hintergrund neuester wissenschaftlicher Erkenntnisse und intensiver Recherchen erz\u00e4hlt der Film eine wahre Geschichte voller Leben, Freuden, Dramen und Tod. Er zeigt, wie gut sich die wilden W\u00f6lfe in unserer Kulturlandschaft zurechtfinden, aber auch, was schieflaufen kann, wenn die Menschen falsch reagieren.<\/div>\n<\/div>\n<\/div>\n<div>\n<div id=\"attachment_2110\" style=\"width: 630px\" class=\"wp-caption aligncenter\"><a href=\"https:\/\/www.naturparkmagazin.de\/dahme-heideseen\/wp-content\/uploads\/sites\/37\/npdh_wolf_klaus_weber.jpg\"><img aria-describedby=\"caption-attachment-2110\" decoding=\"async\" loading=\"lazy\" class=\"size-medium wp-image-2110\" src=\"https:\/\/www.naturparkmagazin.de\/dahme-heideseen\/wp-content\/uploads\/sites\/37\/npdh_wolf_klaus_weber-620x465.jpg\" alt=\"Wolf - Tiergehege-Aufnahme (Foto Klaus Weber)\" width=\"620\" height=\"465\" srcset=\"https:\/\/www.naturparkmagazin.de\/dahme-heideseen\/wp-content\/uploads\/sites\/37\/npdh_wolf_klaus_weber-620x465.jpg 620w, https:\/\/www.naturparkmagazin.de\/dahme-heideseen\/wp-content\/uploads\/sites\/37\/npdh_wolf_klaus_weber-300x225.jpg 300w, https:\/\/www.naturparkmagazin.de\/dahme-heideseen\/wp-content\/uploads\/sites\/37\/npdh_wolf_klaus_weber-580x435.jpg 580w, https:\/\/www.naturparkmagazin.de\/dahme-heideseen\/wp-content\/uploads\/sites\/37\/npdh_wolf_klaus_weber-420x315.jpg 420w, https:\/\/www.naturparkmagazin.de\/dahme-heideseen\/wp-content\/uploads\/sites\/37\/npdh_wolf_klaus_weber-180x135.jpg 180w, https:\/\/www.naturparkmagazin.de\/dahme-heideseen\/wp-content\/uploads\/sites\/37\/npdh_wolf_klaus_weber-95x71.jpg 95w, https:\/\/www.naturparkmagazin.de\/dahme-heideseen\/wp-content\/uploads\/sites\/37\/npdh_wolf_klaus_weber-200x150.jpg 200w, https:\/\/www.naturparkmagazin.de\/dahme-heideseen\/wp-content\/uploads\/sites\/37\/npdh_wolf_klaus_weber.jpg 640w\" sizes=\"(max-width: 620px) 100vw, 620px\" \/><\/a><p id=\"caption-attachment-2110\" class=\"wp-caption-text\">Wolf &#8211; Tiergehege-Aufnahme (Foto Klaus Weber)<\/p><\/div>\n<\/div>\n<p>Das von der Landeswaldoberf\u00f6rsterei Hammer mit Unterst\u00fctzung des Amtes Schenkenl\u00e4ndchen organisierte Waldkino l\u00e4uft nunmehr im f\u00fcnften Jahr und erfreut sich ungebrochener Beliebtheit. Von Mai bis September l\u00e4dt die F\u00f6rsterei jeweils am letzten Freitag des Monats um 20 Uhr zu\nabendf\u00fcllenden Filmen im Wald ein. Die Filmprogramm spannt einen weiten Bogen \u00fcber &#8222;Umwelt&#8220;, &#8222;Wald&#8220; und &#8222;Nachhaltigkeit&#8220;.<\/p>\n<p>Bevor der Film startet, gibt es jeweils eine Einf\u00fchrung durch den K\u00fcnstler Wolfgang Georgsdorf und den Leiter der Oberf\u00f6rsterei Hammer, Tim Ness. Vor und nach den Filmvorf\u00fchrungen ist f\u00fcr Essen und Trinken im Hof der F\u00f6rsterei gesorgt. Anschlie\u00dfend besteht immer die M\u00f6glichkeit zu Diskussionen am Lagerfeuer.<\/p>\n<div id=\"attachment_1025\" style=\"width: 630px\" class=\"wp-caption aligncenter\"><a href=\"https:\/\/www.naturparkmagazin.de\/dahme-heideseen\/wp-content\/uploads\/sites\/37\/hammer_web_2009.jpg\"><img aria-describedby=\"caption-attachment-1025\" decoding=\"async\" loading=\"lazy\" class=\"size-medium wp-image-1025\" src=\"https:\/\/www.naturparkmagazin.de\/dahme-heideseen\/wp-content\/uploads\/sites\/37\/hammer_web_2009-620x441.jpg\" alt=\"Forsthaus Hammer (Foto: Hans Sonnenberg) \" width=\"620\" height=\"441\" srcset=\"https:\/\/www.naturparkmagazin.de\/dahme-heideseen\/wp-content\/uploads\/sites\/37\/hammer_web_2009-620x441.jpg 620w, https:\/\/www.naturparkmagazin.de\/dahme-heideseen\/wp-content\/uploads\/sites\/37\/hammer_web_2009-300x213.jpg 300w, https:\/\/www.naturparkmagazin.de\/dahme-heideseen\/wp-content\/uploads\/sites\/37\/hammer_web_2009-200x142.jpg 200w, https:\/\/www.naturparkmagazin.de\/dahme-heideseen\/wp-content\/uploads\/sites\/37\/hammer_web_2009.jpg 640w\" sizes=\"(max-width: 620px) 100vw, 620px\" \/><\/a><p id=\"caption-attachment-1025\" class=\"wp-caption-text\">Forsthaus Hammer (Foto: Hans Sonnenberg)<\/p><\/div>\n<p>Die n\u00e4chste Waldkinosaison startet dann im Mai 2018<\/p>\n<h3>Preis<\/h3>\n<p>Eintritt ist frei<\/p>\n<h3>Veranstaltungsort<\/h3>\n<p><strong>L\u00f6pten<\/strong>\nLandesforstbetrieb Brandenburg\nAn der B 179\n15746 Gro\u00df K\u00f6ris<\/p>\n<dl class=\"contact\">\n<dt class=\"phone\"><span class=\"accessibility\">Telefon<\/span><\/dt>\n<dd>+49 (0) 33765 21780<\/dd>\n<dt class=\"mail\"><span class=\"accessibility\">E-Mail<\/span><\/dt>\n<dd><a href=\"http:\/\/www.dahme-heideseen-naturpark.de\/service\/kontakt\/?tx_snmlugv_pi6%5Bcontact%5D=5729&amp;tx_snmlugv_pi6%5Bdate%5D=1\"> Obf(dot)Hammer(at)affwu(dot)brandenburg(dot)de <\/a><\/dd>\n<dt class=\"www\"><span class=\"accessibility\">Internet<\/span><\/dt>\n<dd><a href=\"http:\/\/www.forst.brandenburg.de\" target=\"_blank\">www.forst.brandenburg.de<\/a><\/dd>\n<\/dl>\n","protected":false},"excerpt":{"rendered":"<p>&#8222;Familie Wolf &#8230; &#8220; ist der f\u00fcnfte und letzte Film der Waldkino-Reihe 2017. Er wird am Freitag 29. September gezeigt.<\/p>\n","protected":false},"author":48,"featured_media":2110,"comment_status":"open","ping_status":"open","sticky":false,"template":"","format":"standard","meta":[],"categories":[11],"tags":[],"yoast_head":"<!-- This site is optimized with the Yoast SEO plugin v19.10 - https:\/\/yoast.com\/wordpress\/plugins\/seo\/ -->\n<title>&quot;Familie Wolf \u2013 Gef\u00e4hrliche Nachbarn?&quot; im Waldkino Hammer - Naturpark Dahme-Heideseen<\/title>\n<meta name=\"robots\" content=\"index, follow, max-snippet:-1, max-image-preview:large, max-video-preview:-1\" \/>\n<link rel=\"canonical\" href=\"https:\/\/www.naturparkmagazin.de\/dahme-heideseen\/familie-wolf-gefaehrliche-nachbarn-im-waldkino-hammer\/\" \/>\n<meta property=\"og:locale\" content=\"de_DE\" \/>\n<meta property=\"og:type\" content=\"article\" \/>\n<meta property=\"og:title\" content=\"&quot;Familie Wolf \u2013 Gef\u00e4hrliche Nachbarn?&quot; im Waldkino Hammer - Naturpark Dahme-Heideseen\" \/>\n<meta property=\"og:description\" content=\"&quot;Familie Wolf ... &quot; ist der f\u00fcnfte und letzte Film der Waldkino-Reihe 2017. Er wird am Freitag 29. September gezeigt.\" \/>\n<meta property=\"og:url\" content=\"https:\/\/www.naturparkmagazin.de\/dahme-heideseen\/familie-wolf-gefaehrliche-nachbarn-im-waldkino-hammer\/\" \/>\n<meta property=\"og:site_name\" content=\"Naturpark Dahme-Heideseen\" \/>\n<meta property=\"article:published_time\" content=\"2017-09-11T08:01:00+00:00\" \/>\n<meta property=\"article:modified_time\" content=\"2017-09-26T12:20:34+00:00\" \/>\n<meta property=\"og:image\" content=\"https:\/\/www.naturparkmagazin.de\/dahme-heideseen\/wp-content\/uploads\/sites\/37\/npdh_wolf_klaus_weber.jpg\" \/>\n\t<meta property=\"og:image:width\" content=\"640\" \/>\n\t<meta property=\"og:image:height\" content=\"480\" \/>\n\t<meta property=\"og:image:type\" content=\"image\/jpeg\" \/>\n<meta name=\"author\" content=\"hanssonnenberg\" \/>\n<meta name=\"twitter:label1\" content=\"Verfasst von\" \/>\n\t<meta name=\"twitter:data1\" content=\"hanssonnenberg\" \/>\n\t<meta name=\"twitter:label2\" content=\"Gesch\u00e4tzte Lesezeit\" \/>\n\t<meta name=\"twitter:data2\" content=\"3\u00a0Minuten\" \/>\n<script type=\"application\/ld+json\" class=\"yoast-schema-graph\">{\"@context\":\"https:\/\/schema.org\",\"@graph\":[{\"@type\":\"WebPage\",\"@id\":\"https:\/\/www.naturparkmagazin.de\/dahme-heideseen\/familie-wolf-gefaehrliche-nachbarn-im-waldkino-hammer\/\",\"url\":\"https:\/\/www.naturparkmagazin.de\/dahme-heideseen\/familie-wolf-gefaehrliche-nachbarn-im-waldkino-hammer\/\",\"name\":\"\\\"Familie Wolf \u2013 Gef\u00e4hrliche Nachbarn?\\\" im Waldkino Hammer - Naturpark Dahme-Heideseen\",\"isPartOf\":{\"@id\":\"https:\/\/www.naturparkmagazin.de\/dahme-heideseen\/#website\"},\"datePublished\":\"2017-09-11T08:01:00+00:00\",\"dateModified\":\"2017-09-26T12:20:34+00:00\",\"author\":{\"@id\":\"https:\/\/www.naturparkmagazin.de\/dahme-heideseen\/#\/schema\/person\/c81c96c3a1f5ee7bffff8b8022c105f0\"},\"breadcrumb\":{\"@id\":\"https:\/\/www.naturparkmagazin.de\/dahme-heideseen\/familie-wolf-gefaehrliche-nachbarn-im-waldkino-hammer\/#breadcrumb\"},\"inLanguage\":\"de\",\"potentialAction\":[{\"@type\":\"ReadAction\",\"target\":[\"https:\/\/www.naturparkmagazin.de\/dahme-heideseen\/familie-wolf-gefaehrliche-nachbarn-im-waldkino-hammer\/\"]}]},{\"@type\":\"BreadcrumbList\",\"@id\":\"https:\/\/www.naturparkmagazin.de\/dahme-heideseen\/familie-wolf-gefaehrliche-nachbarn-im-waldkino-hammer\/#breadcrumb\",\"itemListElement\":[{\"@type\":\"ListItem\",\"position\":1,\"name\":\"Home\",\"item\":\"https:\/\/www.naturparkmagazin.de\/dahme-heideseen\/\"},{\"@type\":\"ListItem\",\"position\":2,\"name\":\"&#8222;Familie Wolf \u2013 Gef\u00e4hrliche Nachbarn?&#8220; im Waldkino Hammer\"}]},{\"@type\":\"WebSite\",\"@id\":\"https:\/\/www.naturparkmagazin.de\/dahme-heideseen\/#website\",\"url\":\"https:\/\/www.naturparkmagazin.de\/dahme-heideseen\/\",\"name\":\"Naturpark Dahme-Heideseen\",\"description\":\"\",\"potentialAction\":[{\"@type\":\"SearchAction\",\"target\":{\"@type\":\"EntryPoint\",\"urlTemplate\":\"https:\/\/www.naturparkmagazin.de\/dahme-heideseen\/?s={search_term_string}\"},\"query-input\":\"required name=search_term_string\"}],\"inLanguage\":\"de\"},{\"@type\":\"Person\",\"@id\":\"https:\/\/www.naturparkmagazin.de\/dahme-heideseen\/#\/schema\/person\/c81c96c3a1f5ee7bffff8b8022c105f0\",\"name\":\"hanssonnenberg\",\"url\":\"https:\/\/www.naturparkmagazin.de\/dahme-heideseen\/author\/hanssonnenberg\/\"}]}<\/script>\n<!-- \/ Yoast SEO plugin. -->","yoast_head_json":{"title":"\"Familie Wolf \u2013 Gef\u00e4hrliche Nachbarn?\" im Waldkino Hammer - Naturpark Dahme-Heideseen","robots":{"index":"index","follow":"follow","max-snippet":"max-snippet:-1","max-image-preview":"max-image-preview:large","max-video-preview":"max-video-preview:-1"},"canonical":"https:\/\/www.naturparkmagazin.de\/dahme-heideseen\/familie-wolf-gefaehrliche-nachbarn-im-waldkino-hammer\/","og_locale":"de_DE","og_type":"article","og_title":"\"Familie Wolf \u2013 Gef\u00e4hrliche Nachbarn?\" im Waldkino Hammer - Naturpark Dahme-Heideseen","og_description":"\"Familie Wolf ... \" ist der f\u00fcnfte und letzte Film der Waldkino-Reihe 2017. Er wird am Freitag 29. September gezeigt.","og_url":"https:\/\/www.naturparkmagazin.de\/dahme-heideseen\/familie-wolf-gefaehrliche-nachbarn-im-waldkino-hammer\/","og_site_name":"Naturpark Dahme-Heideseen","article_published_time":"2017-09-11T08:01:00+00:00","article_modified_time":"2017-09-26T12:20:34+00:00","og_image":[{"width":640,"height":480,"url":"https:\/\/www.naturparkmagazin.de\/dahme-heideseen\/wp-content\/uploads\/sites\/37\/npdh_wolf_klaus_weber.jpg","type":"image\/jpeg"}],"author":"hanssonnenberg","twitter_misc":{"Verfasst von":"hanssonnenberg","Gesch\u00e4tzte Lesezeit":"3\u00a0Minuten"},"schema":{"@context":"https:\/\/schema.org","@graph":[{"@type":"WebPage","@id":"https:\/\/www.naturparkmagazin.de\/dahme-heideseen\/familie-wolf-gefaehrliche-nachbarn-im-waldkino-hammer\/","url":"https:\/\/www.naturparkmagazin.de\/dahme-heideseen\/familie-wolf-gefaehrliche-nachbarn-im-waldkino-hammer\/","name":"\"Familie Wolf \u2013 Gef\u00e4hrliche Nachbarn?\" im Waldkino Hammer - Naturpark Dahme-Heideseen","isPartOf":{"@id":"https:\/\/www.naturparkmagazin.de\/dahme-heideseen\/#website"},"datePublished":"2017-09-11T08:01:00+00:00","dateModified":"2017-09-26T12:20:34+00:00","author":{"@id":"https:\/\/www.naturparkmagazin.de\/dahme-heideseen\/#\/schema\/person\/c81c96c3a1f5ee7bffff8b8022c105f0"},"breadcrumb":{"@id":"https:\/\/www.naturparkmagazin.de\/dahme-heideseen\/familie-wolf-gefaehrliche-nachbarn-im-waldkino-hammer\/#breadcrumb"},"inLanguage":"de","potentialAction":[{"@type":"ReadAction","target":["https:\/\/www.naturparkmagazin.de\/dahme-heideseen\/familie-wolf-gefaehrliche-nachbarn-im-waldkino-hammer\/"]}]},{"@type":"BreadcrumbList","@id":"https:\/\/www.naturparkmagazin.de\/dahme-heideseen\/familie-wolf-gefaehrliche-nachbarn-im-waldkino-hammer\/#breadcrumb","itemListElement":[{"@type":"ListItem","position":1,"name":"Home","item":"https:\/\/www.naturparkmagazin.de\/dahme-heideseen\/"},{"@type":"ListItem","position":2,"name":"&#8222;Familie Wolf \u2013 Gef\u00e4hrliche Nachbarn?&#8220; im Waldkino Hammer"}]},{"@type":"WebSite","@id":"https:\/\/www.naturparkmagazin.de\/dahme-heideseen\/#website","url":"https:\/\/www.naturparkmagazin.de\/dahme-heideseen\/","name":"Naturpark Dahme-Heideseen","description":"","potentialAction":[{"@type":"SearchAction","target":{"@type":"EntryPoint","urlTemplate":"https:\/\/www.naturparkmagazin.de\/dahme-heideseen\/?s={search_term_string}"},"query-input":"required name=search_term_string"}],"inLanguage":"de"},{"@type":"Person","@id":"https:\/\/www.naturparkmagazin.de\/dahme-heideseen\/#\/schema\/person\/c81c96c3a1f5ee7bffff8b8022c105f0","name":"hanssonnenberg","url":"https:\/\/www.naturparkmagazin.de\/dahme-heideseen\/author\/hanssonnenberg\/"}]}},"_links":{"self":[{"href":"https:\/\/www.naturparkmagazin.de\/dahme-heideseen\/wp-json\/wp\/v2\/posts\/2099"}],"collection":[{"href":"https:\/\/www.naturparkmagazin.de\/dahme-heideseen\/wp-json\/wp\/v2\/posts"}],"about":[{"href":"https:\/\/www.naturparkmagazin.de\/dahme-heideseen\/wp-json\/wp\/v2\/types\/post"}],"author":[{"embeddable":true,"href":"https:\/\/www.naturparkmagazin.de\/dahme-heideseen\/wp-json\/wp\/v2\/users\/48"}],"replies":[{"embeddable":true,"href":"https:\/\/www.naturparkmagazin.de\/dahme-heideseen\/wp-json\/wp\/v2\/comments?post=2099"}],"version-history":[{"count":5,"href":"https:\/\/www.naturparkmagazin.de\/dahme-heideseen\/wp-json\/wp\/v2\/posts\/2099\/revisions"}],"predecessor-version":[{"id":2150,"href":"https:\/\/www.naturparkmagazin.de\/dahme-heideseen\/wp-json\/wp\/v2\/posts\/2099\/revisions\/2150"}],"wp:featuredmedia":[{"embeddable":true,"href":"https:\/\/www.naturparkmagazin.de\/dahme-heideseen\/wp-json\/wp\/v2\/media\/2110"}],"wp:attachment":[{"href":"https:\/\/www.naturparkmagazin.de\/dahme-heideseen\/wp-json\/wp\/v2\/media?parent=2099"}],"wp:term":[{"taxonomy":"category","embeddable":true,"href":"https:\/\/www.naturparkmagazin.de\/dahme-heideseen\/wp-json\/wp\/v2\/categories?post=2099"},{"taxonomy":"post_tag","embeddable":true,"href":"https:\/\/www.naturparkmagazin.de\/dahme-heideseen\/wp-json\/wp\/v2\/tags?post=2099"}],"curies":[{"name":"wp","href":"https:\/\/api.w.org\/{rel}","templated":true}]}}