{"id":211,"date":"2013-10-28T15:44:05","date_gmt":"2013-10-28T13:44:05","guid":{"rendered":"http:\/\/www.naturparkmagazin.de\/dahme-heideseen\/?p=211"},"modified":"2013-11-06T16:07:08","modified_gmt":"2013-11-06T14:07:08","slug":"auftakt-des-eu-lifeprojekts-sandrasen-dahme-seengebiet","status":"publish","type":"post","link":"https:\/\/www.naturparkmagazin.de\/dahme-heideseen\/auftakt-des-eu-lifeprojekts-sandrasen-dahme-seengebiet\/","title":{"rendered":"Auftakt des EU Life\u2013Projekts \u201eSandrasen Dahme-Seengebiet\u201c"},"content":{"rendered":"<p><b>In den kommenden sechs Jahren wird sich die Stiftung NaturSchutzFonds Brandenburg intensiv um die Trockenlebensr\u00e4ume in den Landkreisen Dahme-Spreewald und Oder-Spree widmen. Mit ihrem EU-Life-Projekt \u201eSandrasen Dahme-Seengebiet\u201c sollen f\u00fcr die Region typische trockene und kalkreiche Sandrasen erhalten und in der \u00d6ffentlichkeit bekannt gemacht werden.\u00a0 Am\u00a0 24. Oktober wurde das Projekt offiziell in T\u00f6pchin gestartet.<\/b><\/p>\n<p style=\"text-align: center\"><a href=\"https:\/\/www.naturparkmagazin.de\/dahme-heideseen\/wp-content\/uploads\/sites\/37\/schaffe-Prieros.jpg\"><img decoding=\"async\" loading=\"lazy\" class=\"size-medium wp-image-212 aligncenter\" title=\"Schafe sind unerstezliche Helfer zum Erhalt der Trockenrasen (Foto: Sonnenberg)\" alt=\"Schafe sind unerstezliche Helfer zum Erhalt der Trockenrasen (Foto: Sonnenberg)\" src=\"https:\/\/www.naturparkmagazin.de\/dahme-heideseen\/wp-content\/uploads\/sites\/37\/schaffe-Prieros-620x414.jpg\" width=\"620\" height=\"414\" \/><\/a><\/p>\n<p>Die dauerhafte Nutzung von Trockenrasen aufrechtzuerhalten und wieder auszuweiten, ist das Hauptanliegen des Projekts der Landesnaturschutzstiftung. Hierf\u00fcr sind in den Landkreisen Dahme-Spreewald und Oder-Spree auf 240 Hektar Ma\u00dfnahmen vorgesehen. Projektpartner dabei ist der Naturpark Dahme-Heideseen. \u201eWir wissen, dass die offenen Sandtrockenrasen und Heiden eine wechselvolle Geschichte haben, aus der die Herden der Haustiere nicht wegzudenken sind. Der Beruf des Sch\u00e4fers sicherte unverzichtbare G\u00fcter wie Wolle, Milch und Fleisch. Seine T\u00e4tigkeiten wie H\u00fcten, Treiben, Roden und Brennen pr\u00e4gten das Bild unserer Landschaft\u201c, sagt Umweltministerin Anita Tack (Linke) anl\u00e4sslich des offiziellen Projektstarts in T\u00f6pchin. Der Schutz dieser europaweit mittlerweile sehr bedrohten Lebensr\u00e4ume, die seltene Arten wie Wiesen-K\u00fcchenschelle, Sand-Tragant oder das B\u00fcschelige Gipskraut beheimaten, k\u00f6nne daher nur durch Nutzung nachhaltig gelingen. Die Angebote des Projekts an die Landnutzer umfassen dabei eine Unterst\u00fctzung bei der Neueinrichtung von Weidefl\u00e4chen, Anschubhilfen bei der erstmaligen Nutzung brachgefallener Fl\u00e4chen und die Beratung an der Schnittstelle zur Agrar-Umweltf\u00f6rderung. Trainingsma\u00dfnahmen sollen die Qualit\u00e4t der Nutzungen verbessern. Erg\u00e4nzend zur Beweidung sind Entbuschung, Mahd und Plaggen (das Abziehen der Vegetation mitsamt der obersten Bodenschicht) wesentliche Bausteine des Projekts. Neben der Fachabteilung des Landesamts f\u00fcr Umwelt, Gesundheit und Verbraucherschutz und der Verwaltung das Naturparks Dahme-Heideseen stehen der Stiftung viele Partner in der Region zur Seite. \u201eHier sind die Landwirtschaftsbetriebe an erster Stelle zu nennen, die mitunter seit vielen Jahren mit dem Naturpark und der Stiftung verl\u00e4sslich zusammenarbeiten\u201c, so Bernhard Schmidt-Ruhe, Gesch\u00e4ftsf\u00fchrer der Stiftung NaturSchutzFonds Brandenburg. Mit ihrem Projektantrag konnte die Stiftung gut 1,8 Millionen Euro f\u00fcr den Naturschutz in Brandenburg bei der EU in Br\u00fcssel akquirieren. Rund 600.000 Euro kommen aus Ersatzzahlungen der Eingriffsregelung als Eigenanteil der Landesstiftung dazu. Mit seinem Finanzumfang von 2,4 Millionen Euro z\u00e4hlt \u201eSandrasen Dahmeseen-Gebiet\u201c zu den gr\u00f6\u00dften Life + Natur-Projekten, die die Europ\u00e4ische Union in diesem Jahr in Deutschland finanziert. Es ist das zw\u00f6lfte brandenburgische Projekt seit der Erstauflage des F\u00f6rderinstruments LIFE im Jahr 1992.<\/p>\n<div id=\"attachment_114\" style=\"width: 630px\" class=\"wp-caption aligncenter\"><a href=\"https:\/\/www.naturparkmagazin.de\/dahme-heideseen\/wp-content\/uploads\/sites\/37\/\u00c4hriger-Blauweiderich_Klaeber_Nabu.jpg\"><img aria-describedby=\"caption-attachment-114\" decoding=\"async\" loading=\"lazy\" class=\"size-medium wp-image-114\" alt=\"Der auf Trockenrasen wachsende \u00c4hrige Baluweiderich (Veronica spicata) wird von dem Naturschutzprojekt profitieren (Foto: W. Klaeber\/NABU Dahmeland)\" src=\"https:\/\/www.naturparkmagazin.de\/dahme-heideseen\/wp-content\/uploads\/sites\/37\/\u00c4hriger-Blauweiderich_Klaeber_Nabu-620x442.jpg\" width=\"620\" height=\"442\" \/><\/a><p id=\"caption-attachment-114\" class=\"wp-caption-text\">Der auf Trockenrasen wachsende \u00c4hrige Baluweiderich (Veronica spicata) wird von dem Naturschutzprojekt profitieren (Foto: W. Klaeber\/NABU Dahmeland)<\/p><\/div>\n","protected":false},"excerpt":{"rendered":"<p>In den kommenden sechs Jahren wird sich die Stiftung NaturSchutzFonds Brandenburg intensiv um die Trockenlebensr\u00e4ume in den Landkreisen Dahme-Spreewald und Oder-Spree widmen. Mit ihrem EU-Life-Projekt \u201eSandrasen Dahme-Seengebiet\u201c sollen f\u00fcr die Region typische trockene und kalkreiche Sandrasen erhalten und in der \u00d6ffentlichkeit bekannt gemacht werden.\u00a0 Am\u00a0 24. Oktober wurde das Projekt offiziell in T\u00f6pchin gestartet. Die<\/p>\n","protected":false},"author":48,"featured_media":212,"comment_status":"open","ping_status":"open","sticky":false,"template":"","format":"standard","meta":[],"categories":[7],"tags":[],"yoast_head":"<!-- This site is optimized with the Yoast SEO plugin v19.10 - https:\/\/yoast.com\/wordpress\/plugins\/seo\/ -->\n<title>Auftakt des EU Life\u2013Projekts \u201eSandrasen Dahme-Seengebiet\u201c - Naturpark Dahme-Heideseen<\/title>\n<meta name=\"robots\" content=\"index, follow, max-snippet:-1, max-image-preview:large, max-video-preview:-1\" \/>\n<link rel=\"canonical\" href=\"https:\/\/www.naturparkmagazin.de\/dahme-heideseen\/auftakt-des-eu-lifeprojekts-sandrasen-dahme-seengebiet\/\" \/>\n<meta property=\"og:locale\" content=\"de_DE\" \/>\n<meta property=\"og:type\" content=\"article\" \/>\n<meta property=\"og:title\" content=\"Auftakt des EU Life\u2013Projekts \u201eSandrasen Dahme-Seengebiet\u201c - Naturpark Dahme-Heideseen\" \/>\n<meta property=\"og:description\" content=\"In den kommenden sechs Jahren wird sich die Stiftung NaturSchutzFonds Brandenburg intensiv um die Trockenlebensr\u00e4ume in den Landkreisen Dahme-Spreewald und Oder-Spree widmen. Mit ihrem EU-Life-Projekt \u201eSandrasen Dahme-Seengebiet\u201c sollen f\u00fcr die Region typische trockene und kalkreiche Sandrasen erhalten und in der \u00d6ffentlichkeit bekannt gemacht werden.\u00a0 Am\u00a0 24. Oktober wurde das Projekt offiziell in T\u00f6pchin gestartet. Die\" \/>\n<meta property=\"og:url\" content=\"https:\/\/www.naturparkmagazin.de\/dahme-heideseen\/auftakt-des-eu-lifeprojekts-sandrasen-dahme-seengebiet\/\" \/>\n<meta property=\"og:site_name\" content=\"Naturpark Dahme-Heideseen\" \/>\n<meta property=\"article:published_time\" content=\"2013-10-28T13:44:05+00:00\" \/>\n<meta property=\"article:modified_time\" content=\"2013-11-06T14:07:08+00:00\" \/>\n<meta property=\"og:image\" content=\"https:\/\/www.naturparkmagazin.de\/dahme-heideseen\/wp-content\/uploads\/sites\/37\/schaffe-Prieros.jpg\" \/>\n\t<meta property=\"og:image:width\" content=\"640\" \/>\n\t<meta property=\"og:image:height\" content=\"428\" \/>\n\t<meta property=\"og:image:type\" content=\"image\/jpeg\" \/>\n<meta name=\"author\" content=\"hanssonnenberg\" \/>\n<meta name=\"twitter:label1\" content=\"Verfasst von\" \/>\n\t<meta name=\"twitter:data1\" content=\"hanssonnenberg\" \/>\n\t<meta name=\"twitter:label2\" content=\"Gesch\u00e4tzte Lesezeit\" \/>\n\t<meta name=\"twitter:data2\" content=\"2\u00a0Minuten\" \/>\n<script type=\"application\/ld+json\" class=\"yoast-schema-graph\">{\"@context\":\"https:\/\/schema.org\",\"@graph\":[{\"@type\":\"WebPage\",\"@id\":\"https:\/\/www.naturparkmagazin.de\/dahme-heideseen\/auftakt-des-eu-lifeprojekts-sandrasen-dahme-seengebiet\/\",\"url\":\"https:\/\/www.naturparkmagazin.de\/dahme-heideseen\/auftakt-des-eu-lifeprojekts-sandrasen-dahme-seengebiet\/\",\"name\":\"Auftakt des EU Life\u2013Projekts \u201eSandrasen Dahme-Seengebiet\u201c - Naturpark Dahme-Heideseen\",\"isPartOf\":{\"@id\":\"https:\/\/www.naturparkmagazin.de\/dahme-heideseen\/#website\"},\"datePublished\":\"2013-10-28T13:44:05+00:00\",\"dateModified\":\"2013-11-06T14:07:08+00:00\",\"author\":{\"@id\":\"https:\/\/www.naturparkmagazin.de\/dahme-heideseen\/#\/schema\/person\/c81c96c3a1f5ee7bffff8b8022c105f0\"},\"breadcrumb\":{\"@id\":\"https:\/\/www.naturparkmagazin.de\/dahme-heideseen\/auftakt-des-eu-lifeprojekts-sandrasen-dahme-seengebiet\/#breadcrumb\"},\"inLanguage\":\"de\",\"potentialAction\":[{\"@type\":\"ReadAction\",\"target\":[\"https:\/\/www.naturparkmagazin.de\/dahme-heideseen\/auftakt-des-eu-lifeprojekts-sandrasen-dahme-seengebiet\/\"]}]},{\"@type\":\"BreadcrumbList\",\"@id\":\"https:\/\/www.naturparkmagazin.de\/dahme-heideseen\/auftakt-des-eu-lifeprojekts-sandrasen-dahme-seengebiet\/#breadcrumb\",\"itemListElement\":[{\"@type\":\"ListItem\",\"position\":1,\"name\":\"Home\",\"item\":\"https:\/\/www.naturparkmagazin.de\/dahme-heideseen\/\"},{\"@type\":\"ListItem\",\"position\":2,\"name\":\"Auftakt des EU Life\u2013Projekts \u201eSandrasen Dahme-Seengebiet\u201c\"}]},{\"@type\":\"WebSite\",\"@id\":\"https:\/\/www.naturparkmagazin.de\/dahme-heideseen\/#website\",\"url\":\"https:\/\/www.naturparkmagazin.de\/dahme-heideseen\/\",\"name\":\"Naturpark Dahme-Heideseen\",\"description\":\"\",\"potentialAction\":[{\"@type\":\"SearchAction\",\"target\":{\"@type\":\"EntryPoint\",\"urlTemplate\":\"https:\/\/www.naturparkmagazin.de\/dahme-heideseen\/?s={search_term_string}\"},\"query-input\":\"required name=search_term_string\"}],\"inLanguage\":\"de\"},{\"@type\":\"Person\",\"@id\":\"https:\/\/www.naturparkmagazin.de\/dahme-heideseen\/#\/schema\/person\/c81c96c3a1f5ee7bffff8b8022c105f0\",\"name\":\"hanssonnenberg\",\"url\":\"https:\/\/www.naturparkmagazin.de\/dahme-heideseen\/author\/hanssonnenberg\/\"}]}<\/script>\n<!-- \/ Yoast SEO plugin. -->","yoast_head_json":{"title":"Auftakt des EU Life\u2013Projekts \u201eSandrasen Dahme-Seengebiet\u201c - Naturpark Dahme-Heideseen","robots":{"index":"index","follow":"follow","max-snippet":"max-snippet:-1","max-image-preview":"max-image-preview:large","max-video-preview":"max-video-preview:-1"},"canonical":"https:\/\/www.naturparkmagazin.de\/dahme-heideseen\/auftakt-des-eu-lifeprojekts-sandrasen-dahme-seengebiet\/","og_locale":"de_DE","og_type":"article","og_title":"Auftakt des EU Life\u2013Projekts \u201eSandrasen Dahme-Seengebiet\u201c - Naturpark Dahme-Heideseen","og_description":"In den kommenden sechs Jahren wird sich die Stiftung NaturSchutzFonds Brandenburg intensiv um die Trockenlebensr\u00e4ume in den Landkreisen Dahme-Spreewald und Oder-Spree widmen. Mit ihrem EU-Life-Projekt \u201eSandrasen Dahme-Seengebiet\u201c sollen f\u00fcr die Region typische trockene und kalkreiche Sandrasen erhalten und in der \u00d6ffentlichkeit bekannt gemacht werden.\u00a0 Am\u00a0 24. Oktober wurde das Projekt offiziell in T\u00f6pchin gestartet. Die","og_url":"https:\/\/www.naturparkmagazin.de\/dahme-heideseen\/auftakt-des-eu-lifeprojekts-sandrasen-dahme-seengebiet\/","og_site_name":"Naturpark Dahme-Heideseen","article_published_time":"2013-10-28T13:44:05+00:00","article_modified_time":"2013-11-06T14:07:08+00:00","og_image":[{"width":640,"height":428,"url":"https:\/\/www.naturparkmagazin.de\/dahme-heideseen\/wp-content\/uploads\/sites\/37\/schaffe-Prieros.jpg","type":"image\/jpeg"}],"author":"hanssonnenberg","twitter_misc":{"Verfasst von":"hanssonnenberg","Gesch\u00e4tzte Lesezeit":"2\u00a0Minuten"},"schema":{"@context":"https:\/\/schema.org","@graph":[{"@type":"WebPage","@id":"https:\/\/www.naturparkmagazin.de\/dahme-heideseen\/auftakt-des-eu-lifeprojekts-sandrasen-dahme-seengebiet\/","url":"https:\/\/www.naturparkmagazin.de\/dahme-heideseen\/auftakt-des-eu-lifeprojekts-sandrasen-dahme-seengebiet\/","name":"Auftakt des EU Life\u2013Projekts \u201eSandrasen Dahme-Seengebiet\u201c - Naturpark Dahme-Heideseen","isPartOf":{"@id":"https:\/\/www.naturparkmagazin.de\/dahme-heideseen\/#website"},"datePublished":"2013-10-28T13:44:05+00:00","dateModified":"2013-11-06T14:07:08+00:00","author":{"@id":"https:\/\/www.naturparkmagazin.de\/dahme-heideseen\/#\/schema\/person\/c81c96c3a1f5ee7bffff8b8022c105f0"},"breadcrumb":{"@id":"https:\/\/www.naturparkmagazin.de\/dahme-heideseen\/auftakt-des-eu-lifeprojekts-sandrasen-dahme-seengebiet\/#breadcrumb"},"inLanguage":"de","potentialAction":[{"@type":"ReadAction","target":["https:\/\/www.naturparkmagazin.de\/dahme-heideseen\/auftakt-des-eu-lifeprojekts-sandrasen-dahme-seengebiet\/"]}]},{"@type":"BreadcrumbList","@id":"https:\/\/www.naturparkmagazin.de\/dahme-heideseen\/auftakt-des-eu-lifeprojekts-sandrasen-dahme-seengebiet\/#breadcrumb","itemListElement":[{"@type":"ListItem","position":1,"name":"Home","item":"https:\/\/www.naturparkmagazin.de\/dahme-heideseen\/"},{"@type":"ListItem","position":2,"name":"Auftakt des EU Life\u2013Projekts \u201eSandrasen Dahme-Seengebiet\u201c"}]},{"@type":"WebSite","@id":"https:\/\/www.naturparkmagazin.de\/dahme-heideseen\/#website","url":"https:\/\/www.naturparkmagazin.de\/dahme-heideseen\/","name":"Naturpark Dahme-Heideseen","description":"","potentialAction":[{"@type":"SearchAction","target":{"@type":"EntryPoint","urlTemplate":"https:\/\/www.naturparkmagazin.de\/dahme-heideseen\/?s={search_term_string}"},"query-input":"required name=search_term_string"}],"inLanguage":"de"},{"@type":"Person","@id":"https:\/\/www.naturparkmagazin.de\/dahme-heideseen\/#\/schema\/person\/c81c96c3a1f5ee7bffff8b8022c105f0","name":"hanssonnenberg","url":"https:\/\/www.naturparkmagazin.de\/dahme-heideseen\/author\/hanssonnenberg\/"}]}},"_links":{"self":[{"href":"https:\/\/www.naturparkmagazin.de\/dahme-heideseen\/wp-json\/wp\/v2\/posts\/211"}],"collection":[{"href":"https:\/\/www.naturparkmagazin.de\/dahme-heideseen\/wp-json\/wp\/v2\/posts"}],"about":[{"href":"https:\/\/www.naturparkmagazin.de\/dahme-heideseen\/wp-json\/wp\/v2\/types\/post"}],"author":[{"embeddable":true,"href":"https:\/\/www.naturparkmagazin.de\/dahme-heideseen\/wp-json\/wp\/v2\/users\/48"}],"replies":[{"embeddable":true,"href":"https:\/\/www.naturparkmagazin.de\/dahme-heideseen\/wp-json\/wp\/v2\/comments?post=211"}],"version-history":[{"count":6,"href":"https:\/\/www.naturparkmagazin.de\/dahme-heideseen\/wp-json\/wp\/v2\/posts\/211\/revisions"}],"predecessor-version":[{"id":232,"href":"https:\/\/www.naturparkmagazin.de\/dahme-heideseen\/wp-json\/wp\/v2\/posts\/211\/revisions\/232"}],"wp:featuredmedia":[{"embeddable":true,"href":"https:\/\/www.naturparkmagazin.de\/dahme-heideseen\/wp-json\/wp\/v2\/media\/212"}],"wp:attachment":[{"href":"https:\/\/www.naturparkmagazin.de\/dahme-heideseen\/wp-json\/wp\/v2\/media?parent=211"}],"wp:term":[{"taxonomy":"category","embeddable":true,"href":"https:\/\/www.naturparkmagazin.de\/dahme-heideseen\/wp-json\/wp\/v2\/categories?post=211"},{"taxonomy":"post_tag","embeddable":true,"href":"https:\/\/www.naturparkmagazin.de\/dahme-heideseen\/wp-json\/wp\/v2\/tags?post=211"}],"curies":[{"name":"wp","href":"https:\/\/api.w.org\/{rel}","templated":true}]}}