{"id":2122,"date":"2017-09-15T13:15:17","date_gmt":"2017-09-15T11:15:17","guid":{"rendered":"http:\/\/www.naturparkmagazin.de\/dahme-heideseen\/?p=2122"},"modified":"2017-09-26T14:21:43","modified_gmt":"2017-09-26T12:21:43","slug":"oderin-briesen-20-000-jahre-landschaftsgeschichte-in-4-stunden","status":"publish","type":"post","link":"https:\/\/www.naturparkmagazin.de\/dahme-heideseen\/oderin-briesen-20-000-jahre-landschaftsgeschichte-in-4-stunden\/","title":{"rendered":"20.000 Jahre Landschaftsgeschichte am 15. Oktober"},"content":{"rendered":"<p>Oderin &#8211; Briesen: 20.000 Jahre Landschaftsgeschichte in 4 Stunden \/ Geologisch-Naturkundliche Wanderung mit Olaf Juschus am 15. Oktober <!--more-->\u00dcber Pfade und Wege geht es von Oderin bis fast nach Briesen und wieder zur\u00fcck.<\/p>\n<p>Diesmal spielen sowohl die Eiszeit als auch der Mensch eine Rolle beim Werden und Vergehen der Landschaft. Und so geht es \u00fcber Grundmor\u00e4nen, \u00fcber ehemalige Weinberge, an alten und neuen Dahmeflussbetten vorbei bis hin zu den Resten einer alten, l\u00e4ngst vergessenen M\u00fchle.\nTreffpunkt: 09:40 Uhr Bahnhof Oderin;<\/p>\n<p>Ende 14:16 Uhr; auch am Bahnhof Oderin; An- und Abfahrt mit dem Zug ab K\u00f6nigs Wusterhausen m\u00f6glich; Achtung: m\u00f6gliche Fahrplan\u00e4nderungen beachten!\nFu\u00dfmarsch, ca. 7 km, sowohl auf Wegen als auch auf unbefestigten Pfaden<\/p>\n<p><strong>Veranstaltungsort: Oderin<\/strong>\nBahnhof Oderin\nHauptstra\u00dfe\n15757 Mittenwalde OT Krummensee<\/p>\n<h3><a href=\"https:\/\/www.naturparkmagazin.de\/dahme-heideseen\/wp-content\/uploads\/sites\/37\/npdh_dahmetal_1_sonnenberg.jpg\"><img decoding=\"async\" loading=\"lazy\" class=\"aligncenter size-medium wp-image-2123\" src=\"https:\/\/www.naturparkmagazin.de\/dahme-heideseen\/wp-content\/uploads\/sites\/37\/npdh_dahmetal_1_sonnenberg-620x415.jpg\" alt=\"npdh_dahmetal_1_sonnenberg\" width=\"620\" height=\"415\" srcset=\"https:\/\/www.naturparkmagazin.de\/dahme-heideseen\/wp-content\/uploads\/sites\/37\/npdh_dahmetal_1_sonnenberg-620x415.jpg 620w, https:\/\/www.naturparkmagazin.de\/dahme-heideseen\/wp-content\/uploads\/sites\/37\/npdh_dahmetal_1_sonnenberg-300x201.jpg 300w, https:\/\/www.naturparkmagazin.de\/dahme-heideseen\/wp-content\/uploads\/sites\/37\/npdh_dahmetal_1_sonnenberg-200x134.jpg 200w, https:\/\/www.naturparkmagazin.de\/dahme-heideseen\/wp-content\/uploads\/sites\/37\/npdh_dahmetal_1_sonnenberg.jpg 640w\" sizes=\"(max-width: 620px) 100vw, 620px\" \/><\/a><\/h3>\n<p><strong>Veranstalter: Volkshochschule Dahme-Spreewald<\/strong>\nKai Berdermann\nLogenstra\u00dfe 17\n15907 L\u00fcbben<\/p>\n<dl class=\"contact\">\n<dt class=\"phone\">+49 ( 03546) 201060\/6<\/dt>\n<dt class=\"phone\"><a href=\"http:\/\/www.dahme-heideseen-naturpark.de\/service\/kontakt\/?tx_snmlugv_pi6%5Bcontact%5D=6030&amp;tx_snmlugv_pi6%5Bdate%5D=1\">vhs@dahme-spreewald.de <\/a><\/dt>\n<dt class=\"phone\"><a href=\"http:\/\/www.vhs-dahme-spreewald.de\" target=\"_blank\">www.vhs-dahme-spreewald.de<\/a><\/dt>\n<\/dl>\n","protected":false},"excerpt":{"rendered":"<p>Oderin &#8211; Briesen: 20.000 Jahre Landschaftsgeschichte in 4 Stunden \/ Geologisch-Naturkundliche Wanderung mit Olaf Juschus am 15. Oktober <\/p>\n","protected":false},"author":48,"featured_media":2123,"comment_status":"open","ping_status":"open","sticky":false,"template":"","format":"standard","meta":[],"categories":[11],"tags":[],"yoast_head":"<!-- This site is optimized with the Yoast SEO plugin v19.10 - https:\/\/yoast.com\/wordpress\/plugins\/seo\/ -->\n<title>20.000 Jahre Landschaftsgeschichte am 15. Oktober - Naturpark Dahme-Heideseen<\/title>\n<meta name=\"robots\" content=\"index, follow, max-snippet:-1, max-image-preview:large, max-video-preview:-1\" \/>\n<link rel=\"canonical\" href=\"https:\/\/www.naturparkmagazin.de\/dahme-heideseen\/oderin-briesen-20-000-jahre-landschaftsgeschichte-in-4-stunden\/\" \/>\n<meta property=\"og:locale\" content=\"de_DE\" \/>\n<meta property=\"og:type\" content=\"article\" \/>\n<meta property=\"og:title\" content=\"20.000 Jahre Landschaftsgeschichte am 15. Oktober - Naturpark Dahme-Heideseen\" \/>\n<meta property=\"og:description\" content=\"Oderin - Briesen: 20.000 Jahre Landschaftsgeschichte in 4 Stunden \/ Geologisch-Naturkundliche Wanderung mit Olaf Juschus am 15. Oktober\" \/>\n<meta property=\"og:url\" content=\"https:\/\/www.naturparkmagazin.de\/dahme-heideseen\/oderin-briesen-20-000-jahre-landschaftsgeschichte-in-4-stunden\/\" \/>\n<meta property=\"og:site_name\" content=\"Naturpark Dahme-Heideseen\" \/>\n<meta property=\"article:published_time\" content=\"2017-09-15T11:15:17+00:00\" \/>\n<meta property=\"article:modified_time\" content=\"2017-09-26T12:21:43+00:00\" \/>\n<meta property=\"og:image\" content=\"https:\/\/www.naturparkmagazin.de\/dahme-heideseen\/wp-content\/uploads\/sites\/37\/npdh_dahmetal_1_sonnenberg.jpg\" \/>\n\t<meta property=\"og:image:width\" content=\"640\" \/>\n\t<meta property=\"og:image:height\" content=\"428\" \/>\n\t<meta property=\"og:image:type\" content=\"image\/jpeg\" \/>\n<meta name=\"author\" content=\"hanssonnenberg\" \/>\n<meta name=\"twitter:label1\" content=\"Verfasst von\" \/>\n\t<meta name=\"twitter:data1\" content=\"hanssonnenberg\" \/>\n\t<meta name=\"twitter:label2\" content=\"Gesch\u00e4tzte Lesezeit\" \/>\n\t<meta name=\"twitter:data2\" content=\"1\u00a0Minute\" \/>\n<script type=\"application\/ld+json\" class=\"yoast-schema-graph\">{\"@context\":\"https:\/\/schema.org\",\"@graph\":[{\"@type\":\"WebPage\",\"@id\":\"https:\/\/www.naturparkmagazin.de\/dahme-heideseen\/oderin-briesen-20-000-jahre-landschaftsgeschichte-in-4-stunden\/\",\"url\":\"https:\/\/www.naturparkmagazin.de\/dahme-heideseen\/oderin-briesen-20-000-jahre-landschaftsgeschichte-in-4-stunden\/\",\"name\":\"20.000 Jahre Landschaftsgeschichte am 15. Oktober - Naturpark Dahme-Heideseen\",\"isPartOf\":{\"@id\":\"https:\/\/www.naturparkmagazin.de\/dahme-heideseen\/#website\"},\"datePublished\":\"2017-09-15T11:15:17+00:00\",\"dateModified\":\"2017-09-26T12:21:43+00:00\",\"author\":{\"@id\":\"https:\/\/www.naturparkmagazin.de\/dahme-heideseen\/#\/schema\/person\/c81c96c3a1f5ee7bffff8b8022c105f0\"},\"breadcrumb\":{\"@id\":\"https:\/\/www.naturparkmagazin.de\/dahme-heideseen\/oderin-briesen-20-000-jahre-landschaftsgeschichte-in-4-stunden\/#breadcrumb\"},\"inLanguage\":\"de\",\"potentialAction\":[{\"@type\":\"ReadAction\",\"target\":[\"https:\/\/www.naturparkmagazin.de\/dahme-heideseen\/oderin-briesen-20-000-jahre-landschaftsgeschichte-in-4-stunden\/\"]}]},{\"@type\":\"BreadcrumbList\",\"@id\":\"https:\/\/www.naturparkmagazin.de\/dahme-heideseen\/oderin-briesen-20-000-jahre-landschaftsgeschichte-in-4-stunden\/#breadcrumb\",\"itemListElement\":[{\"@type\":\"ListItem\",\"position\":1,\"name\":\"Home\",\"item\":\"https:\/\/www.naturparkmagazin.de\/dahme-heideseen\/\"},{\"@type\":\"ListItem\",\"position\":2,\"name\":\"20.000 Jahre Landschaftsgeschichte am 15. Oktober\"}]},{\"@type\":\"WebSite\",\"@id\":\"https:\/\/www.naturparkmagazin.de\/dahme-heideseen\/#website\",\"url\":\"https:\/\/www.naturparkmagazin.de\/dahme-heideseen\/\",\"name\":\"Naturpark Dahme-Heideseen\",\"description\":\"\",\"potentialAction\":[{\"@type\":\"SearchAction\",\"target\":{\"@type\":\"EntryPoint\",\"urlTemplate\":\"https:\/\/www.naturparkmagazin.de\/dahme-heideseen\/?s={search_term_string}\"},\"query-input\":\"required name=search_term_string\"}],\"inLanguage\":\"de\"},{\"@type\":\"Person\",\"@id\":\"https:\/\/www.naturparkmagazin.de\/dahme-heideseen\/#\/schema\/person\/c81c96c3a1f5ee7bffff8b8022c105f0\",\"name\":\"hanssonnenberg\",\"url\":\"https:\/\/www.naturparkmagazin.de\/dahme-heideseen\/author\/hanssonnenberg\/\"}]}<\/script>\n<!-- \/ Yoast SEO plugin. -->","yoast_head_json":{"title":"20.000 Jahre Landschaftsgeschichte am 15. Oktober - Naturpark Dahme-Heideseen","robots":{"index":"index","follow":"follow","max-snippet":"max-snippet:-1","max-image-preview":"max-image-preview:large","max-video-preview":"max-video-preview:-1"},"canonical":"https:\/\/www.naturparkmagazin.de\/dahme-heideseen\/oderin-briesen-20-000-jahre-landschaftsgeschichte-in-4-stunden\/","og_locale":"de_DE","og_type":"article","og_title":"20.000 Jahre Landschaftsgeschichte am 15. Oktober - Naturpark Dahme-Heideseen","og_description":"Oderin - Briesen: 20.000 Jahre Landschaftsgeschichte in 4 Stunden \/ Geologisch-Naturkundliche Wanderung mit Olaf Juschus am 15. Oktober","og_url":"https:\/\/www.naturparkmagazin.de\/dahme-heideseen\/oderin-briesen-20-000-jahre-landschaftsgeschichte-in-4-stunden\/","og_site_name":"Naturpark Dahme-Heideseen","article_published_time":"2017-09-15T11:15:17+00:00","article_modified_time":"2017-09-26T12:21:43+00:00","og_image":[{"width":640,"height":428,"url":"https:\/\/www.naturparkmagazin.de\/dahme-heideseen\/wp-content\/uploads\/sites\/37\/npdh_dahmetal_1_sonnenberg.jpg","type":"image\/jpeg"}],"author":"hanssonnenberg","twitter_misc":{"Verfasst von":"hanssonnenberg","Gesch\u00e4tzte Lesezeit":"1\u00a0Minute"},"schema":{"@context":"https:\/\/schema.org","@graph":[{"@type":"WebPage","@id":"https:\/\/www.naturparkmagazin.de\/dahme-heideseen\/oderin-briesen-20-000-jahre-landschaftsgeschichte-in-4-stunden\/","url":"https:\/\/www.naturparkmagazin.de\/dahme-heideseen\/oderin-briesen-20-000-jahre-landschaftsgeschichte-in-4-stunden\/","name":"20.000 Jahre Landschaftsgeschichte am 15. Oktober - Naturpark Dahme-Heideseen","isPartOf":{"@id":"https:\/\/www.naturparkmagazin.de\/dahme-heideseen\/#website"},"datePublished":"2017-09-15T11:15:17+00:00","dateModified":"2017-09-26T12:21:43+00:00","author":{"@id":"https:\/\/www.naturparkmagazin.de\/dahme-heideseen\/#\/schema\/person\/c81c96c3a1f5ee7bffff8b8022c105f0"},"breadcrumb":{"@id":"https:\/\/www.naturparkmagazin.de\/dahme-heideseen\/oderin-briesen-20-000-jahre-landschaftsgeschichte-in-4-stunden\/#breadcrumb"},"inLanguage":"de","potentialAction":[{"@type":"ReadAction","target":["https:\/\/www.naturparkmagazin.de\/dahme-heideseen\/oderin-briesen-20-000-jahre-landschaftsgeschichte-in-4-stunden\/"]}]},{"@type":"BreadcrumbList","@id":"https:\/\/www.naturparkmagazin.de\/dahme-heideseen\/oderin-briesen-20-000-jahre-landschaftsgeschichte-in-4-stunden\/#breadcrumb","itemListElement":[{"@type":"ListItem","position":1,"name":"Home","item":"https:\/\/www.naturparkmagazin.de\/dahme-heideseen\/"},{"@type":"ListItem","position":2,"name":"20.000 Jahre Landschaftsgeschichte am 15. Oktober"}]},{"@type":"WebSite","@id":"https:\/\/www.naturparkmagazin.de\/dahme-heideseen\/#website","url":"https:\/\/www.naturparkmagazin.de\/dahme-heideseen\/","name":"Naturpark Dahme-Heideseen","description":"","potentialAction":[{"@type":"SearchAction","target":{"@type":"EntryPoint","urlTemplate":"https:\/\/www.naturparkmagazin.de\/dahme-heideseen\/?s={search_term_string}"},"query-input":"required name=search_term_string"}],"inLanguage":"de"},{"@type":"Person","@id":"https:\/\/www.naturparkmagazin.de\/dahme-heideseen\/#\/schema\/person\/c81c96c3a1f5ee7bffff8b8022c105f0","name":"hanssonnenberg","url":"https:\/\/www.naturparkmagazin.de\/dahme-heideseen\/author\/hanssonnenberg\/"}]}},"_links":{"self":[{"href":"https:\/\/www.naturparkmagazin.de\/dahme-heideseen\/wp-json\/wp\/v2\/posts\/2122"}],"collection":[{"href":"https:\/\/www.naturparkmagazin.de\/dahme-heideseen\/wp-json\/wp\/v2\/posts"}],"about":[{"href":"https:\/\/www.naturparkmagazin.de\/dahme-heideseen\/wp-json\/wp\/v2\/types\/post"}],"author":[{"embeddable":true,"href":"https:\/\/www.naturparkmagazin.de\/dahme-heideseen\/wp-json\/wp\/v2\/users\/48"}],"replies":[{"embeddable":true,"href":"https:\/\/www.naturparkmagazin.de\/dahme-heideseen\/wp-json\/wp\/v2\/comments?post=2122"}],"version-history":[{"count":3,"href":"https:\/\/www.naturparkmagazin.de\/dahme-heideseen\/wp-json\/wp\/v2\/posts\/2122\/revisions"}],"predecessor-version":[{"id":2152,"href":"https:\/\/www.naturparkmagazin.de\/dahme-heideseen\/wp-json\/wp\/v2\/posts\/2122\/revisions\/2152"}],"wp:featuredmedia":[{"embeddable":true,"href":"https:\/\/www.naturparkmagazin.de\/dahme-heideseen\/wp-json\/wp\/v2\/media\/2123"}],"wp:attachment":[{"href":"https:\/\/www.naturparkmagazin.de\/dahme-heideseen\/wp-json\/wp\/v2\/media?parent=2122"}],"wp:term":[{"taxonomy":"category","embeddable":true,"href":"https:\/\/www.naturparkmagazin.de\/dahme-heideseen\/wp-json\/wp\/v2\/categories?post=2122"},{"taxonomy":"post_tag","embeddable":true,"href":"https:\/\/www.naturparkmagazin.de\/dahme-heideseen\/wp-json\/wp\/v2\/tags?post=2122"}],"curies":[{"name":"wp","href":"https:\/\/api.w.org\/{rel}","templated":true}]}}