{"id":2169,"date":"2017-10-13T11:39:35","date_gmt":"2017-10-13T09:39:35","guid":{"rendered":"http:\/\/www.naturparkmagazin.de\/dahme-heideseen\/?p=2169"},"modified":"2017-10-24T11:21:53","modified_gmt":"2017-10-24T09:21:53","slug":"dubrow-im-wandel-neue-ausstellung-im-naturpark-infopunkt","status":"publish","type":"post","link":"https:\/\/www.naturparkmagazin.de\/dahme-heideseen\/dubrow-im-wandel-neue-ausstellung-im-naturpark-infopunkt\/","title":{"rendered":"Dubrow im Wandel &#8211; Neue Ausstellung im Naturpark-Infopunkt"},"content":{"rendered":"<p>Eine neue Ausstellung im Infopunkt des Naturparks in Prieros erl\u00e4utert Werden und Ver\u00e4nderung der Dubrow im Verlauf der Jahrhunderte. Begleitend zur Ausstellung gibt es eine Rad- und Wanderroute in die Dubrow.<!--more--><\/p>\n<p>Die Dubrow \u2013 das ist das gro\u00dfe Waldgebiet bei Gr\u00e4bendorf im Naturpark Dahme- Heideseen. Der Name Dubrow kommt aus dem Slawischen und bedeutet Eiche. Die Dubrow hat seit Jahrhunderten immer wieder ihr Gesicht ver\u00e4ndert. Sie war und ist Jagdrevier, Erholungsgebiet und Naturreservat.<\/p>\n<p>Die Ausstellung im Infopunkt des Naturparks in Prieros erl\u00e4utert Werden und Ver\u00e4nderung der Dubrow im Verlauf der Jahrhunderte. Eine Diaschau mit historischen Aufnahmen begleitet Sie auf der Reise durch die Zeit.<\/p>\n<p>Eine 13 Kilomer lange Rundroute, erlebbar mit dem Rad oder zu Fu\u00df, f\u00fchrt Sie dann in die Dubrow. Entlang eines Lehrpfades sind an mehreren Stationen die Landschaftsver\u00e4nderungen sichtbar. Ein Blick durch &#8222;Landschaftsrahmen&#8220; zeigt genau die Motive, welche auf den historischen, zum Teil 100 Jahre alten Bildern zu sehen sind. Der Pfad f\u00fchrt auch zum Naturdenkmal Wildkeller am Forsthaus Dubrow und zur fast 600 j\u00e4hrigen K\u00f6nigseiche.<\/p>\n<p>&nbsp;<\/p>\n<p><strong>Ausstellung \u201eDie Dubrow im Wandel\u201c ab 6. Oktober 2017<\/strong><\/p>\n<p>Wochentags von 8:00\u201416:00 Uhr<\/p>\n<p>Wochenende auf Anfrage beim Naturpark oder bei DahmeRad<\/p>\n<p><a href=\"http:\/\/www.dahme-heideseen-naturpark.de\/erleben-lernen\/info-ausstellung\/ausstellung-die-dubrow-im-wandel\/\" target=\"_blank\">Infos zur Ausstellung<\/a><\/p>\n<div id=\"attachment_2132\" style=\"width: 630px\" class=\"wp-caption aligncenter\"><a href=\"https:\/\/www.naturparkmagazin.de\/dahme-heideseen\/wp-content\/uploads\/sites\/37\/npdh_K\u00f6nigseiche_neujahr.jpg\"><img aria-describedby=\"caption-attachment-2132\" decoding=\"async\" loading=\"lazy\" class=\"size-medium wp-image-2132\" src=\"https:\/\/www.naturparkmagazin.de\/dahme-heideseen\/wp-content\/uploads\/sites\/37\/npdh_K\u00f6nigseiche_neujahr-620x465.jpg\" alt=\"Die K\u00f6nigseiche - ein Baum in Ver\u00e4nderung (Bild Neujahr)\" width=\"620\" height=\"465\" srcset=\"https:\/\/www.naturparkmagazin.de\/dahme-heideseen\/wp-content\/uploads\/sites\/37\/npdh_K\u00f6nigseiche_neujahr-620x465.jpg 620w, https:\/\/www.naturparkmagazin.de\/dahme-heideseen\/wp-content\/uploads\/sites\/37\/npdh_K\u00f6nigseiche_neujahr-300x225.jpg 300w, https:\/\/www.naturparkmagazin.de\/dahme-heideseen\/wp-content\/uploads\/sites\/37\/npdh_K\u00f6nigseiche_neujahr-580x435.jpg 580w, https:\/\/www.naturparkmagazin.de\/dahme-heideseen\/wp-content\/uploads\/sites\/37\/npdh_K\u00f6nigseiche_neujahr-420x315.jpg 420w, https:\/\/www.naturparkmagazin.de\/dahme-heideseen\/wp-content\/uploads\/sites\/37\/npdh_K\u00f6nigseiche_neujahr-180x135.jpg 180w, https:\/\/www.naturparkmagazin.de\/dahme-heideseen\/wp-content\/uploads\/sites\/37\/npdh_K\u00f6nigseiche_neujahr-95x71.jpg 95w, https:\/\/www.naturparkmagazin.de\/dahme-heideseen\/wp-content\/uploads\/sites\/37\/npdh_K\u00f6nigseiche_neujahr-200x150.jpg 200w, https:\/\/www.naturparkmagazin.de\/dahme-heideseen\/wp-content\/uploads\/sites\/37\/npdh_K\u00f6nigseiche_neujahr.jpg 640w\" sizes=\"(max-width: 620px) 100vw, 620px\" \/><\/a><p id=\"caption-attachment-2132\" class=\"wp-caption-text\">Die K\u00f6nigseiche &#8211; ein Baum in Ver\u00e4nderung (Bild Neujahr)<\/p><\/div>\n<p>Kontakt:<\/p>\n<p><strong>Naturpark Dahme-Heideseen<\/strong><\/p>\n<p>Arnold-Breithor-Stra\u00dfe 8, 15754 Heidesee, OT Prieros<\/p>\n<p><span class=\"accessibility\">Telefon <\/span>+49(0)33768 969 0<\/p>\n<section id=\"c1737\" class=\"ce snmlugv_pi3\">\n<dl class=\"contact\">\n<dt class=\"mail\"><span class=\"accessibility\">E-Mail <\/span><a href=\"http:\/\/www.dahme-heideseen-naturpark.de\/service\/kontakt\/?tx_snmlugv_pi6%5Bcontact%5D=5409&amp;tx_snmlugv_pi6%5Bcblock%5D=1\">np-dahmeheideseen@ lfu.brandenburg.de<\/a><\/dt>\n<dt class=\"mail\"><\/dt>\n<\/dl>\n<section id=\"c1737\" class=\"ce snmlugv_pi3\"><strong>DahmeRad &#8211; Fahrradvermietung direkt am Naturpark-Infopunkt in Prieros<\/strong>15754 Heidesee,Arnold-Breithor-Stra\u00dfe 8, Naturpark-Infopunkt<\/p>\n<dl class=\"contact\">\n<dt class=\"phone\"><span class=\"accessibility\">Telefon <\/span>+49(0)152 08807692<\/dt>\n<dt class=\"mail\"><span class=\"accessibility\">E-Mail <\/span><a href=\"http:\/\/www.dahme-heideseen-naturpark.de\/service\/kontakt\/?tx_snmlugv_pi6%5Bcontact%5D=5410&amp;tx_snmlugv_pi6%5Bcblock%5D=1\">info@dahmerad.de<\/a><\/dt>\n<dt class=\"www\"><span class=\"accessibility\">Internet <\/span><a href=\"http:\/\/www.dahmerad.de\" target=\"_blank\">www.dahmerad.de<\/a><\/dt>\n<dt class=\"www\"><\/dt>\n<\/dl>\n<\/section>\n<\/section>\n","protected":false},"excerpt":{"rendered":"<p>Eine neue Ausstellung im Infopunkt des Naturparks in Prieros erl\u00e4utert Werden und Ver\u00e4nderung der Dubrow im Verlauf der Jahrhunderte. Begleitend gibt es eine Rad- und Wanderroute in die Dubrow.<\/p>\n","protected":false},"author":48,"featured_media":2132,"comment_status":"open","ping_status":"open","sticky":false,"template":"","format":"standard","meta":[],"categories":[7,11],"tags":[],"yoast_head":"<!-- This site is optimized with the Yoast SEO plugin v19.10 - https:\/\/yoast.com\/wordpress\/plugins\/seo\/ -->\n<title>Dubrow im Wandel - Neue Ausstellung im Naturpark-Infopunkt - Naturpark Dahme-Heideseen<\/title>\n<meta name=\"robots\" content=\"index, follow, max-snippet:-1, max-image-preview:large, max-video-preview:-1\" \/>\n<link rel=\"canonical\" href=\"https:\/\/www.naturparkmagazin.de\/dahme-heideseen\/dubrow-im-wandel-neue-ausstellung-im-naturpark-infopunkt\/\" \/>\n<meta property=\"og:locale\" content=\"de_DE\" \/>\n<meta property=\"og:type\" content=\"article\" \/>\n<meta property=\"og:title\" content=\"Dubrow im Wandel - Neue Ausstellung im Naturpark-Infopunkt - Naturpark Dahme-Heideseen\" \/>\n<meta property=\"og:description\" content=\"Eine neue Ausstellung im Infopunkt des Naturparks in Prieros erl\u00e4utert Werden und Ver\u00e4nderung der Dubrow im Verlauf der Jahrhunderte. Begleitend gibt es eine Rad- und Wanderroute in die Dubrow.\" \/>\n<meta property=\"og:url\" content=\"https:\/\/www.naturparkmagazin.de\/dahme-heideseen\/dubrow-im-wandel-neue-ausstellung-im-naturpark-infopunkt\/\" \/>\n<meta property=\"og:site_name\" content=\"Naturpark Dahme-Heideseen\" \/>\n<meta property=\"article:published_time\" content=\"2017-10-13T09:39:35+00:00\" \/>\n<meta property=\"article:modified_time\" content=\"2017-10-24T09:21:53+00:00\" \/>\n<meta property=\"og:image\" content=\"https:\/\/www.naturparkmagazin.de\/dahme-heideseen\/wp-content\/uploads\/sites\/37\/npdh_K\u00f6nigseiche_neujahr.jpg\" \/>\n\t<meta property=\"og:image:width\" content=\"640\" \/>\n\t<meta property=\"og:image:height\" content=\"480\" \/>\n\t<meta property=\"og:image:type\" content=\"image\/jpeg\" \/>\n<meta name=\"author\" content=\"hanssonnenberg\" \/>\n<meta name=\"twitter:label1\" content=\"Verfasst von\" \/>\n\t<meta name=\"twitter:data1\" content=\"hanssonnenberg\" \/>\n\t<meta name=\"twitter:label2\" content=\"Gesch\u00e4tzte Lesezeit\" \/>\n\t<meta name=\"twitter:data2\" content=\"1\u00a0Minute\" \/>\n<script type=\"application\/ld+json\" class=\"yoast-schema-graph\">{\"@context\":\"https:\/\/schema.org\",\"@graph\":[{\"@type\":\"WebPage\",\"@id\":\"https:\/\/www.naturparkmagazin.de\/dahme-heideseen\/dubrow-im-wandel-neue-ausstellung-im-naturpark-infopunkt\/\",\"url\":\"https:\/\/www.naturparkmagazin.de\/dahme-heideseen\/dubrow-im-wandel-neue-ausstellung-im-naturpark-infopunkt\/\",\"name\":\"Dubrow im Wandel - Neue Ausstellung im Naturpark-Infopunkt - Naturpark Dahme-Heideseen\",\"isPartOf\":{\"@id\":\"https:\/\/www.naturparkmagazin.de\/dahme-heideseen\/#website\"},\"datePublished\":\"2017-10-13T09:39:35+00:00\",\"dateModified\":\"2017-10-24T09:21:53+00:00\",\"author\":{\"@id\":\"https:\/\/www.naturparkmagazin.de\/dahme-heideseen\/#\/schema\/person\/c81c96c3a1f5ee7bffff8b8022c105f0\"},\"breadcrumb\":{\"@id\":\"https:\/\/www.naturparkmagazin.de\/dahme-heideseen\/dubrow-im-wandel-neue-ausstellung-im-naturpark-infopunkt\/#breadcrumb\"},\"inLanguage\":\"de\",\"potentialAction\":[{\"@type\":\"ReadAction\",\"target\":[\"https:\/\/www.naturparkmagazin.de\/dahme-heideseen\/dubrow-im-wandel-neue-ausstellung-im-naturpark-infopunkt\/\"]}]},{\"@type\":\"BreadcrumbList\",\"@id\":\"https:\/\/www.naturparkmagazin.de\/dahme-heideseen\/dubrow-im-wandel-neue-ausstellung-im-naturpark-infopunkt\/#breadcrumb\",\"itemListElement\":[{\"@type\":\"ListItem\",\"position\":1,\"name\":\"Home\",\"item\":\"https:\/\/www.naturparkmagazin.de\/dahme-heideseen\/\"},{\"@type\":\"ListItem\",\"position\":2,\"name\":\"Dubrow im Wandel &#8211; Neue Ausstellung im Naturpark-Infopunkt\"}]},{\"@type\":\"WebSite\",\"@id\":\"https:\/\/www.naturparkmagazin.de\/dahme-heideseen\/#website\",\"url\":\"https:\/\/www.naturparkmagazin.de\/dahme-heideseen\/\",\"name\":\"Naturpark Dahme-Heideseen\",\"description\":\"\",\"potentialAction\":[{\"@type\":\"SearchAction\",\"target\":{\"@type\":\"EntryPoint\",\"urlTemplate\":\"https:\/\/www.naturparkmagazin.de\/dahme-heideseen\/?s={search_term_string}\"},\"query-input\":\"required name=search_term_string\"}],\"inLanguage\":\"de\"},{\"@type\":\"Person\",\"@id\":\"https:\/\/www.naturparkmagazin.de\/dahme-heideseen\/#\/schema\/person\/c81c96c3a1f5ee7bffff8b8022c105f0\",\"name\":\"hanssonnenberg\",\"url\":\"https:\/\/www.naturparkmagazin.de\/dahme-heideseen\/author\/hanssonnenberg\/\"}]}<\/script>\n<!-- \/ Yoast SEO plugin. -->","yoast_head_json":{"title":"Dubrow im Wandel - Neue Ausstellung im Naturpark-Infopunkt - Naturpark Dahme-Heideseen","robots":{"index":"index","follow":"follow","max-snippet":"max-snippet:-1","max-image-preview":"max-image-preview:large","max-video-preview":"max-video-preview:-1"},"canonical":"https:\/\/www.naturparkmagazin.de\/dahme-heideseen\/dubrow-im-wandel-neue-ausstellung-im-naturpark-infopunkt\/","og_locale":"de_DE","og_type":"article","og_title":"Dubrow im Wandel - Neue Ausstellung im Naturpark-Infopunkt - Naturpark Dahme-Heideseen","og_description":"Eine neue Ausstellung im Infopunkt des Naturparks in Prieros erl\u00e4utert Werden und Ver\u00e4nderung der Dubrow im Verlauf der Jahrhunderte. Begleitend gibt es eine Rad- und Wanderroute in die Dubrow.","og_url":"https:\/\/www.naturparkmagazin.de\/dahme-heideseen\/dubrow-im-wandel-neue-ausstellung-im-naturpark-infopunkt\/","og_site_name":"Naturpark Dahme-Heideseen","article_published_time":"2017-10-13T09:39:35+00:00","article_modified_time":"2017-10-24T09:21:53+00:00","og_image":[{"width":640,"height":480,"url":"https:\/\/www.naturparkmagazin.de\/dahme-heideseen\/wp-content\/uploads\/sites\/37\/npdh_K\u00f6nigseiche_neujahr.jpg","type":"image\/jpeg"}],"author":"hanssonnenberg","twitter_misc":{"Verfasst von":"hanssonnenberg","Gesch\u00e4tzte Lesezeit":"1\u00a0Minute"},"schema":{"@context":"https:\/\/schema.org","@graph":[{"@type":"WebPage","@id":"https:\/\/www.naturparkmagazin.de\/dahme-heideseen\/dubrow-im-wandel-neue-ausstellung-im-naturpark-infopunkt\/","url":"https:\/\/www.naturparkmagazin.de\/dahme-heideseen\/dubrow-im-wandel-neue-ausstellung-im-naturpark-infopunkt\/","name":"Dubrow im Wandel - Neue Ausstellung im Naturpark-Infopunkt - Naturpark Dahme-Heideseen","isPartOf":{"@id":"https:\/\/www.naturparkmagazin.de\/dahme-heideseen\/#website"},"datePublished":"2017-10-13T09:39:35+00:00","dateModified":"2017-10-24T09:21:53+00:00","author":{"@id":"https:\/\/www.naturparkmagazin.de\/dahme-heideseen\/#\/schema\/person\/c81c96c3a1f5ee7bffff8b8022c105f0"},"breadcrumb":{"@id":"https:\/\/www.naturparkmagazin.de\/dahme-heideseen\/dubrow-im-wandel-neue-ausstellung-im-naturpark-infopunkt\/#breadcrumb"},"inLanguage":"de","potentialAction":[{"@type":"ReadAction","target":["https:\/\/www.naturparkmagazin.de\/dahme-heideseen\/dubrow-im-wandel-neue-ausstellung-im-naturpark-infopunkt\/"]}]},{"@type":"BreadcrumbList","@id":"https:\/\/www.naturparkmagazin.de\/dahme-heideseen\/dubrow-im-wandel-neue-ausstellung-im-naturpark-infopunkt\/#breadcrumb","itemListElement":[{"@type":"ListItem","position":1,"name":"Home","item":"https:\/\/www.naturparkmagazin.de\/dahme-heideseen\/"},{"@type":"ListItem","position":2,"name":"Dubrow im Wandel &#8211; Neue Ausstellung im Naturpark-Infopunkt"}]},{"@type":"WebSite","@id":"https:\/\/www.naturparkmagazin.de\/dahme-heideseen\/#website","url":"https:\/\/www.naturparkmagazin.de\/dahme-heideseen\/","name":"Naturpark Dahme-Heideseen","description":"","potentialAction":[{"@type":"SearchAction","target":{"@type":"EntryPoint","urlTemplate":"https:\/\/www.naturparkmagazin.de\/dahme-heideseen\/?s={search_term_string}"},"query-input":"required name=search_term_string"}],"inLanguage":"de"},{"@type":"Person","@id":"https:\/\/www.naturparkmagazin.de\/dahme-heideseen\/#\/schema\/person\/c81c96c3a1f5ee7bffff8b8022c105f0","name":"hanssonnenberg","url":"https:\/\/www.naturparkmagazin.de\/dahme-heideseen\/author\/hanssonnenberg\/"}]}},"_links":{"self":[{"href":"https:\/\/www.naturparkmagazin.de\/dahme-heideseen\/wp-json\/wp\/v2\/posts\/2169"}],"collection":[{"href":"https:\/\/www.naturparkmagazin.de\/dahme-heideseen\/wp-json\/wp\/v2\/posts"}],"about":[{"href":"https:\/\/www.naturparkmagazin.de\/dahme-heideseen\/wp-json\/wp\/v2\/types\/post"}],"author":[{"embeddable":true,"href":"https:\/\/www.naturparkmagazin.de\/dahme-heideseen\/wp-json\/wp\/v2\/users\/48"}],"replies":[{"embeddable":true,"href":"https:\/\/www.naturparkmagazin.de\/dahme-heideseen\/wp-json\/wp\/v2\/comments?post=2169"}],"version-history":[{"count":3,"href":"https:\/\/www.naturparkmagazin.de\/dahme-heideseen\/wp-json\/wp\/v2\/posts\/2169\/revisions"}],"predecessor-version":[{"id":2188,"href":"https:\/\/www.naturparkmagazin.de\/dahme-heideseen\/wp-json\/wp\/v2\/posts\/2169\/revisions\/2188"}],"wp:featuredmedia":[{"embeddable":true,"href":"https:\/\/www.naturparkmagazin.de\/dahme-heideseen\/wp-json\/wp\/v2\/media\/2132"}],"wp:attachment":[{"href":"https:\/\/www.naturparkmagazin.de\/dahme-heideseen\/wp-json\/wp\/v2\/media?parent=2169"}],"wp:term":[{"taxonomy":"category","embeddable":true,"href":"https:\/\/www.naturparkmagazin.de\/dahme-heideseen\/wp-json\/wp\/v2\/categories?post=2169"},{"taxonomy":"post_tag","embeddable":true,"href":"https:\/\/www.naturparkmagazin.de\/dahme-heideseen\/wp-json\/wp\/v2\/tags?post=2169"}],"curies":[{"name":"wp","href":"https:\/\/api.w.org\/{rel}","templated":true}]}}