{"id":2171,"date":"2017-10-13T12:34:11","date_gmt":"2017-10-13T10:34:11","guid":{"rendered":"http:\/\/www.naturparkmagazin.de\/dahme-heideseen\/?p=2171"},"modified":"2017-10-24T11:28:05","modified_gmt":"2017-10-24T09:28:05","slug":"du-und-dein-garten-im-naturpark-obstbaumschnitt","status":"publish","type":"post","link":"https:\/\/www.naturparkmagazin.de\/dahme-heideseen\/du-und-dein-garten-im-naturpark-obstbaumschnitt\/","title":{"rendered":"\u201eDu und Dein Garten im Naturpark\u201c &#8211; Obstbaumschnitt am 4. November"},"content":{"rendered":"<p>Das BIZ des Naturparks Dahme-Heideseen pr\u00e4sentiert die Veranstaltungsreihe \u201eDu und Dein Garten im Naturpark\u201c<!--more--><\/p>\n<p>Termin: 04.11.2017 &#8211; 11:00 Uhr bis 15:00 Uhr<\/p>\n<p>Das BIZ des Naturparks Dahme-Heideseen pr\u00e4sentiert die Veranstaltungsreihe \u201eDu und Dein Garten im Naturpark\u201c<\/p>\n<p>Neu gepflanzte B\u00e4ume richtig erziehen, alte Obstb\u00e4ume gesund und ertragreich erhalten, Beerenobst und Zierstr\u00e4ucher richtig schneiden: das ist eine Kunst, die einiges an Wissen, Erfahrung und Beobachtungsgabe voraussetzt. In diesem Kurs soll das Grundwissen \u00fcber das richtige Werkzeug sowie die wichtigsten Schnittregeln und Schnitttechniken vermittelt werden. Im nahegelegenen Biohof Busch besteht die M\u00f6glichkeit einen Mittagsimbiss einzunehmen (Anmeldung)<\/p>\n<p>Referent: Franz Heitzendorfer, Biogarten Prieros<\/p>\n<h3>Preis 5 \u20ac<\/h3>\n<div id=\"attachment_2172\" style=\"width: 630px\" class=\"wp-caption aligncenter\"><a href=\"https:\/\/www.naturparkmagazin.de\/dahme-heideseen\/wp-content\/uploads\/sites\/37\/npdh_Quitten_sonnenberg.jpg\"><img aria-describedby=\"caption-attachment-2172\" decoding=\"async\" loading=\"lazy\" class=\"size-medium wp-image-2172\" src=\"https:\/\/www.naturparkmagazin.de\/dahme-heideseen\/wp-content\/uploads\/sites\/37\/npdh_Quitten_sonnenberg-620x416.jpg\" alt=\"Fr\u00fcchte am Obstbaum (Hans Sonnenberg)\" width=\"620\" height=\"416\" srcset=\"https:\/\/www.naturparkmagazin.de\/dahme-heideseen\/wp-content\/uploads\/sites\/37\/npdh_Quitten_sonnenberg-620x416.jpg 620w, https:\/\/www.naturparkmagazin.de\/dahme-heideseen\/wp-content\/uploads\/sites\/37\/npdh_Quitten_sonnenberg-300x201.jpg 300w, https:\/\/www.naturparkmagazin.de\/dahme-heideseen\/wp-content\/uploads\/sites\/37\/npdh_Quitten_sonnenberg-200x134.jpg 200w, https:\/\/www.naturparkmagazin.de\/dahme-heideseen\/wp-content\/uploads\/sites\/37\/npdh_Quitten_sonnenberg.jpg 640w\" sizes=\"(max-width: 620px) 100vw, 620px\" \/><\/a><p id=\"caption-attachment-2172\" class=\"wp-caption-text\">Fr\u00fcchte am Obstbaum (Hans Sonnenberg)<\/p><\/div>\n<h3>Veranstaltungsort<\/h3>\n<p class=\"accessibility\"><strong>Storkow (Mark) (15859)<\/strong>\nStreuobstwiese zwischen Buch und Klei-Schauen\n15859 Storkow (Mark)<\/p>\n<h3>Veranstalter<\/h3>\n<p><strong>BIZ Burg Storkow<\/strong>\nFranziska Kreis\nSchlosstra\u00dfe 6\n15859 Storkow (Mark)<\/p>\n<dl class=\"contact\">\n<dt class=\"phone\"><span class=\"accessibility\">Telefon <\/span>+49 (0) 033678 73108<\/dt>\n<dt class=\"mail\"><span class=\"accessibility\">E-Mail <\/span><a href=\"http:\/\/www.dahme-heideseen-naturpark.de\/service\/kontakt\/?tx_snmlugv_pi6%5Bcontact%5D=5836&amp;tx_snmlugv_pi6%5Bdate%5D=1\">besucherzentrum(at)storkow(dot)de <\/a><\/dt>\n<dt class=\"www\"><span class=\"accessibility\">Internet <\/span><a href=\"http:\/\/www.storkow.de\" target=\"_blank\">www.storkow.de<\/a><\/dt>\n<dt class=\"www\"><\/dt>\n<\/dl>\n","protected":false},"excerpt":{"rendered":"<p>In diesem Kurs wird das Grundwissen \u00fcber das richtige Werkzeug sowie die wichtigsten Schnittregeln und Schnitttechniken vermittelt.<\/p>\n","protected":false},"author":48,"featured_media":2172,"comment_status":"open","ping_status":"open","sticky":false,"template":"","format":"standard","meta":[],"categories":[11],"tags":[],"yoast_head":"<!-- This site is optimized with the Yoast SEO plugin v19.10 - https:\/\/yoast.com\/wordpress\/plugins\/seo\/ -->\n<title>\u201eDu und Dein Garten im Naturpark\u201c - Obstbaumschnitt am 4. November - Naturpark Dahme-Heideseen<\/title>\n<meta name=\"robots\" content=\"index, follow, max-snippet:-1, max-image-preview:large, max-video-preview:-1\" \/>\n<link rel=\"canonical\" href=\"https:\/\/www.naturparkmagazin.de\/dahme-heideseen\/du-und-dein-garten-im-naturpark-obstbaumschnitt\/\" \/>\n<meta property=\"og:locale\" content=\"de_DE\" \/>\n<meta property=\"og:type\" content=\"article\" \/>\n<meta property=\"og:title\" content=\"\u201eDu und Dein Garten im Naturpark\u201c - Obstbaumschnitt am 4. November - Naturpark Dahme-Heideseen\" \/>\n<meta property=\"og:description\" content=\"In diesem Kurs wird das Grundwissen \u00fcber das richtige Werkzeug sowie die wichtigsten Schnittregeln und Schnitttechniken vermittelt.\" \/>\n<meta property=\"og:url\" content=\"https:\/\/www.naturparkmagazin.de\/dahme-heideseen\/du-und-dein-garten-im-naturpark-obstbaumschnitt\/\" \/>\n<meta property=\"og:site_name\" content=\"Naturpark Dahme-Heideseen\" \/>\n<meta property=\"article:published_time\" content=\"2017-10-13T10:34:11+00:00\" \/>\n<meta property=\"article:modified_time\" content=\"2017-10-24T09:28:05+00:00\" \/>\n<meta property=\"og:image\" content=\"https:\/\/www.naturparkmagazin.de\/dahme-heideseen\/wp-content\/uploads\/sites\/37\/npdh_Quitten_sonnenberg.jpg\" \/>\n\t<meta property=\"og:image:width\" content=\"640\" \/>\n\t<meta property=\"og:image:height\" content=\"429\" \/>\n\t<meta property=\"og:image:type\" content=\"image\/jpeg\" \/>\n<meta name=\"author\" content=\"hanssonnenberg\" \/>\n<meta name=\"twitter:label1\" content=\"Verfasst von\" \/>\n\t<meta name=\"twitter:data1\" content=\"hanssonnenberg\" \/>\n\t<meta name=\"twitter:label2\" content=\"Gesch\u00e4tzte Lesezeit\" \/>\n\t<meta name=\"twitter:data2\" content=\"1\u00a0Minute\" \/>\n<script type=\"application\/ld+json\" class=\"yoast-schema-graph\">{\"@context\":\"https:\/\/schema.org\",\"@graph\":[{\"@type\":\"WebPage\",\"@id\":\"https:\/\/www.naturparkmagazin.de\/dahme-heideseen\/du-und-dein-garten-im-naturpark-obstbaumschnitt\/\",\"url\":\"https:\/\/www.naturparkmagazin.de\/dahme-heideseen\/du-und-dein-garten-im-naturpark-obstbaumschnitt\/\",\"name\":\"\u201eDu und Dein Garten im Naturpark\u201c - Obstbaumschnitt am 4. November - Naturpark Dahme-Heideseen\",\"isPartOf\":{\"@id\":\"https:\/\/www.naturparkmagazin.de\/dahme-heideseen\/#website\"},\"datePublished\":\"2017-10-13T10:34:11+00:00\",\"dateModified\":\"2017-10-24T09:28:05+00:00\",\"author\":{\"@id\":\"https:\/\/www.naturparkmagazin.de\/dahme-heideseen\/#\/schema\/person\/c81c96c3a1f5ee7bffff8b8022c105f0\"},\"breadcrumb\":{\"@id\":\"https:\/\/www.naturparkmagazin.de\/dahme-heideseen\/du-und-dein-garten-im-naturpark-obstbaumschnitt\/#breadcrumb\"},\"inLanguage\":\"de\",\"potentialAction\":[{\"@type\":\"ReadAction\",\"target\":[\"https:\/\/www.naturparkmagazin.de\/dahme-heideseen\/du-und-dein-garten-im-naturpark-obstbaumschnitt\/\"]}]},{\"@type\":\"BreadcrumbList\",\"@id\":\"https:\/\/www.naturparkmagazin.de\/dahme-heideseen\/du-und-dein-garten-im-naturpark-obstbaumschnitt\/#breadcrumb\",\"itemListElement\":[{\"@type\":\"ListItem\",\"position\":1,\"name\":\"Home\",\"item\":\"https:\/\/www.naturparkmagazin.de\/dahme-heideseen\/\"},{\"@type\":\"ListItem\",\"position\":2,\"name\":\"\u201eDu und Dein Garten im Naturpark\u201c &#8211; Obstbaumschnitt am 4. November\"}]},{\"@type\":\"WebSite\",\"@id\":\"https:\/\/www.naturparkmagazin.de\/dahme-heideseen\/#website\",\"url\":\"https:\/\/www.naturparkmagazin.de\/dahme-heideseen\/\",\"name\":\"Naturpark Dahme-Heideseen\",\"description\":\"\",\"potentialAction\":[{\"@type\":\"SearchAction\",\"target\":{\"@type\":\"EntryPoint\",\"urlTemplate\":\"https:\/\/www.naturparkmagazin.de\/dahme-heideseen\/?s={search_term_string}\"},\"query-input\":\"required name=search_term_string\"}],\"inLanguage\":\"de\"},{\"@type\":\"Person\",\"@id\":\"https:\/\/www.naturparkmagazin.de\/dahme-heideseen\/#\/schema\/person\/c81c96c3a1f5ee7bffff8b8022c105f0\",\"name\":\"hanssonnenberg\",\"url\":\"https:\/\/www.naturparkmagazin.de\/dahme-heideseen\/author\/hanssonnenberg\/\"}]}<\/script>\n<!-- \/ Yoast SEO plugin. -->","yoast_head_json":{"title":"\u201eDu und Dein Garten im Naturpark\u201c - Obstbaumschnitt am 4. November - Naturpark Dahme-Heideseen","robots":{"index":"index","follow":"follow","max-snippet":"max-snippet:-1","max-image-preview":"max-image-preview:large","max-video-preview":"max-video-preview:-1"},"canonical":"https:\/\/www.naturparkmagazin.de\/dahme-heideseen\/du-und-dein-garten-im-naturpark-obstbaumschnitt\/","og_locale":"de_DE","og_type":"article","og_title":"\u201eDu und Dein Garten im Naturpark\u201c - Obstbaumschnitt am 4. November - Naturpark Dahme-Heideseen","og_description":"In diesem Kurs wird das Grundwissen \u00fcber das richtige Werkzeug sowie die wichtigsten Schnittregeln und Schnitttechniken vermittelt.","og_url":"https:\/\/www.naturparkmagazin.de\/dahme-heideseen\/du-und-dein-garten-im-naturpark-obstbaumschnitt\/","og_site_name":"Naturpark Dahme-Heideseen","article_published_time":"2017-10-13T10:34:11+00:00","article_modified_time":"2017-10-24T09:28:05+00:00","og_image":[{"width":640,"height":429,"url":"https:\/\/www.naturparkmagazin.de\/dahme-heideseen\/wp-content\/uploads\/sites\/37\/npdh_Quitten_sonnenberg.jpg","type":"image\/jpeg"}],"author":"hanssonnenberg","twitter_misc":{"Verfasst von":"hanssonnenberg","Gesch\u00e4tzte Lesezeit":"1\u00a0Minute"},"schema":{"@context":"https:\/\/schema.org","@graph":[{"@type":"WebPage","@id":"https:\/\/www.naturparkmagazin.de\/dahme-heideseen\/du-und-dein-garten-im-naturpark-obstbaumschnitt\/","url":"https:\/\/www.naturparkmagazin.de\/dahme-heideseen\/du-und-dein-garten-im-naturpark-obstbaumschnitt\/","name":"\u201eDu und Dein Garten im Naturpark\u201c - Obstbaumschnitt am 4. November - Naturpark Dahme-Heideseen","isPartOf":{"@id":"https:\/\/www.naturparkmagazin.de\/dahme-heideseen\/#website"},"datePublished":"2017-10-13T10:34:11+00:00","dateModified":"2017-10-24T09:28:05+00:00","author":{"@id":"https:\/\/www.naturparkmagazin.de\/dahme-heideseen\/#\/schema\/person\/c81c96c3a1f5ee7bffff8b8022c105f0"},"breadcrumb":{"@id":"https:\/\/www.naturparkmagazin.de\/dahme-heideseen\/du-und-dein-garten-im-naturpark-obstbaumschnitt\/#breadcrumb"},"inLanguage":"de","potentialAction":[{"@type":"ReadAction","target":["https:\/\/www.naturparkmagazin.de\/dahme-heideseen\/du-und-dein-garten-im-naturpark-obstbaumschnitt\/"]}]},{"@type":"BreadcrumbList","@id":"https:\/\/www.naturparkmagazin.de\/dahme-heideseen\/du-und-dein-garten-im-naturpark-obstbaumschnitt\/#breadcrumb","itemListElement":[{"@type":"ListItem","position":1,"name":"Home","item":"https:\/\/www.naturparkmagazin.de\/dahme-heideseen\/"},{"@type":"ListItem","position":2,"name":"\u201eDu und Dein Garten im Naturpark\u201c &#8211; Obstbaumschnitt am 4. November"}]},{"@type":"WebSite","@id":"https:\/\/www.naturparkmagazin.de\/dahme-heideseen\/#website","url":"https:\/\/www.naturparkmagazin.de\/dahme-heideseen\/","name":"Naturpark Dahme-Heideseen","description":"","potentialAction":[{"@type":"SearchAction","target":{"@type":"EntryPoint","urlTemplate":"https:\/\/www.naturparkmagazin.de\/dahme-heideseen\/?s={search_term_string}"},"query-input":"required name=search_term_string"}],"inLanguage":"de"},{"@type":"Person","@id":"https:\/\/www.naturparkmagazin.de\/dahme-heideseen\/#\/schema\/person\/c81c96c3a1f5ee7bffff8b8022c105f0","name":"hanssonnenberg","url":"https:\/\/www.naturparkmagazin.de\/dahme-heideseen\/author\/hanssonnenberg\/"}]}},"_links":{"self":[{"href":"https:\/\/www.naturparkmagazin.de\/dahme-heideseen\/wp-json\/wp\/v2\/posts\/2171"}],"collection":[{"href":"https:\/\/www.naturparkmagazin.de\/dahme-heideseen\/wp-json\/wp\/v2\/posts"}],"about":[{"href":"https:\/\/www.naturparkmagazin.de\/dahme-heideseen\/wp-json\/wp\/v2\/types\/post"}],"author":[{"embeddable":true,"href":"https:\/\/www.naturparkmagazin.de\/dahme-heideseen\/wp-json\/wp\/v2\/users\/48"}],"replies":[{"embeddable":true,"href":"https:\/\/www.naturparkmagazin.de\/dahme-heideseen\/wp-json\/wp\/v2\/comments?post=2171"}],"version-history":[{"count":5,"href":"https:\/\/www.naturparkmagazin.de\/dahme-heideseen\/wp-json\/wp\/v2\/posts\/2171\/revisions"}],"predecessor-version":[{"id":2191,"href":"https:\/\/www.naturparkmagazin.de\/dahme-heideseen\/wp-json\/wp\/v2\/posts\/2171\/revisions\/2191"}],"wp:featuredmedia":[{"embeddable":true,"href":"https:\/\/www.naturparkmagazin.de\/dahme-heideseen\/wp-json\/wp\/v2\/media\/2172"}],"wp:attachment":[{"href":"https:\/\/www.naturparkmagazin.de\/dahme-heideseen\/wp-json\/wp\/v2\/media?parent=2171"}],"wp:term":[{"taxonomy":"category","embeddable":true,"href":"https:\/\/www.naturparkmagazin.de\/dahme-heideseen\/wp-json\/wp\/v2\/categories?post=2171"},{"taxonomy":"post_tag","embeddable":true,"href":"https:\/\/www.naturparkmagazin.de\/dahme-heideseen\/wp-json\/wp\/v2\/tags?post=2171"}],"curies":[{"name":"wp","href":"https:\/\/api.w.org\/{rel}","templated":true}]}}