{"id":219,"date":"2013-11-01T11:15:06","date_gmt":"2013-11-01T09:15:06","guid":{"rendered":"http:\/\/www.naturparkmagazin.de\/dahme-heideseen\/?p=219"},"modified":"2013-11-06T19:01:35","modified_gmt":"2013-11-06T17:01:35","slug":"liebe-leserin-lieber-leser","status":"publish","type":"post","link":"https:\/\/www.naturparkmagazin.de\/dahme-heideseen\/liebe-leserin-lieber-leser\/","title":{"rendered":"Liebe Leserin, lieber Leser!"},"content":{"rendered":"<p>Es ist November. Die Sommerzeit ist zu Ende. Es wird schneller dunkel. Es wird kalt.\u00a0 Die Natur und wir ziehen uns zur\u00fcck. Stimmt nicht! Die Natur bereitet sich mit voller Kraft auf das kommende Fr\u00fchjahr vor. Alles ist schon angelegt: die Bl\u00fcten der Zwiebelgew\u00e4chse im Waldboden, die Knospen der B\u00e4ume und Str\u00e4ucher.<\/p>\n<p>Und wir? Gerade jetzt lohnt ein Ausflug, als Wanderung oder Radtour durch W\u00e4lder, vorbei an Seen und Wiesen. Mit und nach dem Laubfall gibt es zur Zeit viel intensivere Natureindr\u00fccke als im sattgr\u00fcnen Sommer. Das Bild vom Oderiner See habe ich zum Beispiel gestern &#8211; da hatten wir noch Oktober &#8211;\u00a0 bei einer Radtour mit dem Handy &#8222;festgehalten&#8220;.<\/p>\n<p>F\u00fcr den Naturschutz wird es jetzt auch nicht \u201eruhiger\u201c. Eins\u00e4tze f\u00fcr die Erhaltung und Wiederherstellung seltener Biotope mit ihren besonderen Pflanzen werden jetzt angegangen. \u00a0Besonders stolz sind wir, dass mit dem Start des europ\u00e4ischen Life-Naturschutzprojekts \u201eSandrasen im Dahme-Seengebiet\u201c, die f\u00fcr uns so bedeutsamen Trockenrasen intensiv betreut werden k\u00f6nnen.<\/p>\n<p>Viel Spa\u00df beim Lesen w\u00fcnscht Ihnen<\/p>\n<p>Hans Sonnenberg<\/p>\n","protected":false},"excerpt":{"rendered":"<p>Es ist November. Die Sommerzeit ist zu Ende. Es wird schneller dunkel. Es wird kalt.  Die Natur und wir ziehen uns zur\u00fcck. Stimmt nicht! Die Natur bereitet sich mit voller Kraft das kommende Fr\u00fchjahr vor. Alles ist schon angelegt: die Bl\u00fcten der Zwiebelgew\u00e4chse im Waldboden, die Knospen der B\u00e4ume und Str\u00e4ucher.<\/p>\n","protected":false},"author":48,"featured_media":220,"comment_status":"open","ping_status":"open","sticky":false,"template":"","format":"standard","meta":[],"categories":[52],"tags":[],"yoast_head":"<!-- This site is optimized with the Yoast SEO plugin v19.10 - https:\/\/yoast.com\/wordpress\/plugins\/seo\/ -->\n<title>Liebe Leserin, lieber Leser! - Naturpark Dahme-Heideseen<\/title>\n<meta name=\"description\" content=\"Es ist November. Die Sommerzeit ist zu Ende. Es wird schneller dunkel. Es wird kalt. Die Natur und wir ziehen uns zur\u00fcck. Stimmt nicht! Die Natur bereitet sich mit voller Kraft das kommende Fr\u00fchjahr vor. Alles ist schon angelegt: die Bl\u00fcten der Zwiebelgew\u00e4chse im Waldboden, die Knospen der B\u00e4ume und Str\u00e4ucher.\" \/>\n<meta name=\"robots\" content=\"index, follow, max-snippet:-1, max-image-preview:large, max-video-preview:-1\" \/>\n<link rel=\"canonical\" href=\"https:\/\/www.naturparkmagazin.de\/dahme-heideseen\/liebe-leserin-lieber-leser\/\" \/>\n<meta property=\"og:locale\" content=\"de_DE\" \/>\n<meta property=\"og:type\" content=\"article\" \/>\n<meta property=\"og:title\" content=\"Liebe Leserin, lieber Leser! - Naturpark Dahme-Heideseen\" \/>\n<meta property=\"og:description\" content=\"Es ist November. Die Sommerzeit ist zu Ende. Es wird schneller dunkel. Es wird kalt. Die Natur und wir ziehen uns zur\u00fcck. Stimmt nicht! Die Natur bereitet sich mit voller Kraft das kommende Fr\u00fchjahr vor. Alles ist schon angelegt: die Bl\u00fcten der Zwiebelgew\u00e4chse im Waldboden, die Knospen der B\u00e4ume und Str\u00e4ucher.\" \/>\n<meta property=\"og:url\" content=\"https:\/\/www.naturparkmagazin.de\/dahme-heideseen\/liebe-leserin-lieber-leser\/\" \/>\n<meta property=\"og:site_name\" content=\"Naturpark Dahme-Heideseen\" \/>\n<meta property=\"article:published_time\" content=\"2013-11-01T09:15:06+00:00\" \/>\n<meta property=\"article:modified_time\" content=\"2013-11-06T17:01:35+00:00\" \/>\n<meta property=\"og:image\" content=\"https:\/\/www.naturparkmagazin.de\/dahme-heideseen\/wp-content\/uploads\/sites\/37\/Oderiner-See.jpg\" \/>\n\t<meta property=\"og:image:width\" content=\"640\" \/>\n\t<meta property=\"og:image:height\" content=\"480\" \/>\n\t<meta property=\"og:image:type\" content=\"image\/jpeg\" \/>\n<meta name=\"author\" content=\"hanssonnenberg\" \/>\n<meta name=\"twitter:label1\" content=\"Verfasst von\" \/>\n\t<meta name=\"twitter:data1\" content=\"hanssonnenberg\" \/>\n\t<meta name=\"twitter:label2\" content=\"Gesch\u00e4tzte Lesezeit\" \/>\n\t<meta name=\"twitter:data2\" content=\"1\u00a0Minute\" \/>\n<script type=\"application\/ld+json\" class=\"yoast-schema-graph\">{\"@context\":\"https:\/\/schema.org\",\"@graph\":[{\"@type\":\"WebPage\",\"@id\":\"https:\/\/www.naturparkmagazin.de\/dahme-heideseen\/liebe-leserin-lieber-leser\/\",\"url\":\"https:\/\/www.naturparkmagazin.de\/dahme-heideseen\/liebe-leserin-lieber-leser\/\",\"name\":\"Liebe Leserin, lieber Leser! - Naturpark Dahme-Heideseen\",\"isPartOf\":{\"@id\":\"https:\/\/www.naturparkmagazin.de\/dahme-heideseen\/#website\"},\"datePublished\":\"2013-11-01T09:15:06+00:00\",\"dateModified\":\"2013-11-06T17:01:35+00:00\",\"author\":{\"@id\":\"https:\/\/www.naturparkmagazin.de\/dahme-heideseen\/#\/schema\/person\/c81c96c3a1f5ee7bffff8b8022c105f0\"},\"description\":\"Es ist November. Die Sommerzeit ist zu Ende. Es wird schneller dunkel. Es wird kalt. Die Natur und wir ziehen uns zur\u00fcck. Stimmt nicht! Die Natur bereitet sich mit voller Kraft das kommende Fr\u00fchjahr vor. Alles ist schon angelegt: die Bl\u00fcten der Zwiebelgew\u00e4chse im Waldboden, die Knospen der B\u00e4ume und Str\u00e4ucher.\",\"breadcrumb\":{\"@id\":\"https:\/\/www.naturparkmagazin.de\/dahme-heideseen\/liebe-leserin-lieber-leser\/#breadcrumb\"},\"inLanguage\":\"de\",\"potentialAction\":[{\"@type\":\"ReadAction\",\"target\":[\"https:\/\/www.naturparkmagazin.de\/dahme-heideseen\/liebe-leserin-lieber-leser\/\"]}]},{\"@type\":\"BreadcrumbList\",\"@id\":\"https:\/\/www.naturparkmagazin.de\/dahme-heideseen\/liebe-leserin-lieber-leser\/#breadcrumb\",\"itemListElement\":[{\"@type\":\"ListItem\",\"position\":1,\"name\":\"Home\",\"item\":\"https:\/\/www.naturparkmagazin.de\/dahme-heideseen\/\"},{\"@type\":\"ListItem\",\"position\":2,\"name\":\"Liebe Leserin, lieber Leser!\"}]},{\"@type\":\"WebSite\",\"@id\":\"https:\/\/www.naturparkmagazin.de\/dahme-heideseen\/#website\",\"url\":\"https:\/\/www.naturparkmagazin.de\/dahme-heideseen\/\",\"name\":\"Naturpark Dahme-Heideseen\",\"description\":\"\",\"potentialAction\":[{\"@type\":\"SearchAction\",\"target\":{\"@type\":\"EntryPoint\",\"urlTemplate\":\"https:\/\/www.naturparkmagazin.de\/dahme-heideseen\/?s={search_term_string}\"},\"query-input\":\"required name=search_term_string\"}],\"inLanguage\":\"de\"},{\"@type\":\"Person\",\"@id\":\"https:\/\/www.naturparkmagazin.de\/dahme-heideseen\/#\/schema\/person\/c81c96c3a1f5ee7bffff8b8022c105f0\",\"name\":\"hanssonnenberg\",\"url\":\"https:\/\/www.naturparkmagazin.de\/dahme-heideseen\/author\/hanssonnenberg\/\"}]}<\/script>\n<!-- \/ Yoast SEO plugin. -->","yoast_head_json":{"title":"Liebe Leserin, lieber Leser! - Naturpark Dahme-Heideseen","description":"Es ist November. Die Sommerzeit ist zu Ende. Es wird schneller dunkel. Es wird kalt. Die Natur und wir ziehen uns zur\u00fcck. Stimmt nicht! Die Natur bereitet sich mit voller Kraft das kommende Fr\u00fchjahr vor. Alles ist schon angelegt: die Bl\u00fcten der Zwiebelgew\u00e4chse im Waldboden, die Knospen der B\u00e4ume und Str\u00e4ucher.","robots":{"index":"index","follow":"follow","max-snippet":"max-snippet:-1","max-image-preview":"max-image-preview:large","max-video-preview":"max-video-preview:-1"},"canonical":"https:\/\/www.naturparkmagazin.de\/dahme-heideseen\/liebe-leserin-lieber-leser\/","og_locale":"de_DE","og_type":"article","og_title":"Liebe Leserin, lieber Leser! - Naturpark Dahme-Heideseen","og_description":"Es ist November. Die Sommerzeit ist zu Ende. Es wird schneller dunkel. Es wird kalt. Die Natur und wir ziehen uns zur\u00fcck. Stimmt nicht! Die Natur bereitet sich mit voller Kraft das kommende Fr\u00fchjahr vor. Alles ist schon angelegt: die Bl\u00fcten der Zwiebelgew\u00e4chse im Waldboden, die Knospen der B\u00e4ume und Str\u00e4ucher.","og_url":"https:\/\/www.naturparkmagazin.de\/dahme-heideseen\/liebe-leserin-lieber-leser\/","og_site_name":"Naturpark Dahme-Heideseen","article_published_time":"2013-11-01T09:15:06+00:00","article_modified_time":"2013-11-06T17:01:35+00:00","og_image":[{"width":640,"height":480,"url":"https:\/\/www.naturparkmagazin.de\/dahme-heideseen\/wp-content\/uploads\/sites\/37\/Oderiner-See.jpg","type":"image\/jpeg"}],"author":"hanssonnenberg","twitter_misc":{"Verfasst von":"hanssonnenberg","Gesch\u00e4tzte Lesezeit":"1\u00a0Minute"},"schema":{"@context":"https:\/\/schema.org","@graph":[{"@type":"WebPage","@id":"https:\/\/www.naturparkmagazin.de\/dahme-heideseen\/liebe-leserin-lieber-leser\/","url":"https:\/\/www.naturparkmagazin.de\/dahme-heideseen\/liebe-leserin-lieber-leser\/","name":"Liebe Leserin, lieber Leser! - Naturpark Dahme-Heideseen","isPartOf":{"@id":"https:\/\/www.naturparkmagazin.de\/dahme-heideseen\/#website"},"datePublished":"2013-11-01T09:15:06+00:00","dateModified":"2013-11-06T17:01:35+00:00","author":{"@id":"https:\/\/www.naturparkmagazin.de\/dahme-heideseen\/#\/schema\/person\/c81c96c3a1f5ee7bffff8b8022c105f0"},"description":"Es ist November. Die Sommerzeit ist zu Ende. Es wird schneller dunkel. Es wird kalt. Die Natur und wir ziehen uns zur\u00fcck. Stimmt nicht! Die Natur bereitet sich mit voller Kraft das kommende Fr\u00fchjahr vor. Alles ist schon angelegt: die Bl\u00fcten der Zwiebelgew\u00e4chse im Waldboden, die Knospen der B\u00e4ume und Str\u00e4ucher.","breadcrumb":{"@id":"https:\/\/www.naturparkmagazin.de\/dahme-heideseen\/liebe-leserin-lieber-leser\/#breadcrumb"},"inLanguage":"de","potentialAction":[{"@type":"ReadAction","target":["https:\/\/www.naturparkmagazin.de\/dahme-heideseen\/liebe-leserin-lieber-leser\/"]}]},{"@type":"BreadcrumbList","@id":"https:\/\/www.naturparkmagazin.de\/dahme-heideseen\/liebe-leserin-lieber-leser\/#breadcrumb","itemListElement":[{"@type":"ListItem","position":1,"name":"Home","item":"https:\/\/www.naturparkmagazin.de\/dahme-heideseen\/"},{"@type":"ListItem","position":2,"name":"Liebe Leserin, lieber Leser!"}]},{"@type":"WebSite","@id":"https:\/\/www.naturparkmagazin.de\/dahme-heideseen\/#website","url":"https:\/\/www.naturparkmagazin.de\/dahme-heideseen\/","name":"Naturpark Dahme-Heideseen","description":"","potentialAction":[{"@type":"SearchAction","target":{"@type":"EntryPoint","urlTemplate":"https:\/\/www.naturparkmagazin.de\/dahme-heideseen\/?s={search_term_string}"},"query-input":"required name=search_term_string"}],"inLanguage":"de"},{"@type":"Person","@id":"https:\/\/www.naturparkmagazin.de\/dahme-heideseen\/#\/schema\/person\/c81c96c3a1f5ee7bffff8b8022c105f0","name":"hanssonnenberg","url":"https:\/\/www.naturparkmagazin.de\/dahme-heideseen\/author\/hanssonnenberg\/"}]}},"_links":{"self":[{"href":"https:\/\/www.naturparkmagazin.de\/dahme-heideseen\/wp-json\/wp\/v2\/posts\/219"}],"collection":[{"href":"https:\/\/www.naturparkmagazin.de\/dahme-heideseen\/wp-json\/wp\/v2\/posts"}],"about":[{"href":"https:\/\/www.naturparkmagazin.de\/dahme-heideseen\/wp-json\/wp\/v2\/types\/post"}],"author":[{"embeddable":true,"href":"https:\/\/www.naturparkmagazin.de\/dahme-heideseen\/wp-json\/wp\/v2\/users\/48"}],"replies":[{"embeddable":true,"href":"https:\/\/www.naturparkmagazin.de\/dahme-heideseen\/wp-json\/wp\/v2\/comments?post=219"}],"version-history":[{"count":9,"href":"https:\/\/www.naturparkmagazin.de\/dahme-heideseen\/wp-json\/wp\/v2\/posts\/219\/revisions"}],"predecessor-version":[{"id":235,"href":"https:\/\/www.naturparkmagazin.de\/dahme-heideseen\/wp-json\/wp\/v2\/posts\/219\/revisions\/235"}],"wp:featuredmedia":[{"embeddable":true,"href":"https:\/\/www.naturparkmagazin.de\/dahme-heideseen\/wp-json\/wp\/v2\/media\/220"}],"wp:attachment":[{"href":"https:\/\/www.naturparkmagazin.de\/dahme-heideseen\/wp-json\/wp\/v2\/media?parent=219"}],"wp:term":[{"taxonomy":"category","embeddable":true,"href":"https:\/\/www.naturparkmagazin.de\/dahme-heideseen\/wp-json\/wp\/v2\/categories?post=219"},{"taxonomy":"post_tag","embeddable":true,"href":"https:\/\/www.naturparkmagazin.de\/dahme-heideseen\/wp-json\/wp\/v2\/tags?post=219"}],"curies":[{"name":"wp","href":"https:\/\/api.w.org\/{rel}","templated":true}]}}