{"id":2200,"date":"2017-11-21T12:13:40","date_gmt":"2017-11-21T11:13:40","guid":{"rendered":"http:\/\/www.naturparkmagazin.de\/dahme-heideseen\/?p=2200"},"modified":"2017-11-29T10:40:47","modified_gmt":"2017-11-29T09:40:47","slug":"eroeffnung-des-neuen-naturlehrpfades","status":"publish","type":"post","link":"https:\/\/www.naturparkmagazin.de\/dahme-heideseen\/eroeffnung-des-neuen-naturlehrpfades\/","title":{"rendered":"Er\u00f6ffnung des neuen Naturlehrpfades"},"content":{"rendered":"<p>Am 20. November wurde in Sielmanns Naturlandschaft Gro\u00df Schauener Seen ein neuer Naturlehrpfad eingeweiht. Zehn neue Schautafeln am Wegesrand beschreiben die typischen Lebensr\u00e4ume der Seenlandschaft, z.B. Erlenbr\u00fcche und R\u00f6hrichte sowie die hier beheimateten Arten wie Fischotter, Moorfrosch und Blaukehlchen.<\/p>\n<p>EineWanderung f\u00fchrte durch die beschauliche Naturlandschaft mit Sielmanns Natur-Ranger Andreas Batke, der die Tiere und Pflanzen entlang des Lehrpfades vorstellte. Die ca. 3 km lange Rundwanderung f\u00fchrte vom Gel\u00e4nde der Fischerei K\u00f6llnitz in Gro\u00df Schauen parallel zum Ufer des Gro\u00df Schauener Sees bis zum gro\u00dfen h\u00f6lzernen Aussichtsturm \u201eSelchow\u201c am Gro\u00dfen Wochowsee.<\/p>\n<p><a href=\"http:\/\/www.dahme-heideseen-naturpark.de\/themen\/routen-touren\/naturlehrpfad-sielmanns-naturlandschaft-gross-schauen\/\" target=\"_blank\">Naturlehrpfad Gro\u00df Schauener Seenkette<\/a><\/p>\n<p><a href=\"https:\/\/www.sielmann-stiftung.de\" target=\"_blank\">Sielmann Stiftung<\/a><\/p>\n<div id=\"attachment_2220\" style=\"width: 630px\" class=\"wp-caption aligncenter\"><a href=\"https:\/\/www.naturparkmagazin.de\/dahme-heideseen\/wp-content\/uploads\/sites\/37\/npdh_sielmann_naturlehrpfad_schauen_1_sonnenberg.jpg\"><img aria-describedby=\"caption-attachment-2220\" decoding=\"async\" loading=\"lazy\" class=\"size-medium wp-image-2220\" src=\"https:\/\/www.naturparkmagazin.de\/dahme-heideseen\/wp-content\/uploads\/sites\/37\/npdh_sielmann_naturlehrpfad_schauen_1_sonnenberg-620x464.jpg\" alt=\"????????????????????????????????????\" width=\"620\" height=\"464\" srcset=\"https:\/\/www.naturparkmagazin.de\/dahme-heideseen\/wp-content\/uploads\/sites\/37\/npdh_sielmann_naturlehrpfad_schauen_1_sonnenberg-620x464.jpg 620w, https:\/\/www.naturparkmagazin.de\/dahme-heideseen\/wp-content\/uploads\/sites\/37\/npdh_sielmann_naturlehrpfad_schauen_1_sonnenberg-300x225.jpg 300w, https:\/\/www.naturparkmagazin.de\/dahme-heideseen\/wp-content\/uploads\/sites\/37\/npdh_sielmann_naturlehrpfad_schauen_1_sonnenberg-580x435.jpg 580w, https:\/\/www.naturparkmagazin.de\/dahme-heideseen\/wp-content\/uploads\/sites\/37\/npdh_sielmann_naturlehrpfad_schauen_1_sonnenberg-420x315.jpg 420w, https:\/\/www.naturparkmagazin.de\/dahme-heideseen\/wp-content\/uploads\/sites\/37\/npdh_sielmann_naturlehrpfad_schauen_1_sonnenberg-180x135.jpg 180w, https:\/\/www.naturparkmagazin.de\/dahme-heideseen\/wp-content\/uploads\/sites\/37\/npdh_sielmann_naturlehrpfad_schauen_1_sonnenberg-95x71.jpg 95w, https:\/\/www.naturparkmagazin.de\/dahme-heideseen\/wp-content\/uploads\/sites\/37\/npdh_sielmann_naturlehrpfad_schauen_1_sonnenberg-200x150.jpg 200w, https:\/\/www.naturparkmagazin.de\/dahme-heideseen\/wp-content\/uploads\/sites\/37\/npdh_sielmann_naturlehrpfad_schauen_1_sonnenberg.jpg 640w\" sizes=\"(max-width: 620px) 100vw, 620px\" \/><\/a><p id=\"caption-attachment-2220\" class=\"wp-caption-text\">Aussichtstum &#8222;Selchow&#8220; am Naturlehrpfad (H. Sonnenbereg)<\/p><\/div>\n<div id=\"attachment_2221\" style=\"width: 630px\" class=\"wp-caption aligncenter\"><a href=\"https:\/\/www.naturparkmagazin.de\/dahme-heideseen\/wp-content\/uploads\/sites\/37\/npdh_sielmann_naturlehrpfad_schauen_2_sonnenberg.jpg\"><img aria-describedby=\"caption-attachment-2221\" decoding=\"async\" loading=\"lazy\" class=\"size-medium wp-image-2221\" src=\"https:\/\/www.naturparkmagazin.de\/dahme-heideseen\/wp-content\/uploads\/sites\/37\/npdh_sielmann_naturlehrpfad_schauen_2_sonnenberg-620x407.jpg\" alt=\"Am Naturlehrpfad Gro\u00df Schauen (H. Sonnenberg)\" width=\"620\" height=\"407\" srcset=\"https:\/\/www.naturparkmagazin.de\/dahme-heideseen\/wp-content\/uploads\/sites\/37\/npdh_sielmann_naturlehrpfad_schauen_2_sonnenberg-620x407.jpg 620w, https:\/\/www.naturparkmagazin.de\/dahme-heideseen\/wp-content\/uploads\/sites\/37\/npdh_sielmann_naturlehrpfad_schauen_2_sonnenberg-300x197.jpg 300w, https:\/\/www.naturparkmagazin.de\/dahme-heideseen\/wp-content\/uploads\/sites\/37\/npdh_sielmann_naturlehrpfad_schauen_2_sonnenberg-200x131.jpg 200w, https:\/\/www.naturparkmagazin.de\/dahme-heideseen\/wp-content\/uploads\/sites\/37\/npdh_sielmann_naturlehrpfad_schauen_2_sonnenberg.jpg 640w\" sizes=\"(max-width: 620px) 100vw, 620px\" \/><\/a><p id=\"caption-attachment-2221\" class=\"wp-caption-text\">Am Naturlehrpfad Gro\u00df Schauen (H. Sonnenberg)<\/p><\/div>\n","protected":false},"excerpt":{"rendered":"<p>Am 20. November wurde in Sielmanns Naturlandschaft Gro\u00df Schauener Seen ein neuer Naturlehrpfad eingeweiht.<\/p>\n","protected":false},"author":48,"featured_media":2219,"comment_status":"open","ping_status":"open","sticky":false,"template":"","format":"standard","meta":[],"categories":[7],"tags":[],"yoast_head":"<!-- This site is optimized with the Yoast SEO plugin v19.10 - https:\/\/yoast.com\/wordpress\/plugins\/seo\/ -->\n<title>Er\u00f6ffnung des neuen Naturlehrpfades - Naturpark Dahme-Heideseen<\/title>\n<meta name=\"robots\" content=\"index, follow, max-snippet:-1, max-image-preview:large, max-video-preview:-1\" \/>\n<link rel=\"canonical\" href=\"https:\/\/www.naturparkmagazin.de\/dahme-heideseen\/eroeffnung-des-neuen-naturlehrpfades\/\" \/>\n<meta property=\"og:locale\" content=\"de_DE\" \/>\n<meta property=\"og:type\" content=\"article\" \/>\n<meta property=\"og:title\" content=\"Er\u00f6ffnung des neuen Naturlehrpfades - Naturpark Dahme-Heideseen\" \/>\n<meta property=\"og:description\" content=\"Am 20. November wurde in Sielmanns Naturlandschaft Gro\u00df Schauener Seen ein neuer Naturlehrpfad eingeweiht.\" \/>\n<meta property=\"og:url\" content=\"https:\/\/www.naturparkmagazin.de\/dahme-heideseen\/eroeffnung-des-neuen-naturlehrpfades\/\" \/>\n<meta property=\"og:site_name\" content=\"Naturpark Dahme-Heideseen\" \/>\n<meta property=\"article:published_time\" content=\"2017-11-21T11:13:40+00:00\" \/>\n<meta property=\"article:modified_time\" content=\"2017-11-29T09:40:47+00:00\" \/>\n<meta property=\"og:image\" content=\"https:\/\/www.naturparkmagazin.de\/dahme-heideseen\/wp-content\/uploads\/sites\/37\/npdh_einweihung-Naturlehrpfad-gro\u00df-schauen-201171120.jpg\" \/>\n\t<meta property=\"og:image:width\" content=\"640\" \/>\n\t<meta property=\"og:image:height\" content=\"431\" \/>\n\t<meta property=\"og:image:type\" content=\"image\/jpeg\" \/>\n<meta name=\"author\" content=\"hanssonnenberg\" \/>\n<meta name=\"twitter:label1\" content=\"Verfasst von\" \/>\n\t<meta name=\"twitter:data1\" content=\"hanssonnenberg\" \/>\n\t<meta name=\"twitter:label2\" content=\"Gesch\u00e4tzte Lesezeit\" \/>\n\t<meta name=\"twitter:data2\" content=\"1\u00a0Minute\" \/>\n<script type=\"application\/ld+json\" class=\"yoast-schema-graph\">{\"@context\":\"https:\/\/schema.org\",\"@graph\":[{\"@type\":\"WebPage\",\"@id\":\"https:\/\/www.naturparkmagazin.de\/dahme-heideseen\/eroeffnung-des-neuen-naturlehrpfades\/\",\"url\":\"https:\/\/www.naturparkmagazin.de\/dahme-heideseen\/eroeffnung-des-neuen-naturlehrpfades\/\",\"name\":\"Er\u00f6ffnung des neuen Naturlehrpfades - Naturpark Dahme-Heideseen\",\"isPartOf\":{\"@id\":\"https:\/\/www.naturparkmagazin.de\/dahme-heideseen\/#website\"},\"datePublished\":\"2017-11-21T11:13:40+00:00\",\"dateModified\":\"2017-11-29T09:40:47+00:00\",\"author\":{\"@id\":\"https:\/\/www.naturparkmagazin.de\/dahme-heideseen\/#\/schema\/person\/c81c96c3a1f5ee7bffff8b8022c105f0\"},\"breadcrumb\":{\"@id\":\"https:\/\/www.naturparkmagazin.de\/dahme-heideseen\/eroeffnung-des-neuen-naturlehrpfades\/#breadcrumb\"},\"inLanguage\":\"de\",\"potentialAction\":[{\"@type\":\"ReadAction\",\"target\":[\"https:\/\/www.naturparkmagazin.de\/dahme-heideseen\/eroeffnung-des-neuen-naturlehrpfades\/\"]}]},{\"@type\":\"BreadcrumbList\",\"@id\":\"https:\/\/www.naturparkmagazin.de\/dahme-heideseen\/eroeffnung-des-neuen-naturlehrpfades\/#breadcrumb\",\"itemListElement\":[{\"@type\":\"ListItem\",\"position\":1,\"name\":\"Home\",\"item\":\"https:\/\/www.naturparkmagazin.de\/dahme-heideseen\/\"},{\"@type\":\"ListItem\",\"position\":2,\"name\":\"Er\u00f6ffnung des neuen Naturlehrpfades\"}]},{\"@type\":\"WebSite\",\"@id\":\"https:\/\/www.naturparkmagazin.de\/dahme-heideseen\/#website\",\"url\":\"https:\/\/www.naturparkmagazin.de\/dahme-heideseen\/\",\"name\":\"Naturpark Dahme-Heideseen\",\"description\":\"\",\"potentialAction\":[{\"@type\":\"SearchAction\",\"target\":{\"@type\":\"EntryPoint\",\"urlTemplate\":\"https:\/\/www.naturparkmagazin.de\/dahme-heideseen\/?s={search_term_string}\"},\"query-input\":\"required name=search_term_string\"}],\"inLanguage\":\"de\"},{\"@type\":\"Person\",\"@id\":\"https:\/\/www.naturparkmagazin.de\/dahme-heideseen\/#\/schema\/person\/c81c96c3a1f5ee7bffff8b8022c105f0\",\"name\":\"hanssonnenberg\",\"url\":\"https:\/\/www.naturparkmagazin.de\/dahme-heideseen\/author\/hanssonnenberg\/\"}]}<\/script>\n<!-- \/ Yoast SEO plugin. -->","yoast_head_json":{"title":"Er\u00f6ffnung des neuen Naturlehrpfades - Naturpark Dahme-Heideseen","robots":{"index":"index","follow":"follow","max-snippet":"max-snippet:-1","max-image-preview":"max-image-preview:large","max-video-preview":"max-video-preview:-1"},"canonical":"https:\/\/www.naturparkmagazin.de\/dahme-heideseen\/eroeffnung-des-neuen-naturlehrpfades\/","og_locale":"de_DE","og_type":"article","og_title":"Er\u00f6ffnung des neuen Naturlehrpfades - Naturpark Dahme-Heideseen","og_description":"Am 20. November wurde in Sielmanns Naturlandschaft Gro\u00df Schauener Seen ein neuer Naturlehrpfad eingeweiht.","og_url":"https:\/\/www.naturparkmagazin.de\/dahme-heideseen\/eroeffnung-des-neuen-naturlehrpfades\/","og_site_name":"Naturpark Dahme-Heideseen","article_published_time":"2017-11-21T11:13:40+00:00","article_modified_time":"2017-11-29T09:40:47+00:00","og_image":[{"width":640,"height":431,"url":"https:\/\/www.naturparkmagazin.de\/dahme-heideseen\/wp-content\/uploads\/sites\/37\/npdh_einweihung-Naturlehrpfad-gro\u00df-schauen-201171120.jpg","type":"image\/jpeg"}],"author":"hanssonnenberg","twitter_misc":{"Verfasst von":"hanssonnenberg","Gesch\u00e4tzte Lesezeit":"1\u00a0Minute"},"schema":{"@context":"https:\/\/schema.org","@graph":[{"@type":"WebPage","@id":"https:\/\/www.naturparkmagazin.de\/dahme-heideseen\/eroeffnung-des-neuen-naturlehrpfades\/","url":"https:\/\/www.naturparkmagazin.de\/dahme-heideseen\/eroeffnung-des-neuen-naturlehrpfades\/","name":"Er\u00f6ffnung des neuen Naturlehrpfades - Naturpark Dahme-Heideseen","isPartOf":{"@id":"https:\/\/www.naturparkmagazin.de\/dahme-heideseen\/#website"},"datePublished":"2017-11-21T11:13:40+00:00","dateModified":"2017-11-29T09:40:47+00:00","author":{"@id":"https:\/\/www.naturparkmagazin.de\/dahme-heideseen\/#\/schema\/person\/c81c96c3a1f5ee7bffff8b8022c105f0"},"breadcrumb":{"@id":"https:\/\/www.naturparkmagazin.de\/dahme-heideseen\/eroeffnung-des-neuen-naturlehrpfades\/#breadcrumb"},"inLanguage":"de","potentialAction":[{"@type":"ReadAction","target":["https:\/\/www.naturparkmagazin.de\/dahme-heideseen\/eroeffnung-des-neuen-naturlehrpfades\/"]}]},{"@type":"BreadcrumbList","@id":"https:\/\/www.naturparkmagazin.de\/dahme-heideseen\/eroeffnung-des-neuen-naturlehrpfades\/#breadcrumb","itemListElement":[{"@type":"ListItem","position":1,"name":"Home","item":"https:\/\/www.naturparkmagazin.de\/dahme-heideseen\/"},{"@type":"ListItem","position":2,"name":"Er\u00f6ffnung des neuen Naturlehrpfades"}]},{"@type":"WebSite","@id":"https:\/\/www.naturparkmagazin.de\/dahme-heideseen\/#website","url":"https:\/\/www.naturparkmagazin.de\/dahme-heideseen\/","name":"Naturpark Dahme-Heideseen","description":"","potentialAction":[{"@type":"SearchAction","target":{"@type":"EntryPoint","urlTemplate":"https:\/\/www.naturparkmagazin.de\/dahme-heideseen\/?s={search_term_string}"},"query-input":"required name=search_term_string"}],"inLanguage":"de"},{"@type":"Person","@id":"https:\/\/www.naturparkmagazin.de\/dahme-heideseen\/#\/schema\/person\/c81c96c3a1f5ee7bffff8b8022c105f0","name":"hanssonnenberg","url":"https:\/\/www.naturparkmagazin.de\/dahme-heideseen\/author\/hanssonnenberg\/"}]}},"_links":{"self":[{"href":"https:\/\/www.naturparkmagazin.de\/dahme-heideseen\/wp-json\/wp\/v2\/posts\/2200"}],"collection":[{"href":"https:\/\/www.naturparkmagazin.de\/dahme-heideseen\/wp-json\/wp\/v2\/posts"}],"about":[{"href":"https:\/\/www.naturparkmagazin.de\/dahme-heideseen\/wp-json\/wp\/v2\/types\/post"}],"author":[{"embeddable":true,"href":"https:\/\/www.naturparkmagazin.de\/dahme-heideseen\/wp-json\/wp\/v2\/users\/48"}],"replies":[{"embeddable":true,"href":"https:\/\/www.naturparkmagazin.de\/dahme-heideseen\/wp-json\/wp\/v2\/comments?post=2200"}],"version-history":[{"count":6,"href":"https:\/\/www.naturparkmagazin.de\/dahme-heideseen\/wp-json\/wp\/v2\/posts\/2200\/revisions"}],"predecessor-version":[{"id":2243,"href":"https:\/\/www.naturparkmagazin.de\/dahme-heideseen\/wp-json\/wp\/v2\/posts\/2200\/revisions\/2243"}],"wp:featuredmedia":[{"embeddable":true,"href":"https:\/\/www.naturparkmagazin.de\/dahme-heideseen\/wp-json\/wp\/v2\/media\/2219"}],"wp:attachment":[{"href":"https:\/\/www.naturparkmagazin.de\/dahme-heideseen\/wp-json\/wp\/v2\/media?parent=2200"}],"wp:term":[{"taxonomy":"category","embeddable":true,"href":"https:\/\/www.naturparkmagazin.de\/dahme-heideseen\/wp-json\/wp\/v2\/categories?post=2200"},{"taxonomy":"post_tag","embeddable":true,"href":"https:\/\/www.naturparkmagazin.de\/dahme-heideseen\/wp-json\/wp\/v2\/tags?post=2200"}],"curies":[{"name":"wp","href":"https:\/\/api.w.org\/{rel}","templated":true}]}}