{"id":2204,"date":"2017-11-21T14:00:40","date_gmt":"2017-11-21T13:00:40","guid":{"rendered":"http:\/\/www.naturparkmagazin.de\/dahme-heideseen\/?p=2204"},"modified":"2017-11-29T10:36:07","modified_gmt":"2017-11-29T09:36:07","slug":"das-jahrebuch-2018-ist-erschienen","status":"publish","type":"post","link":"https:\/\/www.naturparkmagazin.de\/dahme-heideseen\/das-jahrebuch-2018-ist-erschienen\/","title":{"rendered":"Das JahreBuch 2018 &#8211; ein sch\u00f6nes Weihnachstgeschenk aus der Region"},"content":{"rendered":"<p>Wild lebende S\u00e4ugetiere, wie Reh, Fuchs, Waschb\u00e4r und Co, stehen im Mittelpunkt des JahreBuchs aus dem Naturpark Dahme-Heideseen.<!--more--><\/p>\n<p>Das 144 Seiten umfassende JahreBuch 2018 wird herausgegeben vom NABU Regionalverband Dahmeland und dem Naturschutzfonds Brandenburg. Im Mittelpunkt der neuen Ausgabe stehen wildlebende S\u00e4ugetiere in der Dahmeland-Region.<\/p>\n<p>Traditionell enth\u00e4lt das JahreBuch einen Monatskalender mit zahlreichen Veranstaltungstipps. In diesem Jahr hat der Wildtierfotograf Klaus Weber mit seinen Aufnahmen die Kalendermotive gestaltet. Wunderbare Bilder zeigen eindrucksvoll Reh, Fuchs, Waschb\u00e4r und Co. Die Fotos zeigen nicht nur die Tiere in ihrem Lebensraum, sondern geben Einblicke in ihre Verhaltensweisen. Neben einer einf\u00fchlsamen Beschreibung jeder vorgestellten Tierart gibt es individuelle Erfahrungsberichte und Tipps zur Wildtierfotografie.<\/p>\n<p>Weitere Beitr\u00e4ge widmen sich dem Thema &#8222;S\u00e4uger&#8220;: Biber oder Nutria? &#8211; hier gibt es Bebachtungstipps von Erhard Laube. Gisela Deckert beschreibt kaum bekannte Verhaltensweisen des Eichh\u00f6rnchens. Sylvia Schmidt schildert ihre &#8222;zuf\u00e4llige&#8220; Begegnung mit einem noch ganz jungen Baummarder. Linda B\u00f6ckenhoff berichtet vom Spurenlesen Lernen in der Landschaft. Auch das Thema Wolf, dem j\u00fcngsten R\u00fcckkehrer in unsere Landschaft, widmet sich das neue JahreBuch.<\/p>\n<p>Wie auch in den vorherigen Ausgaben, gibt es auch diesmal weitere Beitr\u00e4ge zur regionalen Natur, Geschichte und Kultur. Die Serie &#8222;Mit Life durchs Jahr&#8220; berichtet \u00fcber die Naturschutzprojekte des Naturschutzfonds. Das 80j\u00e4hrige Jubil\u00e4um unserer zwei \u00e4ltesten Naturschutzgebiete wird mit einem R\u00fcckblick auf ihre Entstehungsgeschichte gew\u00fcrdigt. Naturwacht-Ranger Hannes Hause f\u00fchrt uns zu den uralten Eichen in der Dubrow und empfiehl den Besuch einer neuen Ausstellung mit angebundenem Naturlehrpfad.<\/p>\n<p>Das JahreBuch ist zum Preis von 7 \u20ac ab sofort in der NABU-Gesch\u00e4fstsstelle in Prieros und im regionalen Buchhandel und weiteren Verkaufsstellen erh\u00e4ltlich.<\/p>\n<p><a href=\"http:\/\/www.nabu-dahmeland.de\/front_content.php?idcat=65\" target=\"_blank\">Verkaufstellen des JahreBuchs<\/a><\/p>\n<p><a href=\"https:\/\/www.naturparkmagazin.de\/dahme-heideseen\/wp-content\/uploads\/sites\/37\/cover-1.jpg\"><img decoding=\"async\" loading=\"lazy\" class=\"aligncenter size-medium wp-image-2206\" src=\"https:\/\/www.naturparkmagazin.de\/dahme-heideseen\/wp-content\/uploads\/sites\/37\/cover-1-620x823.jpg\" alt=\"cover (1)\" width=\"620\" height=\"823\" srcset=\"https:\/\/www.naturparkmagazin.de\/dahme-heideseen\/wp-content\/uploads\/sites\/37\/cover-1-620x823.jpg 620w, https:\/\/www.naturparkmagazin.de\/dahme-heideseen\/wp-content\/uploads\/sites\/37\/cover-1-300x398.jpg 300w, https:\/\/www.naturparkmagazin.de\/dahme-heideseen\/wp-content\/uploads\/sites\/37\/cover-1-135x180.jpg 135w, https:\/\/www.naturparkmagazin.de\/dahme-heideseen\/wp-content\/uploads\/sites\/37\/cover-1-53x71.jpg 53w, https:\/\/www.naturparkmagazin.de\/dahme-heideseen\/wp-content\/uploads\/sites\/37\/cover-1-200x265.jpg 200w, https:\/\/www.naturparkmagazin.de\/dahme-heideseen\/wp-content\/uploads\/sites\/37\/cover-1.jpg 623w\" sizes=\"(max-width: 620px) 100vw, 620px\" \/><\/a><\/p>\n<p>&nbsp;<\/p>\n","protected":false},"excerpt":{"rendered":"<p>Wild lebende S\u00e4ugetiere, wie Reh, Fuchs, Waschb\u00e4r und Co, stehen im Mittelpunkt des JahreBuchs aus dem Naturpark Dahme-Heideseen.<\/p>\n","protected":false},"author":48,"featured_media":2206,"comment_status":"open","ping_status":"open","sticky":false,"template":"","format":"standard","meta":[],"categories":[7],"tags":[],"yoast_head":"<!-- This site is optimized with the Yoast SEO plugin v19.10 - https:\/\/yoast.com\/wordpress\/plugins\/seo\/ -->\n<title>Das JahreBuch 2018 - ein sch\u00f6nes Weihnachstgeschenk aus der Region - Naturpark Dahme-Heideseen<\/title>\n<meta name=\"robots\" content=\"index, follow, max-snippet:-1, max-image-preview:large, max-video-preview:-1\" \/>\n<link rel=\"canonical\" href=\"https:\/\/www.naturparkmagazin.de\/dahme-heideseen\/das-jahrebuch-2018-ist-erschienen\/\" \/>\n<meta property=\"og:locale\" content=\"de_DE\" \/>\n<meta property=\"og:type\" content=\"article\" \/>\n<meta property=\"og:title\" content=\"Das JahreBuch 2018 - ein sch\u00f6nes Weihnachstgeschenk aus der Region - Naturpark Dahme-Heideseen\" \/>\n<meta property=\"og:description\" content=\"Wild lebende S\u00e4ugetiere, wie Reh, Fuchs, Waschb\u00e4r und Co, stehen im Mittelpunkt des JahreBuchs aus dem Naturpark Dahme-Heideseen.\" \/>\n<meta property=\"og:url\" content=\"https:\/\/www.naturparkmagazin.de\/dahme-heideseen\/das-jahrebuch-2018-ist-erschienen\/\" \/>\n<meta property=\"og:site_name\" content=\"Naturpark Dahme-Heideseen\" \/>\n<meta property=\"article:published_time\" content=\"2017-11-21T13:00:40+00:00\" \/>\n<meta property=\"article:modified_time\" content=\"2017-11-29T09:36:07+00:00\" \/>\n<meta property=\"og:image\" content=\"https:\/\/www.naturparkmagazin.de\/dahme-heideseen\/wp-content\/uploads\/sites\/37\/cover-1.jpg\" \/>\n\t<meta property=\"og:image:width\" content=\"623\" \/>\n\t<meta property=\"og:image:height\" content=\"827\" \/>\n\t<meta property=\"og:image:type\" content=\"image\/jpeg\" \/>\n<meta name=\"author\" content=\"hanssonnenberg\" \/>\n<meta name=\"twitter:label1\" content=\"Verfasst von\" \/>\n\t<meta name=\"twitter:data1\" content=\"hanssonnenberg\" \/>\n\t<meta name=\"twitter:label2\" content=\"Gesch\u00e4tzte Lesezeit\" \/>\n\t<meta name=\"twitter:data2\" content=\"1\u00a0Minute\" \/>\n<script type=\"application\/ld+json\" class=\"yoast-schema-graph\">{\"@context\":\"https:\/\/schema.org\",\"@graph\":[{\"@type\":\"WebPage\",\"@id\":\"https:\/\/www.naturparkmagazin.de\/dahme-heideseen\/das-jahrebuch-2018-ist-erschienen\/\",\"url\":\"https:\/\/www.naturparkmagazin.de\/dahme-heideseen\/das-jahrebuch-2018-ist-erschienen\/\",\"name\":\"Das JahreBuch 2018 - ein sch\u00f6nes Weihnachstgeschenk aus der Region - Naturpark Dahme-Heideseen\",\"isPartOf\":{\"@id\":\"https:\/\/www.naturparkmagazin.de\/dahme-heideseen\/#website\"},\"datePublished\":\"2017-11-21T13:00:40+00:00\",\"dateModified\":\"2017-11-29T09:36:07+00:00\",\"author\":{\"@id\":\"https:\/\/www.naturparkmagazin.de\/dahme-heideseen\/#\/schema\/person\/c81c96c3a1f5ee7bffff8b8022c105f0\"},\"breadcrumb\":{\"@id\":\"https:\/\/www.naturparkmagazin.de\/dahme-heideseen\/das-jahrebuch-2018-ist-erschienen\/#breadcrumb\"},\"inLanguage\":\"de\",\"potentialAction\":[{\"@type\":\"ReadAction\",\"target\":[\"https:\/\/www.naturparkmagazin.de\/dahme-heideseen\/das-jahrebuch-2018-ist-erschienen\/\"]}]},{\"@type\":\"BreadcrumbList\",\"@id\":\"https:\/\/www.naturparkmagazin.de\/dahme-heideseen\/das-jahrebuch-2018-ist-erschienen\/#breadcrumb\",\"itemListElement\":[{\"@type\":\"ListItem\",\"position\":1,\"name\":\"Home\",\"item\":\"https:\/\/www.naturparkmagazin.de\/dahme-heideseen\/\"},{\"@type\":\"ListItem\",\"position\":2,\"name\":\"Das JahreBuch 2018 &#8211; ein sch\u00f6nes Weihnachstgeschenk aus der Region\"}]},{\"@type\":\"WebSite\",\"@id\":\"https:\/\/www.naturparkmagazin.de\/dahme-heideseen\/#website\",\"url\":\"https:\/\/www.naturparkmagazin.de\/dahme-heideseen\/\",\"name\":\"Naturpark Dahme-Heideseen\",\"description\":\"\",\"potentialAction\":[{\"@type\":\"SearchAction\",\"target\":{\"@type\":\"EntryPoint\",\"urlTemplate\":\"https:\/\/www.naturparkmagazin.de\/dahme-heideseen\/?s={search_term_string}\"},\"query-input\":\"required name=search_term_string\"}],\"inLanguage\":\"de\"},{\"@type\":\"Person\",\"@id\":\"https:\/\/www.naturparkmagazin.de\/dahme-heideseen\/#\/schema\/person\/c81c96c3a1f5ee7bffff8b8022c105f0\",\"name\":\"hanssonnenberg\",\"url\":\"https:\/\/www.naturparkmagazin.de\/dahme-heideseen\/author\/hanssonnenberg\/\"}]}<\/script>\n<!-- \/ Yoast SEO plugin. -->","yoast_head_json":{"title":"Das JahreBuch 2018 - ein sch\u00f6nes Weihnachstgeschenk aus der Region - Naturpark Dahme-Heideseen","robots":{"index":"index","follow":"follow","max-snippet":"max-snippet:-1","max-image-preview":"max-image-preview:large","max-video-preview":"max-video-preview:-1"},"canonical":"https:\/\/www.naturparkmagazin.de\/dahme-heideseen\/das-jahrebuch-2018-ist-erschienen\/","og_locale":"de_DE","og_type":"article","og_title":"Das JahreBuch 2018 - ein sch\u00f6nes Weihnachstgeschenk aus der Region - Naturpark Dahme-Heideseen","og_description":"Wild lebende S\u00e4ugetiere, wie Reh, Fuchs, Waschb\u00e4r und Co, stehen im Mittelpunkt des JahreBuchs aus dem Naturpark Dahme-Heideseen.","og_url":"https:\/\/www.naturparkmagazin.de\/dahme-heideseen\/das-jahrebuch-2018-ist-erschienen\/","og_site_name":"Naturpark Dahme-Heideseen","article_published_time":"2017-11-21T13:00:40+00:00","article_modified_time":"2017-11-29T09:36:07+00:00","og_image":[{"width":623,"height":827,"url":"https:\/\/www.naturparkmagazin.de\/dahme-heideseen\/wp-content\/uploads\/sites\/37\/cover-1.jpg","type":"image\/jpeg"}],"author":"hanssonnenberg","twitter_misc":{"Verfasst von":"hanssonnenberg","Gesch\u00e4tzte Lesezeit":"1\u00a0Minute"},"schema":{"@context":"https:\/\/schema.org","@graph":[{"@type":"WebPage","@id":"https:\/\/www.naturparkmagazin.de\/dahme-heideseen\/das-jahrebuch-2018-ist-erschienen\/","url":"https:\/\/www.naturparkmagazin.de\/dahme-heideseen\/das-jahrebuch-2018-ist-erschienen\/","name":"Das JahreBuch 2018 - ein sch\u00f6nes Weihnachstgeschenk aus der Region - Naturpark Dahme-Heideseen","isPartOf":{"@id":"https:\/\/www.naturparkmagazin.de\/dahme-heideseen\/#website"},"datePublished":"2017-11-21T13:00:40+00:00","dateModified":"2017-11-29T09:36:07+00:00","author":{"@id":"https:\/\/www.naturparkmagazin.de\/dahme-heideseen\/#\/schema\/person\/c81c96c3a1f5ee7bffff8b8022c105f0"},"breadcrumb":{"@id":"https:\/\/www.naturparkmagazin.de\/dahme-heideseen\/das-jahrebuch-2018-ist-erschienen\/#breadcrumb"},"inLanguage":"de","potentialAction":[{"@type":"ReadAction","target":["https:\/\/www.naturparkmagazin.de\/dahme-heideseen\/das-jahrebuch-2018-ist-erschienen\/"]}]},{"@type":"BreadcrumbList","@id":"https:\/\/www.naturparkmagazin.de\/dahme-heideseen\/das-jahrebuch-2018-ist-erschienen\/#breadcrumb","itemListElement":[{"@type":"ListItem","position":1,"name":"Home","item":"https:\/\/www.naturparkmagazin.de\/dahme-heideseen\/"},{"@type":"ListItem","position":2,"name":"Das JahreBuch 2018 &#8211; ein sch\u00f6nes Weihnachstgeschenk aus der Region"}]},{"@type":"WebSite","@id":"https:\/\/www.naturparkmagazin.de\/dahme-heideseen\/#website","url":"https:\/\/www.naturparkmagazin.de\/dahme-heideseen\/","name":"Naturpark Dahme-Heideseen","description":"","potentialAction":[{"@type":"SearchAction","target":{"@type":"EntryPoint","urlTemplate":"https:\/\/www.naturparkmagazin.de\/dahme-heideseen\/?s={search_term_string}"},"query-input":"required name=search_term_string"}],"inLanguage":"de"},{"@type":"Person","@id":"https:\/\/www.naturparkmagazin.de\/dahme-heideseen\/#\/schema\/person\/c81c96c3a1f5ee7bffff8b8022c105f0","name":"hanssonnenberg","url":"https:\/\/www.naturparkmagazin.de\/dahme-heideseen\/author\/hanssonnenberg\/"}]}},"_links":{"self":[{"href":"https:\/\/www.naturparkmagazin.de\/dahme-heideseen\/wp-json\/wp\/v2\/posts\/2204"}],"collection":[{"href":"https:\/\/www.naturparkmagazin.de\/dahme-heideseen\/wp-json\/wp\/v2\/posts"}],"about":[{"href":"https:\/\/www.naturparkmagazin.de\/dahme-heideseen\/wp-json\/wp\/v2\/types\/post"}],"author":[{"embeddable":true,"href":"https:\/\/www.naturparkmagazin.de\/dahme-heideseen\/wp-json\/wp\/v2\/users\/48"}],"replies":[{"embeddable":true,"href":"https:\/\/www.naturparkmagazin.de\/dahme-heideseen\/wp-json\/wp\/v2\/comments?post=2204"}],"version-history":[{"count":3,"href":"https:\/\/www.naturparkmagazin.de\/dahme-heideseen\/wp-json\/wp\/v2\/posts\/2204\/revisions"}],"predecessor-version":[{"id":2240,"href":"https:\/\/www.naturparkmagazin.de\/dahme-heideseen\/wp-json\/wp\/v2\/posts\/2204\/revisions\/2240"}],"wp:featuredmedia":[{"embeddable":true,"href":"https:\/\/www.naturparkmagazin.de\/dahme-heideseen\/wp-json\/wp\/v2\/media\/2206"}],"wp:attachment":[{"href":"https:\/\/www.naturparkmagazin.de\/dahme-heideseen\/wp-json\/wp\/v2\/media?parent=2204"}],"wp:term":[{"taxonomy":"category","embeddable":true,"href":"https:\/\/www.naturparkmagazin.de\/dahme-heideseen\/wp-json\/wp\/v2\/categories?post=2204"},{"taxonomy":"post_tag","embeddable":true,"href":"https:\/\/www.naturparkmagazin.de\/dahme-heideseen\/wp-json\/wp\/v2\/tags?post=2204"}],"curies":[{"name":"wp","href":"https:\/\/api.w.org\/{rel}","templated":true}]}}