{"id":2254,"date":"2017-12-12T13:57:09","date_gmt":"2017-12-12T12:57:09","guid":{"rendered":"http:\/\/www.naturparkmagazin.de\/dahme-heideseen\/?p=2254"},"modified":"2025-01-29T10:20:50","modified_gmt":"2025-01-29T09:20:50","slug":"fotograf-trifft-wolf","status":"publish","type":"post","link":"https:\/\/www.naturparkmagazin.de\/dahme-heideseen\/fotograf-trifft-wolf\/","title":{"rendered":"Fotograf trifft Wolf"},"content":{"rendered":"<p>Naturfotograf Erhard Laube gelangen Aufnahmen vom Wolf zwischen Philadelphia und Storkow.<!--more-->Im Besucherzentrum des Naturparks (BIZ) auf der Burg Storkow wird es im n\u00e4chsten Jahr eine neue Ausstellung zum Thema &#8222;Natur erleben&#8220; geben.<\/p>\n<p>Zum Vorbereitungstreffen der hier beteiligten Naturfotografen kam Erhard Laube etwas versp\u00e4tet. Das war ganz ungew\u00f6hnlich f\u00fcr den ehemaligen Lehrer. Erhard Laube hatte aber eine wirklich \u00fcberzeugende Entschuldigung. Auf der Anfahrt nach Storkow sichtete er einen \u00fcber die Felder streifenden Wolf.\u00a0 Hier gelangen ihm die gezeigten &#8222;Schnappsch\u00fcsse&#8220;.<\/p>\n<p>Sein Kommentar dazu: &#8222;Die Bilder sind nicht besonders scharf und auch von der Aufl\u00f6sung nicht so gut, weil die \u00e4u\u00dferen Bedingungen (Nieselregen) nicht sehr gut waren und ich auch nur die Bridgekamera dabei hatte. Auf zwei Fotos sieht man sehr sch\u00f6n, wie extrem dicht der Wolf ohne Angst bei den H\u00e4usern auf dem Weg nach Philadelphia vorbei gelaufen ist.&#8220;<\/p>\n<p>Erhard Laube ver\u00f6ffentlicht seine Bilder regelm\u00e4\u00dfig im JahreBuch des Naturparks. F\u00fcr die Ausgabe 2016 gestaltete er mit seinen Vogelbildern den Monatskalender. In der aktuellen Ausgabe 2018 stellt er Rigelnattern vor. In dem Beitrag &#8222;Biber und\u00a0 Nutrias&#8220; &#8211; gibt es Tipps zur Beobachtung und Unterscheidung der beiden Wasserbewohner.<\/p>\n<p><a href=\"https:\/\/www.erhardlaube.de\" target=\"_blank\" rel=\"noopener\">Homepage von Erhard Laube<\/a><\/p>\n<div id=\"attachment_2257\" style=\"width: 630px\" class=\"wp-caption aligncenter\"><a href=\"https:\/\/www.naturparkmagazin.de\/dahme-heideseen\/wp-content\/uploads\/sites\/37\/npdh_wolf_storkow4_Erhard_laube.jpg\"><img aria-describedby=\"caption-attachment-2257\" decoding=\"async\" loading=\"lazy\" class=\"size-medium wp-image-2257\" src=\"https:\/\/www.naturparkmagazin.de\/dahme-heideseen\/wp-content\/uploads\/sites\/37\/npdh_wolf_storkow4_Erhard_laube-620x414.jpg\" alt=\"Wolf (Erhard Laubee)\" width=\"620\" height=\"414\" srcset=\"https:\/\/www.naturparkmagazin.de\/dahme-heideseen\/wp-content\/uploads\/sites\/37\/npdh_wolf_storkow4_Erhard_laube-620x414.jpg 620w, https:\/\/www.naturparkmagazin.de\/dahme-heideseen\/wp-content\/uploads\/sites\/37\/npdh_wolf_storkow4_Erhard_laube-300x200.jpg 300w, https:\/\/www.naturparkmagazin.de\/dahme-heideseen\/wp-content\/uploads\/sites\/37\/npdh_wolf_storkow4_Erhard_laube-200x133.jpg 200w, https:\/\/www.naturparkmagazin.de\/dahme-heideseen\/wp-content\/uploads\/sites\/37\/npdh_wolf_storkow4_Erhard_laube.jpg 640w\" sizes=\"(max-width: 620px) 100vw, 620px\" \/><\/a><p id=\"caption-attachment-2257\" class=\"wp-caption-text\">Wolf (Erhard Laube)<\/p><\/div>\n<div id=\"attachment_2258\" style=\"width: 630px\" class=\"wp-caption aligncenter\"><a href=\"https:\/\/www.naturparkmagazin.de\/dahme-heideseen\/wp-content\/uploads\/sites\/37\/npdh_wolf_storkow1_Erhard_laube.jpg\"><img aria-describedby=\"caption-attachment-2258\" decoding=\"async\" loading=\"lazy\" class=\"size-medium wp-image-2258\" src=\"https:\/\/www.naturparkmagazin.de\/dahme-heideseen\/wp-content\/uploads\/sites\/37\/npdh_wolf_storkow1_Erhard_laube-620x349.jpg\" alt=\"Wolf (Erhard Laube)\" width=\"620\" height=\"349\" srcset=\"https:\/\/www.naturparkmagazin.de\/dahme-heideseen\/wp-content\/uploads\/sites\/37\/npdh_wolf_storkow1_Erhard_laube-620x349.jpg 620w, https:\/\/www.naturparkmagazin.de\/dahme-heideseen\/wp-content\/uploads\/sites\/37\/npdh_wolf_storkow1_Erhard_laube-300x169.jpg 300w, https:\/\/www.naturparkmagazin.de\/dahme-heideseen\/wp-content\/uploads\/sites\/37\/npdh_wolf_storkow1_Erhard_laube-200x113.jpg 200w, https:\/\/www.naturparkmagazin.de\/dahme-heideseen\/wp-content\/uploads\/sites\/37\/npdh_wolf_storkow1_Erhard_laube.jpg 640w\" sizes=\"(max-width: 620px) 100vw, 620px\" \/><\/a><p id=\"caption-attachment-2258\" class=\"wp-caption-text\">Wolf (Erhard Laube)<\/p><\/div>\n<div id=\"attachment_2256\" style=\"width: 630px\" class=\"wp-caption aligncenter\"><a href=\"https:\/\/www.naturparkmagazin.de\/dahme-heideseen\/wp-content\/uploads\/sites\/37\/npdh_wolf_storkow3_Erhard_laube.jpg\"><img aria-describedby=\"caption-attachment-2256\" decoding=\"async\" loading=\"lazy\" class=\"size-medium wp-image-2256\" src=\"https:\/\/www.naturparkmagazin.de\/dahme-heideseen\/wp-content\/uploads\/sites\/37\/npdh_wolf_storkow3_Erhard_laube-620x465.jpg\" alt=\"Wolf (Erhard Laube)\" width=\"620\" height=\"465\" srcset=\"https:\/\/www.naturparkmagazin.de\/dahme-heideseen\/wp-content\/uploads\/sites\/37\/npdh_wolf_storkow3_Erhard_laube-620x465.jpg 620w, https:\/\/www.naturparkmagazin.de\/dahme-heideseen\/wp-content\/uploads\/sites\/37\/npdh_wolf_storkow3_Erhard_laube-300x225.jpg 300w, https:\/\/www.naturparkmagazin.de\/dahme-heideseen\/wp-content\/uploads\/sites\/37\/npdh_wolf_storkow3_Erhard_laube-940x705.jpg 940w, https:\/\/www.naturparkmagazin.de\/dahme-heideseen\/wp-content\/uploads\/sites\/37\/npdh_wolf_storkow3_Erhard_laube-580x435.jpg 580w, https:\/\/www.naturparkmagazin.de\/dahme-heideseen\/wp-content\/uploads\/sites\/37\/npdh_wolf_storkow3_Erhard_laube-420x315.jpg 420w, https:\/\/www.naturparkmagazin.de\/dahme-heideseen\/wp-content\/uploads\/sites\/37\/npdh_wolf_storkow3_Erhard_laube-180x135.jpg 180w, https:\/\/www.naturparkmagazin.de\/dahme-heideseen\/wp-content\/uploads\/sites\/37\/npdh_wolf_storkow3_Erhard_laube-95x71.jpg 95w, https:\/\/www.naturparkmagazin.de\/dahme-heideseen\/wp-content\/uploads\/sites\/37\/npdh_wolf_storkow3_Erhard_laube-670x503.jpg 670w, https:\/\/www.naturparkmagazin.de\/dahme-heideseen\/wp-content\/uploads\/sites\/37\/npdh_wolf_storkow3_Erhard_laube-200x150.jpg 200w, https:\/\/www.naturparkmagazin.de\/dahme-heideseen\/wp-content\/uploads\/sites\/37\/npdh_wolf_storkow3_Erhard_laube.jpg 1002w\" sizes=\"(max-width: 620px) 100vw, 620px\" \/><\/a><p id=\"caption-attachment-2256\" class=\"wp-caption-text\">Wolf (Erhard Laube)<\/p><\/div>\n","protected":false},"excerpt":{"rendered":"<p>Naturfotograf Erhard Laube gelangen Aufnahmen vom Wolf zwischen Philadelphia und Storkow.<\/p>\n","protected":false},"author":48,"featured_media":2255,"comment_status":"open","ping_status":"open","sticky":false,"template":"","format":"standard","meta":[],"categories":[7],"tags":[],"yoast_head":"<!-- This site is optimized with the Yoast SEO plugin v19.10 - https:\/\/yoast.com\/wordpress\/plugins\/seo\/ -->\n<title>Fotograf trifft Wolf - Naturpark Dahme-Heideseen<\/title>\n<meta name=\"robots\" content=\"index, follow, max-snippet:-1, max-image-preview:large, max-video-preview:-1\" \/>\n<link rel=\"canonical\" href=\"https:\/\/www.naturparkmagazin.de\/dahme-heideseen\/fotograf-trifft-wolf\/\" \/>\n<meta property=\"og:locale\" content=\"de_DE\" \/>\n<meta property=\"og:type\" content=\"article\" \/>\n<meta property=\"og:title\" content=\"Fotograf trifft Wolf - Naturpark Dahme-Heideseen\" \/>\n<meta property=\"og:description\" content=\"Naturfotograf Erhard Laube gelangen Aufnahmen vom Wolf zwischen Philadelphia und Storkow.\" \/>\n<meta property=\"og:url\" content=\"https:\/\/www.naturparkmagazin.de\/dahme-heideseen\/fotograf-trifft-wolf\/\" \/>\n<meta property=\"og:site_name\" content=\"Naturpark Dahme-Heideseen\" \/>\n<meta property=\"article:published_time\" content=\"2017-12-12T12:57:09+00:00\" \/>\n<meta property=\"article:modified_time\" content=\"2025-01-29T09:20:50+00:00\" \/>\n<meta property=\"og:image\" content=\"https:\/\/www.naturparkmagazin.de\/dahme-heideseen\/wp-content\/uploads\/sites\/37\/npdh_wolf_storkow2_Erhard_laube.jpg\" \/>\n\t<meta property=\"og:image:width\" content=\"448\" \/>\n\t<meta property=\"og:image:height\" content=\"336\" \/>\n\t<meta property=\"og:image:type\" content=\"image\/jpeg\" \/>\n<meta name=\"author\" content=\"hanssonnenberg\" \/>\n<meta name=\"twitter:label1\" content=\"Verfasst von\" \/>\n\t<meta name=\"twitter:data1\" content=\"hanssonnenberg\" \/>\n\t<meta name=\"twitter:label2\" content=\"Gesch\u00e4tzte Lesezeit\" \/>\n\t<meta name=\"twitter:data2\" content=\"2\u00a0Minuten\" \/>\n<script type=\"application\/ld+json\" class=\"yoast-schema-graph\">{\"@context\":\"https:\/\/schema.org\",\"@graph\":[{\"@type\":\"WebPage\",\"@id\":\"https:\/\/www.naturparkmagazin.de\/dahme-heideseen\/fotograf-trifft-wolf\/\",\"url\":\"https:\/\/www.naturparkmagazin.de\/dahme-heideseen\/fotograf-trifft-wolf\/\",\"name\":\"Fotograf trifft Wolf - Naturpark Dahme-Heideseen\",\"isPartOf\":{\"@id\":\"https:\/\/www.naturparkmagazin.de\/dahme-heideseen\/#website\"},\"datePublished\":\"2017-12-12T12:57:09+00:00\",\"dateModified\":\"2025-01-29T09:20:50+00:00\",\"author\":{\"@id\":\"https:\/\/www.naturparkmagazin.de\/dahme-heideseen\/#\/schema\/person\/c81c96c3a1f5ee7bffff8b8022c105f0\"},\"breadcrumb\":{\"@id\":\"https:\/\/www.naturparkmagazin.de\/dahme-heideseen\/fotograf-trifft-wolf\/#breadcrumb\"},\"inLanguage\":\"de\",\"potentialAction\":[{\"@type\":\"ReadAction\",\"target\":[\"https:\/\/www.naturparkmagazin.de\/dahme-heideseen\/fotograf-trifft-wolf\/\"]}]},{\"@type\":\"BreadcrumbList\",\"@id\":\"https:\/\/www.naturparkmagazin.de\/dahme-heideseen\/fotograf-trifft-wolf\/#breadcrumb\",\"itemListElement\":[{\"@type\":\"ListItem\",\"position\":1,\"name\":\"Home\",\"item\":\"https:\/\/www.naturparkmagazin.de\/dahme-heideseen\/\"},{\"@type\":\"ListItem\",\"position\":2,\"name\":\"Fotograf trifft Wolf\"}]},{\"@type\":\"WebSite\",\"@id\":\"https:\/\/www.naturparkmagazin.de\/dahme-heideseen\/#website\",\"url\":\"https:\/\/www.naturparkmagazin.de\/dahme-heideseen\/\",\"name\":\"Naturpark Dahme-Heideseen\",\"description\":\"\",\"potentialAction\":[{\"@type\":\"SearchAction\",\"target\":{\"@type\":\"EntryPoint\",\"urlTemplate\":\"https:\/\/www.naturparkmagazin.de\/dahme-heideseen\/?s={search_term_string}\"},\"query-input\":\"required name=search_term_string\"}],\"inLanguage\":\"de\"},{\"@type\":\"Person\",\"@id\":\"https:\/\/www.naturparkmagazin.de\/dahme-heideseen\/#\/schema\/person\/c81c96c3a1f5ee7bffff8b8022c105f0\",\"name\":\"hanssonnenberg\",\"url\":\"https:\/\/www.naturparkmagazin.de\/dahme-heideseen\/author\/hanssonnenberg\/\"}]}<\/script>\n<!-- \/ Yoast SEO plugin. -->","yoast_head_json":{"title":"Fotograf trifft Wolf - Naturpark Dahme-Heideseen","robots":{"index":"index","follow":"follow","max-snippet":"max-snippet:-1","max-image-preview":"max-image-preview:large","max-video-preview":"max-video-preview:-1"},"canonical":"https:\/\/www.naturparkmagazin.de\/dahme-heideseen\/fotograf-trifft-wolf\/","og_locale":"de_DE","og_type":"article","og_title":"Fotograf trifft Wolf - Naturpark Dahme-Heideseen","og_description":"Naturfotograf Erhard Laube gelangen Aufnahmen vom Wolf zwischen Philadelphia und Storkow.","og_url":"https:\/\/www.naturparkmagazin.de\/dahme-heideseen\/fotograf-trifft-wolf\/","og_site_name":"Naturpark Dahme-Heideseen","article_published_time":"2017-12-12T12:57:09+00:00","article_modified_time":"2025-01-29T09:20:50+00:00","og_image":[{"width":448,"height":336,"url":"https:\/\/www.naturparkmagazin.de\/dahme-heideseen\/wp-content\/uploads\/sites\/37\/npdh_wolf_storkow2_Erhard_laube.jpg","type":"image\/jpeg"}],"author":"hanssonnenberg","twitter_misc":{"Verfasst von":"hanssonnenberg","Gesch\u00e4tzte Lesezeit":"2\u00a0Minuten"},"schema":{"@context":"https:\/\/schema.org","@graph":[{"@type":"WebPage","@id":"https:\/\/www.naturparkmagazin.de\/dahme-heideseen\/fotograf-trifft-wolf\/","url":"https:\/\/www.naturparkmagazin.de\/dahme-heideseen\/fotograf-trifft-wolf\/","name":"Fotograf trifft Wolf - Naturpark Dahme-Heideseen","isPartOf":{"@id":"https:\/\/www.naturparkmagazin.de\/dahme-heideseen\/#website"},"datePublished":"2017-12-12T12:57:09+00:00","dateModified":"2025-01-29T09:20:50+00:00","author":{"@id":"https:\/\/www.naturparkmagazin.de\/dahme-heideseen\/#\/schema\/person\/c81c96c3a1f5ee7bffff8b8022c105f0"},"breadcrumb":{"@id":"https:\/\/www.naturparkmagazin.de\/dahme-heideseen\/fotograf-trifft-wolf\/#breadcrumb"},"inLanguage":"de","potentialAction":[{"@type":"ReadAction","target":["https:\/\/www.naturparkmagazin.de\/dahme-heideseen\/fotograf-trifft-wolf\/"]}]},{"@type":"BreadcrumbList","@id":"https:\/\/www.naturparkmagazin.de\/dahme-heideseen\/fotograf-trifft-wolf\/#breadcrumb","itemListElement":[{"@type":"ListItem","position":1,"name":"Home","item":"https:\/\/www.naturparkmagazin.de\/dahme-heideseen\/"},{"@type":"ListItem","position":2,"name":"Fotograf trifft Wolf"}]},{"@type":"WebSite","@id":"https:\/\/www.naturparkmagazin.de\/dahme-heideseen\/#website","url":"https:\/\/www.naturparkmagazin.de\/dahme-heideseen\/","name":"Naturpark Dahme-Heideseen","description":"","potentialAction":[{"@type":"SearchAction","target":{"@type":"EntryPoint","urlTemplate":"https:\/\/www.naturparkmagazin.de\/dahme-heideseen\/?s={search_term_string}"},"query-input":"required name=search_term_string"}],"inLanguage":"de"},{"@type":"Person","@id":"https:\/\/www.naturparkmagazin.de\/dahme-heideseen\/#\/schema\/person\/c81c96c3a1f5ee7bffff8b8022c105f0","name":"hanssonnenberg","url":"https:\/\/www.naturparkmagazin.de\/dahme-heideseen\/author\/hanssonnenberg\/"}]}},"_links":{"self":[{"href":"https:\/\/www.naturparkmagazin.de\/dahme-heideseen\/wp-json\/wp\/v2\/posts\/2254"}],"collection":[{"href":"https:\/\/www.naturparkmagazin.de\/dahme-heideseen\/wp-json\/wp\/v2\/posts"}],"about":[{"href":"https:\/\/www.naturparkmagazin.de\/dahme-heideseen\/wp-json\/wp\/v2\/types\/post"}],"author":[{"embeddable":true,"href":"https:\/\/www.naturparkmagazin.de\/dahme-heideseen\/wp-json\/wp\/v2\/users\/48"}],"replies":[{"embeddable":true,"href":"https:\/\/www.naturparkmagazin.de\/dahme-heideseen\/wp-json\/wp\/v2\/comments?post=2254"}],"version-history":[{"count":4,"href":"https:\/\/www.naturparkmagazin.de\/dahme-heideseen\/wp-json\/wp\/v2\/posts\/2254\/revisions"}],"predecessor-version":[{"id":6748,"href":"https:\/\/www.naturparkmagazin.de\/dahme-heideseen\/wp-json\/wp\/v2\/posts\/2254\/revisions\/6748"}],"wp:featuredmedia":[{"embeddable":true,"href":"https:\/\/www.naturparkmagazin.de\/dahme-heideseen\/wp-json\/wp\/v2\/media\/2255"}],"wp:attachment":[{"href":"https:\/\/www.naturparkmagazin.de\/dahme-heideseen\/wp-json\/wp\/v2\/media?parent=2254"}],"wp:term":[{"taxonomy":"category","embeddable":true,"href":"https:\/\/www.naturparkmagazin.de\/dahme-heideseen\/wp-json\/wp\/v2\/categories?post=2254"},{"taxonomy":"post_tag","embeddable":true,"href":"https:\/\/www.naturparkmagazin.de\/dahme-heideseen\/wp-json\/wp\/v2\/tags?post=2254"}],"curies":[{"name":"wp","href":"https:\/\/api.w.org\/{rel}","templated":true}]}}