{"id":2264,"date":"2017-12-12T14:06:18","date_gmt":"2017-12-12T13:06:18","guid":{"rendered":"http:\/\/www.naturparkmagazin.de\/dahme-heideseen\/?p=2264"},"modified":"2017-12-27T11:17:52","modified_gmt":"2017-12-27T10:17:52","slug":"holzbewohnende-kaefer-im-landschaftsraum-dubrow","status":"publish","type":"post","link":"https:\/\/www.naturparkmagazin.de\/dahme-heideseen\/holzbewohnende-kaefer-im-landschaftsraum-dubrow\/","title":{"rendered":"Vortrag &#8211; Holzbewohnende K\u00e4fer im Landschaftsraum \u201eDubrow\u201c"},"content":{"rendered":"<p>Vortrag \u00fcber die Tierwelt in den Eichenwald-Schutzgebieten am 3. Januar 2018 um 18:00 Uhr im Naturkundemuseum Potsdam.<!--more-->Vortrag im Rahmen der Veranstaltungsreihe zu 20 Jahren Naturpark Dahme-Heideseen\u201c<\/p>\n<p>S\u00fcd\u00f6stlich von Berlin haben in der \u201eDubrow\u201c uralte Eichen die Jahrhunderte \u00fcberdauert. In, an und unter diesen B\u00e4umen lebt eine Vielfalt an K\u00e4ferarten, die ihresgleichen sucht. Die Europ\u00e4ischen Schutzgebiete \u201eDubrow\u201c, \u201eRadeberge\u201c und \u201eKatzenberge\u201c tragen dem Rechnung.<\/p>\n<p>Ranger Hannes Hause von der Naturwacht im Naturpark Dahme-Heiseeen stellt diese Sch\u00e4tze des Naturparks Dahme-Heideseen, aber auch die Herausforderungen, vor denen die Tiere und ihre Lebensr\u00e4ume stehen, vor.<\/p>\n<div id=\"attachment_2265\" style=\"width: 630px\" class=\"wp-caption aligncenter\"><a href=\"https:\/\/www.naturparkmagazin.de\/dahme-heideseen\/wp-content\/uploads\/sites\/37\/npdh_hirsch\u00e4fer_kl\u00e4ber-2017.jpg\"><img aria-describedby=\"caption-attachment-2265\" decoding=\"async\" loading=\"lazy\" class=\"size-medium wp-image-2265\" src=\"https:\/\/www.naturparkmagazin.de\/dahme-heideseen\/wp-content\/uploads\/sites\/37\/npdh_hirsch\u00e4fer_kl\u00e4ber-2017-620x465.jpg\" alt=\"Hirschk\u00e4fer in der Dubrow (W. Klaeber)\" width=\"620\" height=\"465\" srcset=\"https:\/\/www.naturparkmagazin.de\/dahme-heideseen\/wp-content\/uploads\/sites\/37\/npdh_hirsch\u00e4fer_kl\u00e4ber-2017-620x465.jpg 620w, https:\/\/www.naturparkmagazin.de\/dahme-heideseen\/wp-content\/uploads\/sites\/37\/npdh_hirsch\u00e4fer_kl\u00e4ber-2017-300x225.jpg 300w, https:\/\/www.naturparkmagazin.de\/dahme-heideseen\/wp-content\/uploads\/sites\/37\/npdh_hirsch\u00e4fer_kl\u00e4ber-2017-940x704.jpg 940w, https:\/\/www.naturparkmagazin.de\/dahme-heideseen\/wp-content\/uploads\/sites\/37\/npdh_hirsch\u00e4fer_kl\u00e4ber-2017-580x435.jpg 580w, https:\/\/www.naturparkmagazin.de\/dahme-heideseen\/wp-content\/uploads\/sites\/37\/npdh_hirsch\u00e4fer_kl\u00e4ber-2017-420x315.jpg 420w, https:\/\/www.naturparkmagazin.de\/dahme-heideseen\/wp-content\/uploads\/sites\/37\/npdh_hirsch\u00e4fer_kl\u00e4ber-2017-180x135.jpg 180w, https:\/\/www.naturparkmagazin.de\/dahme-heideseen\/wp-content\/uploads\/sites\/37\/npdh_hirsch\u00e4fer_kl\u00e4ber-2017-95x71.jpg 95w, https:\/\/www.naturparkmagazin.de\/dahme-heideseen\/wp-content\/uploads\/sites\/37\/npdh_hirsch\u00e4fer_kl\u00e4ber-2017-670x502.jpg 670w, https:\/\/www.naturparkmagazin.de\/dahme-heideseen\/wp-content\/uploads\/sites\/37\/npdh_hirsch\u00e4fer_kl\u00e4ber-2017-200x150.jpg 200w, https:\/\/www.naturparkmagazin.de\/dahme-heideseen\/wp-content\/uploads\/sites\/37\/npdh_hirsch\u00e4fer_kl\u00e4ber-2017.jpg 953w\" sizes=\"(max-width: 620px) 100vw, 620px\" \/><\/a><p id=\"caption-attachment-2265\" class=\"wp-caption-text\">Hirschk\u00e4fer in der Dubrow (W. Klaeber)<\/p><\/div>\n<h4 class=\"event_subheader\">\u00a0Veranstaltungsort<\/h4>\n<p><b>Naturkundemuseum Potsdam<\/b>\nBreite Stra\u00dfe 13\n14467 Potsdam\nTel.: +49 (0)331 289-6703\n<a class=\"link-extern\" href=\"https:\/\/www.potsdam.de\/naturkundemuseum-potsdam\" target=\"_blank\">www.potsdam.de\/naturkundemuseum-potsdam<\/a><\/p>\n<p>Kontakt<\/p>\n<p><b>Naturkundemuseum Potsdam<\/b>\nDr. Dirk Berger\nBreite Stra\u00dfe 13\n14467 Potsdam\nTel.: +49 (0) 331 289 6703\n<a href=\"mailto:dirk.berger@rathaus.potsdam.de\">dirk.berger@rathaus.potsdam.de<\/a>\n<a class=\"link-extern\" href=\"https:\/\/www.potsdam.de\/naturkundemuseum-potsdam\" target=\"_blank\">www.potsdam.de\/naturkundemuseum-potsdam<\/a><\/p>\n","protected":false},"excerpt":{"rendered":"<p>Vortrag \u00fcber die Tierwelt in den Eichenwald-Schutzgebieten am 3. Januar 2018 um 18:00 Uhr im Naturkundemuseum Potsdam.<\/p>\n","protected":false},"author":48,"featured_media":2265,"comment_status":"open","ping_status":"open","sticky":false,"template":"","format":"standard","meta":[],"categories":[11],"tags":[],"yoast_head":"<!-- This site is optimized with the Yoast SEO plugin v19.10 - https:\/\/yoast.com\/wordpress\/plugins\/seo\/ -->\n<title>Vortrag - Holzbewohnende K\u00e4fer im Landschaftsraum \u201eDubrow\u201c - Naturpark Dahme-Heideseen<\/title>\n<meta name=\"robots\" content=\"index, follow, max-snippet:-1, max-image-preview:large, max-video-preview:-1\" \/>\n<link rel=\"canonical\" href=\"https:\/\/www.naturparkmagazin.de\/dahme-heideseen\/holzbewohnende-kaefer-im-landschaftsraum-dubrow\/\" \/>\n<meta property=\"og:locale\" content=\"de_DE\" \/>\n<meta property=\"og:type\" content=\"article\" \/>\n<meta property=\"og:title\" content=\"Vortrag - Holzbewohnende K\u00e4fer im Landschaftsraum \u201eDubrow\u201c - Naturpark Dahme-Heideseen\" \/>\n<meta property=\"og:description\" content=\"Vortrag \u00fcber die Tierwelt in den Eichenwald-Schutzgebieten am 3. Januar 2018 um 18:00 Uhr im Naturkundemuseum Potsdam.\" \/>\n<meta property=\"og:url\" content=\"https:\/\/www.naturparkmagazin.de\/dahme-heideseen\/holzbewohnende-kaefer-im-landschaftsraum-dubrow\/\" \/>\n<meta property=\"og:site_name\" content=\"Naturpark Dahme-Heideseen\" \/>\n<meta property=\"article:published_time\" content=\"2017-12-12T13:06:18+00:00\" \/>\n<meta property=\"article:modified_time\" content=\"2017-12-27T10:17:52+00:00\" \/>\n<meta property=\"og:image\" content=\"https:\/\/www.naturparkmagazin.de\/dahme-heideseen\/wp-content\/uploads\/sites\/37\/npdh_hirsch\u00e4fer_kl\u00e4ber-2017.jpg\" \/>\n\t<meta property=\"og:image:width\" content=\"953\" \/>\n\t<meta property=\"og:image:height\" content=\"714\" \/>\n\t<meta property=\"og:image:type\" content=\"image\/jpeg\" \/>\n<meta name=\"author\" content=\"hanssonnenberg\" \/>\n<meta name=\"twitter:label1\" content=\"Verfasst von\" \/>\n\t<meta name=\"twitter:data1\" content=\"hanssonnenberg\" \/>\n\t<meta name=\"twitter:label2\" content=\"Gesch\u00e4tzte Lesezeit\" \/>\n\t<meta name=\"twitter:data2\" content=\"1\u00a0Minute\" \/>\n<script type=\"application\/ld+json\" class=\"yoast-schema-graph\">{\"@context\":\"https:\/\/schema.org\",\"@graph\":[{\"@type\":\"WebPage\",\"@id\":\"https:\/\/www.naturparkmagazin.de\/dahme-heideseen\/holzbewohnende-kaefer-im-landschaftsraum-dubrow\/\",\"url\":\"https:\/\/www.naturparkmagazin.de\/dahme-heideseen\/holzbewohnende-kaefer-im-landschaftsraum-dubrow\/\",\"name\":\"Vortrag - Holzbewohnende K\u00e4fer im Landschaftsraum \u201eDubrow\u201c - Naturpark Dahme-Heideseen\",\"isPartOf\":{\"@id\":\"https:\/\/www.naturparkmagazin.de\/dahme-heideseen\/#website\"},\"datePublished\":\"2017-12-12T13:06:18+00:00\",\"dateModified\":\"2017-12-27T10:17:52+00:00\",\"author\":{\"@id\":\"https:\/\/www.naturparkmagazin.de\/dahme-heideseen\/#\/schema\/person\/c81c96c3a1f5ee7bffff8b8022c105f0\"},\"breadcrumb\":{\"@id\":\"https:\/\/www.naturparkmagazin.de\/dahme-heideseen\/holzbewohnende-kaefer-im-landschaftsraum-dubrow\/#breadcrumb\"},\"inLanguage\":\"de\",\"potentialAction\":[{\"@type\":\"ReadAction\",\"target\":[\"https:\/\/www.naturparkmagazin.de\/dahme-heideseen\/holzbewohnende-kaefer-im-landschaftsraum-dubrow\/\"]}]},{\"@type\":\"BreadcrumbList\",\"@id\":\"https:\/\/www.naturparkmagazin.de\/dahme-heideseen\/holzbewohnende-kaefer-im-landschaftsraum-dubrow\/#breadcrumb\",\"itemListElement\":[{\"@type\":\"ListItem\",\"position\":1,\"name\":\"Home\",\"item\":\"https:\/\/www.naturparkmagazin.de\/dahme-heideseen\/\"},{\"@type\":\"ListItem\",\"position\":2,\"name\":\"Vortrag &#8211; Holzbewohnende K\u00e4fer im Landschaftsraum \u201eDubrow\u201c\"}]},{\"@type\":\"WebSite\",\"@id\":\"https:\/\/www.naturparkmagazin.de\/dahme-heideseen\/#website\",\"url\":\"https:\/\/www.naturparkmagazin.de\/dahme-heideseen\/\",\"name\":\"Naturpark Dahme-Heideseen\",\"description\":\"\",\"potentialAction\":[{\"@type\":\"SearchAction\",\"target\":{\"@type\":\"EntryPoint\",\"urlTemplate\":\"https:\/\/www.naturparkmagazin.de\/dahme-heideseen\/?s={search_term_string}\"},\"query-input\":\"required name=search_term_string\"}],\"inLanguage\":\"de\"},{\"@type\":\"Person\",\"@id\":\"https:\/\/www.naturparkmagazin.de\/dahme-heideseen\/#\/schema\/person\/c81c96c3a1f5ee7bffff8b8022c105f0\",\"name\":\"hanssonnenberg\",\"url\":\"https:\/\/www.naturparkmagazin.de\/dahme-heideseen\/author\/hanssonnenberg\/\"}]}<\/script>\n<!-- \/ Yoast SEO plugin. -->","yoast_head_json":{"title":"Vortrag - Holzbewohnende K\u00e4fer im Landschaftsraum \u201eDubrow\u201c - Naturpark Dahme-Heideseen","robots":{"index":"index","follow":"follow","max-snippet":"max-snippet:-1","max-image-preview":"max-image-preview:large","max-video-preview":"max-video-preview:-1"},"canonical":"https:\/\/www.naturparkmagazin.de\/dahme-heideseen\/holzbewohnende-kaefer-im-landschaftsraum-dubrow\/","og_locale":"de_DE","og_type":"article","og_title":"Vortrag - Holzbewohnende K\u00e4fer im Landschaftsraum \u201eDubrow\u201c - Naturpark Dahme-Heideseen","og_description":"Vortrag \u00fcber die Tierwelt in den Eichenwald-Schutzgebieten am 3. Januar 2018 um 18:00 Uhr im Naturkundemuseum Potsdam.","og_url":"https:\/\/www.naturparkmagazin.de\/dahme-heideseen\/holzbewohnende-kaefer-im-landschaftsraum-dubrow\/","og_site_name":"Naturpark Dahme-Heideseen","article_published_time":"2017-12-12T13:06:18+00:00","article_modified_time":"2017-12-27T10:17:52+00:00","og_image":[{"width":953,"height":714,"url":"https:\/\/www.naturparkmagazin.de\/dahme-heideseen\/wp-content\/uploads\/sites\/37\/npdh_hirsch\u00e4fer_kl\u00e4ber-2017.jpg","type":"image\/jpeg"}],"author":"hanssonnenberg","twitter_misc":{"Verfasst von":"hanssonnenberg","Gesch\u00e4tzte Lesezeit":"1\u00a0Minute"},"schema":{"@context":"https:\/\/schema.org","@graph":[{"@type":"WebPage","@id":"https:\/\/www.naturparkmagazin.de\/dahme-heideseen\/holzbewohnende-kaefer-im-landschaftsraum-dubrow\/","url":"https:\/\/www.naturparkmagazin.de\/dahme-heideseen\/holzbewohnende-kaefer-im-landschaftsraum-dubrow\/","name":"Vortrag - Holzbewohnende K\u00e4fer im Landschaftsraum \u201eDubrow\u201c - Naturpark Dahme-Heideseen","isPartOf":{"@id":"https:\/\/www.naturparkmagazin.de\/dahme-heideseen\/#website"},"datePublished":"2017-12-12T13:06:18+00:00","dateModified":"2017-12-27T10:17:52+00:00","author":{"@id":"https:\/\/www.naturparkmagazin.de\/dahme-heideseen\/#\/schema\/person\/c81c96c3a1f5ee7bffff8b8022c105f0"},"breadcrumb":{"@id":"https:\/\/www.naturparkmagazin.de\/dahme-heideseen\/holzbewohnende-kaefer-im-landschaftsraum-dubrow\/#breadcrumb"},"inLanguage":"de","potentialAction":[{"@type":"ReadAction","target":["https:\/\/www.naturparkmagazin.de\/dahme-heideseen\/holzbewohnende-kaefer-im-landschaftsraum-dubrow\/"]}]},{"@type":"BreadcrumbList","@id":"https:\/\/www.naturparkmagazin.de\/dahme-heideseen\/holzbewohnende-kaefer-im-landschaftsraum-dubrow\/#breadcrumb","itemListElement":[{"@type":"ListItem","position":1,"name":"Home","item":"https:\/\/www.naturparkmagazin.de\/dahme-heideseen\/"},{"@type":"ListItem","position":2,"name":"Vortrag &#8211; Holzbewohnende K\u00e4fer im Landschaftsraum \u201eDubrow\u201c"}]},{"@type":"WebSite","@id":"https:\/\/www.naturparkmagazin.de\/dahme-heideseen\/#website","url":"https:\/\/www.naturparkmagazin.de\/dahme-heideseen\/","name":"Naturpark Dahme-Heideseen","description":"","potentialAction":[{"@type":"SearchAction","target":{"@type":"EntryPoint","urlTemplate":"https:\/\/www.naturparkmagazin.de\/dahme-heideseen\/?s={search_term_string}"},"query-input":"required name=search_term_string"}],"inLanguage":"de"},{"@type":"Person","@id":"https:\/\/www.naturparkmagazin.de\/dahme-heideseen\/#\/schema\/person\/c81c96c3a1f5ee7bffff8b8022c105f0","name":"hanssonnenberg","url":"https:\/\/www.naturparkmagazin.de\/dahme-heideseen\/author\/hanssonnenberg\/"}]}},"_links":{"self":[{"href":"https:\/\/www.naturparkmagazin.de\/dahme-heideseen\/wp-json\/wp\/v2\/posts\/2264"}],"collection":[{"href":"https:\/\/www.naturparkmagazin.de\/dahme-heideseen\/wp-json\/wp\/v2\/posts"}],"about":[{"href":"https:\/\/www.naturparkmagazin.de\/dahme-heideseen\/wp-json\/wp\/v2\/types\/post"}],"author":[{"embeddable":true,"href":"https:\/\/www.naturparkmagazin.de\/dahme-heideseen\/wp-json\/wp\/v2\/users\/48"}],"replies":[{"embeddable":true,"href":"https:\/\/www.naturparkmagazin.de\/dahme-heideseen\/wp-json\/wp\/v2\/comments?post=2264"}],"version-history":[{"count":7,"href":"https:\/\/www.naturparkmagazin.de\/dahme-heideseen\/wp-json\/wp\/v2\/posts\/2264\/revisions"}],"predecessor-version":[{"id":2330,"href":"https:\/\/www.naturparkmagazin.de\/dahme-heideseen\/wp-json\/wp\/v2\/posts\/2264\/revisions\/2330"}],"wp:featuredmedia":[{"embeddable":true,"href":"https:\/\/www.naturparkmagazin.de\/dahme-heideseen\/wp-json\/wp\/v2\/media\/2265"}],"wp:attachment":[{"href":"https:\/\/www.naturparkmagazin.de\/dahme-heideseen\/wp-json\/wp\/v2\/media?parent=2264"}],"wp:term":[{"taxonomy":"category","embeddable":true,"href":"https:\/\/www.naturparkmagazin.de\/dahme-heideseen\/wp-json\/wp\/v2\/categories?post=2264"},{"taxonomy":"post_tag","embeddable":true,"href":"https:\/\/www.naturparkmagazin.de\/dahme-heideseen\/wp-json\/wp\/v2\/tags?post=2264"}],"curies":[{"name":"wp","href":"https:\/\/api.w.org\/{rel}","templated":true}]}}