{"id":2282,"date":"2018-01-18T10:00:00","date_gmt":"2018-01-18T09:00:00","guid":{"rendered":"http:\/\/www.naturparkmagazin.de\/dahme-heideseen\/?p=2282"},"modified":"2018-01-18T10:24:01","modified_gmt":"2018-01-18T09:24:01","slug":"hirschkaefer-und-rothirsche-naturfotografie-von-anneli-kraemer-und-klaus-weber","status":"publish","type":"post","link":"https:\/\/www.naturparkmagazin.de\/dahme-heideseen\/hirschkaefer-und-rothirsche-naturfotografie-von-anneli-kraemer-und-klaus-weber\/","title":{"rendered":"Hirschk\u00e4fer und Rothirsche &#8211; Naturfotografie von Anneli Kr\u00e4mer und Klaus Weber"},"content":{"rendered":"<p>Ausstellung vom 24. Januar bis 15. M\u00e4rz im Tourismuszentrum Perieros \/ Heidesee<!--more--><\/p>\n<p>Anneli Kr\u00e4mer und Klaus Weber sind Naturfotografen, die in der Region leben. Beide Fotografen ver\u00f6ffentlichen regelm\u00e4\u00dfig ihre Bilder und Beitr\u00e4ge im JahreBuch. Klaus Weber hat mit seinen Aufnahmen und Geschichten von wilden S\u00e4ugetieren den Kalenderteil 2018 gestaltet. Die Schmetterlingsfotos von Annelie Kr\u00e4mer pr\u00e4gten das JahreBuch 2015.<\/p>\n<p>In der Ausstellung &#8222;Hirschk\u00e4fer und Rothische&#8220; ziegen beide Naturfotografen eine Querschnitt ihrere Arbeiten.<\/p>\n<p>Die Ausstellung wird gezeigt vom 24. Januar bis 15 M\u00e4rz 2018. Die Er\u00f6ffnung am Mitwoch, 24. Januar 2018 findet um 15 Uhr statt. G\u00e4ste sind herzlich willkommen.<\/p>\n<p>&nbsp;<\/p>\n<div id=\"attachment_2351\" style=\"width: 630px\" class=\"wp-caption aligncenter\"><a href=\"https:\/\/www.naturparkmagazin.de\/dahme-heideseen\/wp-content\/uploads\/sites\/37\/npdh_hirschk\u00e4fer_kr\u00e4mer.jpg\"><img aria-describedby=\"caption-attachment-2351\" decoding=\"async\" loading=\"lazy\" class=\"size-medium wp-image-2351\" src=\"https:\/\/www.naturparkmagazin.de\/dahme-heideseen\/wp-content\/uploads\/sites\/37\/npdh_hirschk\u00e4fer_kr\u00e4mer-620x414.jpg\" alt=\"Hirschk\u00e4fer \u00a9 Anneli Kr\u00e4mer\" width=\"620\" height=\"414\" srcset=\"https:\/\/www.naturparkmagazin.de\/dahme-heideseen\/wp-content\/uploads\/sites\/37\/npdh_hirschk\u00e4fer_kr\u00e4mer-620x414.jpg 620w, https:\/\/www.naturparkmagazin.de\/dahme-heideseen\/wp-content\/uploads\/sites\/37\/npdh_hirschk\u00e4fer_kr\u00e4mer-300x200.jpg 300w, https:\/\/www.naturparkmagazin.de\/dahme-heideseen\/wp-content\/uploads\/sites\/37\/npdh_hirschk\u00e4fer_kr\u00e4mer-200x133.jpg 200w, https:\/\/www.naturparkmagazin.de\/dahme-heideseen\/wp-content\/uploads\/sites\/37\/npdh_hirschk\u00e4fer_kr\u00e4mer.jpg 640w\" sizes=\"(max-width: 620px) 100vw, 620px\" \/><\/a><p id=\"caption-attachment-2351\" class=\"wp-caption-text\">Hirschk\u00e4fer \u00a9 Anneli Kr\u00e4mer<\/p><\/div>\n<div id=\"attachment_2350\" style=\"width: 630px\" class=\"wp-caption aligncenter\"><a href=\"https:\/\/www.naturparkmagazin.de\/dahme-heideseen\/wp-content\/uploads\/sites\/37\/npdh_hirschgr-r\u00f6hrend_weber.jpg\"><img aria-describedby=\"caption-attachment-2350\" decoding=\"async\" loading=\"lazy\" class=\"size-medium wp-image-2350\" src=\"https:\/\/www.naturparkmagazin.de\/dahme-heideseen\/wp-content\/uploads\/sites\/37\/npdh_hirschgr-r\u00f6hrend_weber-620x413.jpg\" alt=\"Hirsch \u00a9 Klaus Weber\" width=\"620\" height=\"413\" srcset=\"https:\/\/www.naturparkmagazin.de\/dahme-heideseen\/wp-content\/uploads\/sites\/37\/npdh_hirschgr-r\u00f6hrend_weber-620x413.jpg 620w, https:\/\/www.naturparkmagazin.de\/dahme-heideseen\/wp-content\/uploads\/sites\/37\/npdh_hirschgr-r\u00f6hrend_weber-300x200.jpg 300w, https:\/\/www.naturparkmagazin.de\/dahme-heideseen\/wp-content\/uploads\/sites\/37\/npdh_hirschgr-r\u00f6hrend_weber-670x446.jpg 670w, https:\/\/www.naturparkmagazin.de\/dahme-heideseen\/wp-content\/uploads\/sites\/37\/npdh_hirschgr-r\u00f6hrend_weber-200x133.jpg 200w, https:\/\/www.naturparkmagazin.de\/dahme-heideseen\/wp-content\/uploads\/sites\/37\/npdh_hirschgr-r\u00f6hrend_weber.jpg 800w\" sizes=\"(max-width: 620px) 100vw, 620px\" \/><\/a><p id=\"caption-attachment-2350\" class=\"wp-caption-text\">Hirsch \u00a9 Klaus Weber<\/p><\/div>\n<p>&nbsp;<\/p>\n<p>Zum Nachsehen:<\/p>\n<p><a href=\"http:\/\/www.fotocommunity.de\/photographer\/anneli-kraemer\/434388\" target=\"_blank\">Naturfotos von Anneli Kr\u00e4mer<\/a><\/p>\n<p><a href=\"http:\/\/www.fotocommunity.de\/photographer\/klaus-d-weber\/436539\" target=\"_blank\">Naturfotos von Klaus Weber<\/a><\/p>\n<p><a href=\"http:\/\/www.odf-tv.de\/mediathek\/29470\/Tiere_vor_der_Kamera.html\" target=\"_blank\">Tiere vor der Kamera : Klaus Weber im ODF-Fernsehen f\u00fcr Ostbrandenburg<\/a><\/p>\n<p><b>Tourismuszentrum Prieros <\/b>\nPrieroser Dorfstr. 18 A\n15754 Heidesee\nTel.: +49 (0)33768 \/ 20 89 30\n<a href=\"mailto:tourismus@gemeinde-heidesee.de\">tourismus@gemeinde-heidesee.de<\/a><\/p>\n<h4 class=\"event_subheader\">Kontakt<\/h4>\n<p><b>Naturpark Dahme-Heideseen<\/b>\nArno\u00f6d Breithor-Stra\u00dfe8\n15754 Heidesee\nTel.: +49 (0)33768 9690\n<a class=\"link-extern\" href=\"http:\/\/www.dahme-heideseen-naturpark.de\/\" target=\"_blank\">www.dahme-heideseen-naturpark.de\/<\/a><\/p>\n","protected":false},"excerpt":{"rendered":"<p>20 Jahre Naturpark  Dahme-Heideseen &#8211; Ausstellungser\u00f6ffnung am 24. Januar 2018 im Tourismuszentrum Heidesee um 15:00 Uhr.<\/p>\n","protected":false},"author":48,"featured_media":2349,"comment_status":"open","ping_status":"open","sticky":false,"template":"","format":"standard","meta":[],"categories":[11],"tags":[],"yoast_head":"<!-- This site is optimized with the Yoast SEO plugin v19.10 - https:\/\/yoast.com\/wordpress\/plugins\/seo\/ -->\n<title>Hirschk\u00e4fer und Rothirsche - Naturfotografie von Anneli Kr\u00e4mer und Klaus Weber - Naturpark Dahme-Heideseen<\/title>\n<meta name=\"robots\" content=\"index, follow, max-snippet:-1, max-image-preview:large, max-video-preview:-1\" \/>\n<link rel=\"canonical\" href=\"https:\/\/www.naturparkmagazin.de\/dahme-heideseen\/hirschkaefer-und-rothirsche-naturfotografie-von-anneli-kraemer-und-klaus-weber\/\" \/>\n<meta property=\"og:locale\" content=\"de_DE\" \/>\n<meta property=\"og:type\" content=\"article\" \/>\n<meta property=\"og:title\" content=\"Hirschk\u00e4fer und Rothirsche - Naturfotografie von Anneli Kr\u00e4mer und Klaus Weber - Naturpark Dahme-Heideseen\" \/>\n<meta property=\"og:description\" content=\"20 Jahre Naturpark Dahme-Heideseen - Ausstellungser\u00f6ffnung am 24. Januar 2018 im Tourismuszentrum Heidesee um 15:00 Uhr.\" \/>\n<meta property=\"og:url\" content=\"https:\/\/www.naturparkmagazin.de\/dahme-heideseen\/hirschkaefer-und-rothirsche-naturfotografie-von-anneli-kraemer-und-klaus-weber\/\" \/>\n<meta property=\"og:site_name\" content=\"Naturpark Dahme-Heideseen\" \/>\n<meta property=\"article:published_time\" content=\"2018-01-18T09:00:00+00:00\" \/>\n<meta property=\"article:modified_time\" content=\"2018-01-18T09:24:01+00:00\" \/>\n<meta property=\"og:image\" content=\"https:\/\/www.naturparkmagazin.de\/dahme-heideseen\/wp-content\/uploads\/sites\/37\/npdh_hirsche_weber.jpg\" \/>\n\t<meta property=\"og:image:width\" content=\"1024\" \/>\n\t<meta property=\"og:image:height\" content=\"677\" \/>\n\t<meta property=\"og:image:type\" content=\"image\/jpeg\" \/>\n<meta name=\"author\" content=\"hanssonnenberg\" \/>\n<meta name=\"twitter:label1\" content=\"Verfasst von\" \/>\n\t<meta name=\"twitter:data1\" content=\"hanssonnenberg\" \/>\n\t<meta name=\"twitter:label2\" content=\"Gesch\u00e4tzte Lesezeit\" \/>\n\t<meta name=\"twitter:data2\" content=\"1\u00a0Minute\" \/>\n<script type=\"application\/ld+json\" class=\"yoast-schema-graph\">{\"@context\":\"https:\/\/schema.org\",\"@graph\":[{\"@type\":\"WebPage\",\"@id\":\"https:\/\/www.naturparkmagazin.de\/dahme-heideseen\/hirschkaefer-und-rothirsche-naturfotografie-von-anneli-kraemer-und-klaus-weber\/\",\"url\":\"https:\/\/www.naturparkmagazin.de\/dahme-heideseen\/hirschkaefer-und-rothirsche-naturfotografie-von-anneli-kraemer-und-klaus-weber\/\",\"name\":\"Hirschk\u00e4fer und Rothirsche - Naturfotografie von Anneli Kr\u00e4mer und Klaus Weber - Naturpark Dahme-Heideseen\",\"isPartOf\":{\"@id\":\"https:\/\/www.naturparkmagazin.de\/dahme-heideseen\/#website\"},\"datePublished\":\"2018-01-18T09:00:00+00:00\",\"dateModified\":\"2018-01-18T09:24:01+00:00\",\"author\":{\"@id\":\"https:\/\/www.naturparkmagazin.de\/dahme-heideseen\/#\/schema\/person\/c81c96c3a1f5ee7bffff8b8022c105f0\"},\"breadcrumb\":{\"@id\":\"https:\/\/www.naturparkmagazin.de\/dahme-heideseen\/hirschkaefer-und-rothirsche-naturfotografie-von-anneli-kraemer-und-klaus-weber\/#breadcrumb\"},\"inLanguage\":\"de\",\"potentialAction\":[{\"@type\":\"ReadAction\",\"target\":[\"https:\/\/www.naturparkmagazin.de\/dahme-heideseen\/hirschkaefer-und-rothirsche-naturfotografie-von-anneli-kraemer-und-klaus-weber\/\"]}]},{\"@type\":\"BreadcrumbList\",\"@id\":\"https:\/\/www.naturparkmagazin.de\/dahme-heideseen\/hirschkaefer-und-rothirsche-naturfotografie-von-anneli-kraemer-und-klaus-weber\/#breadcrumb\",\"itemListElement\":[{\"@type\":\"ListItem\",\"position\":1,\"name\":\"Home\",\"item\":\"https:\/\/www.naturparkmagazin.de\/dahme-heideseen\/\"},{\"@type\":\"ListItem\",\"position\":2,\"name\":\"Hirschk\u00e4fer und Rothirsche &#8211; Naturfotografie von Anneli Kr\u00e4mer und Klaus Weber\"}]},{\"@type\":\"WebSite\",\"@id\":\"https:\/\/www.naturparkmagazin.de\/dahme-heideseen\/#website\",\"url\":\"https:\/\/www.naturparkmagazin.de\/dahme-heideseen\/\",\"name\":\"Naturpark Dahme-Heideseen\",\"description\":\"\",\"potentialAction\":[{\"@type\":\"SearchAction\",\"target\":{\"@type\":\"EntryPoint\",\"urlTemplate\":\"https:\/\/www.naturparkmagazin.de\/dahme-heideseen\/?s={search_term_string}\"},\"query-input\":\"required name=search_term_string\"}],\"inLanguage\":\"de\"},{\"@type\":\"Person\",\"@id\":\"https:\/\/www.naturparkmagazin.de\/dahme-heideseen\/#\/schema\/person\/c81c96c3a1f5ee7bffff8b8022c105f0\",\"name\":\"hanssonnenberg\",\"url\":\"https:\/\/www.naturparkmagazin.de\/dahme-heideseen\/author\/hanssonnenberg\/\"}]}<\/script>\n<!-- \/ Yoast SEO plugin. -->","yoast_head_json":{"title":"Hirschk\u00e4fer und Rothirsche - Naturfotografie von Anneli Kr\u00e4mer und Klaus Weber - Naturpark Dahme-Heideseen","robots":{"index":"index","follow":"follow","max-snippet":"max-snippet:-1","max-image-preview":"max-image-preview:large","max-video-preview":"max-video-preview:-1"},"canonical":"https:\/\/www.naturparkmagazin.de\/dahme-heideseen\/hirschkaefer-und-rothirsche-naturfotografie-von-anneli-kraemer-und-klaus-weber\/","og_locale":"de_DE","og_type":"article","og_title":"Hirschk\u00e4fer und Rothirsche - Naturfotografie von Anneli Kr\u00e4mer und Klaus Weber - Naturpark Dahme-Heideseen","og_description":"20 Jahre Naturpark Dahme-Heideseen - Ausstellungser\u00f6ffnung am 24. Januar 2018 im Tourismuszentrum Heidesee um 15:00 Uhr.","og_url":"https:\/\/www.naturparkmagazin.de\/dahme-heideseen\/hirschkaefer-und-rothirsche-naturfotografie-von-anneli-kraemer-und-klaus-weber\/","og_site_name":"Naturpark Dahme-Heideseen","article_published_time":"2018-01-18T09:00:00+00:00","article_modified_time":"2018-01-18T09:24:01+00:00","og_image":[{"width":1024,"height":677,"url":"https:\/\/www.naturparkmagazin.de\/dahme-heideseen\/wp-content\/uploads\/sites\/37\/npdh_hirsche_weber.jpg","type":"image\/jpeg"}],"author":"hanssonnenberg","twitter_misc":{"Verfasst von":"hanssonnenberg","Gesch\u00e4tzte Lesezeit":"1\u00a0Minute"},"schema":{"@context":"https:\/\/schema.org","@graph":[{"@type":"WebPage","@id":"https:\/\/www.naturparkmagazin.de\/dahme-heideseen\/hirschkaefer-und-rothirsche-naturfotografie-von-anneli-kraemer-und-klaus-weber\/","url":"https:\/\/www.naturparkmagazin.de\/dahme-heideseen\/hirschkaefer-und-rothirsche-naturfotografie-von-anneli-kraemer-und-klaus-weber\/","name":"Hirschk\u00e4fer und Rothirsche - Naturfotografie von Anneli Kr\u00e4mer und Klaus Weber - Naturpark Dahme-Heideseen","isPartOf":{"@id":"https:\/\/www.naturparkmagazin.de\/dahme-heideseen\/#website"},"datePublished":"2018-01-18T09:00:00+00:00","dateModified":"2018-01-18T09:24:01+00:00","author":{"@id":"https:\/\/www.naturparkmagazin.de\/dahme-heideseen\/#\/schema\/person\/c81c96c3a1f5ee7bffff8b8022c105f0"},"breadcrumb":{"@id":"https:\/\/www.naturparkmagazin.de\/dahme-heideseen\/hirschkaefer-und-rothirsche-naturfotografie-von-anneli-kraemer-und-klaus-weber\/#breadcrumb"},"inLanguage":"de","potentialAction":[{"@type":"ReadAction","target":["https:\/\/www.naturparkmagazin.de\/dahme-heideseen\/hirschkaefer-und-rothirsche-naturfotografie-von-anneli-kraemer-und-klaus-weber\/"]}]},{"@type":"BreadcrumbList","@id":"https:\/\/www.naturparkmagazin.de\/dahme-heideseen\/hirschkaefer-und-rothirsche-naturfotografie-von-anneli-kraemer-und-klaus-weber\/#breadcrumb","itemListElement":[{"@type":"ListItem","position":1,"name":"Home","item":"https:\/\/www.naturparkmagazin.de\/dahme-heideseen\/"},{"@type":"ListItem","position":2,"name":"Hirschk\u00e4fer und Rothirsche &#8211; Naturfotografie von Anneli Kr\u00e4mer und Klaus Weber"}]},{"@type":"WebSite","@id":"https:\/\/www.naturparkmagazin.de\/dahme-heideseen\/#website","url":"https:\/\/www.naturparkmagazin.de\/dahme-heideseen\/","name":"Naturpark Dahme-Heideseen","description":"","potentialAction":[{"@type":"SearchAction","target":{"@type":"EntryPoint","urlTemplate":"https:\/\/www.naturparkmagazin.de\/dahme-heideseen\/?s={search_term_string}"},"query-input":"required name=search_term_string"}],"inLanguage":"de"},{"@type":"Person","@id":"https:\/\/www.naturparkmagazin.de\/dahme-heideseen\/#\/schema\/person\/c81c96c3a1f5ee7bffff8b8022c105f0","name":"hanssonnenberg","url":"https:\/\/www.naturparkmagazin.de\/dahme-heideseen\/author\/hanssonnenberg\/"}]}},"_links":{"self":[{"href":"https:\/\/www.naturparkmagazin.de\/dahme-heideseen\/wp-json\/wp\/v2\/posts\/2282"}],"collection":[{"href":"https:\/\/www.naturparkmagazin.de\/dahme-heideseen\/wp-json\/wp\/v2\/posts"}],"about":[{"href":"https:\/\/www.naturparkmagazin.de\/dahme-heideseen\/wp-json\/wp\/v2\/types\/post"}],"author":[{"embeddable":true,"href":"https:\/\/www.naturparkmagazin.de\/dahme-heideseen\/wp-json\/wp\/v2\/users\/48"}],"replies":[{"embeddable":true,"href":"https:\/\/www.naturparkmagazin.de\/dahme-heideseen\/wp-json\/wp\/v2\/comments?post=2282"}],"version-history":[{"count":7,"href":"https:\/\/www.naturparkmagazin.de\/dahme-heideseen\/wp-json\/wp\/v2\/posts\/2282\/revisions"}],"predecessor-version":[{"id":2352,"href":"https:\/\/www.naturparkmagazin.de\/dahme-heideseen\/wp-json\/wp\/v2\/posts\/2282\/revisions\/2352"}],"wp:featuredmedia":[{"embeddable":true,"href":"https:\/\/www.naturparkmagazin.de\/dahme-heideseen\/wp-json\/wp\/v2\/media\/2349"}],"wp:attachment":[{"href":"https:\/\/www.naturparkmagazin.de\/dahme-heideseen\/wp-json\/wp\/v2\/media?parent=2282"}],"wp:term":[{"taxonomy":"category","embeddable":true,"href":"https:\/\/www.naturparkmagazin.de\/dahme-heideseen\/wp-json\/wp\/v2\/categories?post=2282"},{"taxonomy":"post_tag","embeddable":true,"href":"https:\/\/www.naturparkmagazin.de\/dahme-heideseen\/wp-json\/wp\/v2\/tags?post=2282"}],"curies":[{"name":"wp","href":"https:\/\/api.w.org\/{rel}","templated":true}]}}