{"id":2299,"date":"2017-12-15T21:44:31","date_gmt":"2017-12-15T20:44:31","guid":{"rendered":"http:\/\/www.naturparkmagazin.de\/dahme-heideseen\/?p=2299"},"modified":"2017-12-27T11:12:07","modified_gmt":"2017-12-27T10:12:07","slug":"der-dachs-januarmotiv-im-jahrebuch-2018","status":"publish","type":"post","link":"https:\/\/www.naturparkmagazin.de\/dahme-heideseen\/der-dachs-januarmotiv-im-jahrebuch-2018\/","title":{"rendered":"Der Dachs &#8211; Januarmotiv im JahreBuch 2018"},"content":{"rendered":"<p>Der Fotograf Klaus Weber gestaltet mit seinen Aufnahmen wildlebender S\u00e4ugetiere die Kalenderbl\u00e4tter des JahreBuch 2018. Als kleine Serie durch das Jahr stellen wir Ihnen die Kalendermotive hier vor. Heute, der Dachs.\n<!--more--><\/p>\n<p><strong>Der Dachs\u00a0<\/strong>(<em>Meles meles<\/em>)<\/p>\n<p>Die Schutzgemeinschaft Deutscher Wald hat den Dachs zum Tier des Jahres 2010 gek\u00fcrt und damit ein wenig ins Blickfeld des Menschen ger\u00fcckt.<\/p>\n<p>Der europ\u00e4ische Dachs f\u00fchrt ein derart konsequentes Schattendasein, dass viele Menschen ihn noch nie gesehen haben. Seinen Bau verl\u00e4sst er zumeist erst lange nach Einbruch derNacht. Irgendwann im Verlauf des Jahres werden die Tage immer l\u00e4nger und l\u00e4nger, und irgendwann muss er dann los und f\u00fcr Nahrungsorgen \u2026<\/p>\n<p>Das ist die Chance f\u00fcr den Beobachter. Bei meinen Ansitzen auf den Dachs war das im Fr\u00fchjahr jeweils so gegen 19.30 bis 20.00 Uhr.Hat er aber Junge im Bau, kann das auch schonmal eher stattfinden. Die jungen Dachse des Vorjahres werden dann, wenn neuer Nachwuchs nachdr\u00e4ngt, aus dem Bau getrieben.<\/p>\n<p>Jagdtechnisch betrachtet wird das der Familie der Marderartigen zugeh\u00f6rige Tier dem\u00bbRaubzeug\u00ab zugeordnet, womit schon sein Stellenwert unter forstwirtschaftlicher Betrachtungsweise deutlich wird.W\u00e4hrend der Dachs in fr\u00fcheren Jahren \u2013auch aus Gr\u00fcnden des Naturschutzes \u2013 stark bejagt wurde, ist das heute kaum noch so. Er ist Bestandteil jagdbaren Wildes und darf w\u00e4hrend der Jagden geschossen werden, jedoch \u2013und jetzt kommt die Einschr\u00e4nkung \u2013 nur bei Selbstverwendung durch den Sch\u00fctzen. So wird es jedenfalls in hiesigen Revieren gehandhabt. Und wer braucht heute noch\u00bbDachsfett\u00aboder die sch\u00fcttere Decke \u2013 und das ist auch gut so. Irgendwo ist er Bestandteil des Ganzen.<\/p>\n<p>Ja, sie fressen u.a. auch die Eier von Bodenbr\u00fctern und bodennah lebendes Getier. Sie sind aber auch Pflanzenfresser, und die Schnellsten sind sie eben auch nicht. Am liebsten m\u00f6gen sie Maisfelder in N\u00e4he ihrer Baue, und gern nutzen sie Gel\u00e4ndeerhebungen in N\u00e4he der Feldmark f\u00fcr das Anlegen ihrer Baue.<\/p>\n<p>Der Nachwuchs besteht jeweils aus drei bis f\u00fcnf Welpen. An \u00bbmeinen\u00ab Bauen habe ich bisher jeweils nicht mehr als drei bis vier Welpenausmachen k\u00f6nnen, wobei selten alle den n\u00e4chsten Herbst erreichen.<\/p>\n<div id=\"attachment_2291\" style=\"width: 630px\" class=\"wp-caption aligncenter\"><a href=\"https:\/\/www.naturparkmagazin.de\/dahme-heideseen\/wp-content\/uploads\/sites\/37\/npdh_dachs_weber_jahrebuch_januar.jpg\"><img aria-describedby=\"caption-attachment-2291\" decoding=\"async\" loading=\"lazy\" class=\"size-medium wp-image-2291\" src=\"https:\/\/www.naturparkmagazin.de\/dahme-heideseen\/wp-content\/uploads\/sites\/37\/npdh_dachs_weber_jahrebuch_januar-620x465.jpg\" alt=\"Dachs (Klaus Weber)\" width=\"620\" height=\"465\" srcset=\"https:\/\/www.naturparkmagazin.de\/dahme-heideseen\/wp-content\/uploads\/sites\/37\/npdh_dachs_weber_jahrebuch_januar-620x465.jpg 620w, https:\/\/www.naturparkmagazin.de\/dahme-heideseen\/wp-content\/uploads\/sites\/37\/npdh_dachs_weber_jahrebuch_januar-300x225.jpg 300w, https:\/\/www.naturparkmagazin.de\/dahme-heideseen\/wp-content\/uploads\/sites\/37\/npdh_dachs_weber_jahrebuch_januar-580x435.jpg 580w, https:\/\/www.naturparkmagazin.de\/dahme-heideseen\/wp-content\/uploads\/sites\/37\/npdh_dachs_weber_jahrebuch_januar-420x315.jpg 420w, https:\/\/www.naturparkmagazin.de\/dahme-heideseen\/wp-content\/uploads\/sites\/37\/npdh_dachs_weber_jahrebuch_januar-180x135.jpg 180w, https:\/\/www.naturparkmagazin.de\/dahme-heideseen\/wp-content\/uploads\/sites\/37\/npdh_dachs_weber_jahrebuch_januar-95x71.jpg 95w, https:\/\/www.naturparkmagazin.de\/dahme-heideseen\/wp-content\/uploads\/sites\/37\/npdh_dachs_weber_jahrebuch_januar-200x150.jpg 200w, https:\/\/www.naturparkmagazin.de\/dahme-heideseen\/wp-content\/uploads\/sites\/37\/npdh_dachs_weber_jahrebuch_januar.jpg 640w\" sizes=\"(max-width: 620px) 100vw, 620px\" \/><\/a><p id=\"caption-attachment-2291\" class=\"wp-caption-text\">Dachs (Klaus Weber)<\/p><\/div>\n<p><a class=\"external-link-new-window\" title=\"Opens internal link in current window\" href=\"http:\/\/www.fotocommunity.de\/photographer\/klaus-d-weber\/436539\" target=\"_blank\">fotocommunity- Naturfotograf Klaus Weber<\/a><\/p>\n<p>&nbsp;<\/p>\n","protected":false},"excerpt":{"rendered":"<p>Der Fotograf Klaus Weber gestaltet mit seinen Aufnahmen wildlebender S\u00e4ugetiere die Kalenderbl\u00e4tter des JahreBuch 2018. Als kleine Serie durch das Jahr stellen wir Ihnen die Kalendermotive hier vor. <\/p>\n","protected":false},"author":48,"featured_media":2291,"comment_status":"open","ping_status":"open","sticky":false,"template":"","format":"standard","meta":[],"categories":[7],"tags":[],"yoast_head":"<!-- This site is optimized with the Yoast SEO plugin v19.10 - https:\/\/yoast.com\/wordpress\/plugins\/seo\/ -->\n<title>Der Dachs - Januarmotiv im JahreBuch 2018 - Naturpark Dahme-Heideseen<\/title>\n<meta name=\"robots\" content=\"index, follow, max-snippet:-1, max-image-preview:large, max-video-preview:-1\" \/>\n<link rel=\"canonical\" href=\"https:\/\/www.naturparkmagazin.de\/dahme-heideseen\/der-dachs-januarmotiv-im-jahrebuch-2018\/\" \/>\n<meta property=\"og:locale\" content=\"de_DE\" \/>\n<meta property=\"og:type\" content=\"article\" \/>\n<meta property=\"og:title\" content=\"Der Dachs - Januarmotiv im JahreBuch 2018 - Naturpark Dahme-Heideseen\" \/>\n<meta property=\"og:description\" content=\"Der Fotograf Klaus Weber gestaltet mit seinen Aufnahmen wildlebender S\u00e4ugetiere die Kalenderbl\u00e4tter des JahreBuch 2018. Als kleine Serie durch das Jahr stellen wir Ihnen die Kalendermotive hier vor.\" \/>\n<meta property=\"og:url\" content=\"https:\/\/www.naturparkmagazin.de\/dahme-heideseen\/der-dachs-januarmotiv-im-jahrebuch-2018\/\" \/>\n<meta property=\"og:site_name\" content=\"Naturpark Dahme-Heideseen\" \/>\n<meta property=\"article:published_time\" content=\"2017-12-15T20:44:31+00:00\" \/>\n<meta property=\"article:modified_time\" content=\"2017-12-27T10:12:07+00:00\" \/>\n<meta property=\"og:image\" content=\"https:\/\/www.naturparkmagazin.de\/dahme-heideseen\/wp-content\/uploads\/sites\/37\/npdh_dachs_weber_jahrebuch_januar.jpg\" \/>\n\t<meta property=\"og:image:width\" content=\"640\" \/>\n\t<meta property=\"og:image:height\" content=\"480\" \/>\n\t<meta property=\"og:image:type\" content=\"image\/jpeg\" \/>\n<meta name=\"author\" content=\"hanssonnenberg\" \/>\n<meta name=\"twitter:label1\" content=\"Verfasst von\" \/>\n\t<meta name=\"twitter:data1\" content=\"hanssonnenberg\" \/>\n\t<meta name=\"twitter:label2\" content=\"Gesch\u00e4tzte Lesezeit\" \/>\n\t<meta name=\"twitter:data2\" content=\"2\u00a0Minuten\" \/>\n<script type=\"application\/ld+json\" class=\"yoast-schema-graph\">{\"@context\":\"https:\/\/schema.org\",\"@graph\":[{\"@type\":\"WebPage\",\"@id\":\"https:\/\/www.naturparkmagazin.de\/dahme-heideseen\/der-dachs-januarmotiv-im-jahrebuch-2018\/\",\"url\":\"https:\/\/www.naturparkmagazin.de\/dahme-heideseen\/der-dachs-januarmotiv-im-jahrebuch-2018\/\",\"name\":\"Der Dachs - Januarmotiv im JahreBuch 2018 - Naturpark Dahme-Heideseen\",\"isPartOf\":{\"@id\":\"https:\/\/www.naturparkmagazin.de\/dahme-heideseen\/#website\"},\"datePublished\":\"2017-12-15T20:44:31+00:00\",\"dateModified\":\"2017-12-27T10:12:07+00:00\",\"author\":{\"@id\":\"https:\/\/www.naturparkmagazin.de\/dahme-heideseen\/#\/schema\/person\/c81c96c3a1f5ee7bffff8b8022c105f0\"},\"breadcrumb\":{\"@id\":\"https:\/\/www.naturparkmagazin.de\/dahme-heideseen\/der-dachs-januarmotiv-im-jahrebuch-2018\/#breadcrumb\"},\"inLanguage\":\"de\",\"potentialAction\":[{\"@type\":\"ReadAction\",\"target\":[\"https:\/\/www.naturparkmagazin.de\/dahme-heideseen\/der-dachs-januarmotiv-im-jahrebuch-2018\/\"]}]},{\"@type\":\"BreadcrumbList\",\"@id\":\"https:\/\/www.naturparkmagazin.de\/dahme-heideseen\/der-dachs-januarmotiv-im-jahrebuch-2018\/#breadcrumb\",\"itemListElement\":[{\"@type\":\"ListItem\",\"position\":1,\"name\":\"Home\",\"item\":\"https:\/\/www.naturparkmagazin.de\/dahme-heideseen\/\"},{\"@type\":\"ListItem\",\"position\":2,\"name\":\"Der Dachs &#8211; Januarmotiv im JahreBuch 2018\"}]},{\"@type\":\"WebSite\",\"@id\":\"https:\/\/www.naturparkmagazin.de\/dahme-heideseen\/#website\",\"url\":\"https:\/\/www.naturparkmagazin.de\/dahme-heideseen\/\",\"name\":\"Naturpark Dahme-Heideseen\",\"description\":\"\",\"potentialAction\":[{\"@type\":\"SearchAction\",\"target\":{\"@type\":\"EntryPoint\",\"urlTemplate\":\"https:\/\/www.naturparkmagazin.de\/dahme-heideseen\/?s={search_term_string}\"},\"query-input\":\"required name=search_term_string\"}],\"inLanguage\":\"de\"},{\"@type\":\"Person\",\"@id\":\"https:\/\/www.naturparkmagazin.de\/dahme-heideseen\/#\/schema\/person\/c81c96c3a1f5ee7bffff8b8022c105f0\",\"name\":\"hanssonnenberg\",\"url\":\"https:\/\/www.naturparkmagazin.de\/dahme-heideseen\/author\/hanssonnenberg\/\"}]}<\/script>\n<!-- \/ Yoast SEO plugin. -->","yoast_head_json":{"title":"Der Dachs - Januarmotiv im JahreBuch 2018 - Naturpark Dahme-Heideseen","robots":{"index":"index","follow":"follow","max-snippet":"max-snippet:-1","max-image-preview":"max-image-preview:large","max-video-preview":"max-video-preview:-1"},"canonical":"https:\/\/www.naturparkmagazin.de\/dahme-heideseen\/der-dachs-januarmotiv-im-jahrebuch-2018\/","og_locale":"de_DE","og_type":"article","og_title":"Der Dachs - Januarmotiv im JahreBuch 2018 - Naturpark Dahme-Heideseen","og_description":"Der Fotograf Klaus Weber gestaltet mit seinen Aufnahmen wildlebender S\u00e4ugetiere die Kalenderbl\u00e4tter des JahreBuch 2018. Als kleine Serie durch das Jahr stellen wir Ihnen die Kalendermotive hier vor.","og_url":"https:\/\/www.naturparkmagazin.de\/dahme-heideseen\/der-dachs-januarmotiv-im-jahrebuch-2018\/","og_site_name":"Naturpark Dahme-Heideseen","article_published_time":"2017-12-15T20:44:31+00:00","article_modified_time":"2017-12-27T10:12:07+00:00","og_image":[{"width":640,"height":480,"url":"https:\/\/www.naturparkmagazin.de\/dahme-heideseen\/wp-content\/uploads\/sites\/37\/npdh_dachs_weber_jahrebuch_januar.jpg","type":"image\/jpeg"}],"author":"hanssonnenberg","twitter_misc":{"Verfasst von":"hanssonnenberg","Gesch\u00e4tzte Lesezeit":"2\u00a0Minuten"},"schema":{"@context":"https:\/\/schema.org","@graph":[{"@type":"WebPage","@id":"https:\/\/www.naturparkmagazin.de\/dahme-heideseen\/der-dachs-januarmotiv-im-jahrebuch-2018\/","url":"https:\/\/www.naturparkmagazin.de\/dahme-heideseen\/der-dachs-januarmotiv-im-jahrebuch-2018\/","name":"Der Dachs - Januarmotiv im JahreBuch 2018 - Naturpark Dahme-Heideseen","isPartOf":{"@id":"https:\/\/www.naturparkmagazin.de\/dahme-heideseen\/#website"},"datePublished":"2017-12-15T20:44:31+00:00","dateModified":"2017-12-27T10:12:07+00:00","author":{"@id":"https:\/\/www.naturparkmagazin.de\/dahme-heideseen\/#\/schema\/person\/c81c96c3a1f5ee7bffff8b8022c105f0"},"breadcrumb":{"@id":"https:\/\/www.naturparkmagazin.de\/dahme-heideseen\/der-dachs-januarmotiv-im-jahrebuch-2018\/#breadcrumb"},"inLanguage":"de","potentialAction":[{"@type":"ReadAction","target":["https:\/\/www.naturparkmagazin.de\/dahme-heideseen\/der-dachs-januarmotiv-im-jahrebuch-2018\/"]}]},{"@type":"BreadcrumbList","@id":"https:\/\/www.naturparkmagazin.de\/dahme-heideseen\/der-dachs-januarmotiv-im-jahrebuch-2018\/#breadcrumb","itemListElement":[{"@type":"ListItem","position":1,"name":"Home","item":"https:\/\/www.naturparkmagazin.de\/dahme-heideseen\/"},{"@type":"ListItem","position":2,"name":"Der Dachs &#8211; Januarmotiv im JahreBuch 2018"}]},{"@type":"WebSite","@id":"https:\/\/www.naturparkmagazin.de\/dahme-heideseen\/#website","url":"https:\/\/www.naturparkmagazin.de\/dahme-heideseen\/","name":"Naturpark Dahme-Heideseen","description":"","potentialAction":[{"@type":"SearchAction","target":{"@type":"EntryPoint","urlTemplate":"https:\/\/www.naturparkmagazin.de\/dahme-heideseen\/?s={search_term_string}"},"query-input":"required name=search_term_string"}],"inLanguage":"de"},{"@type":"Person","@id":"https:\/\/www.naturparkmagazin.de\/dahme-heideseen\/#\/schema\/person\/c81c96c3a1f5ee7bffff8b8022c105f0","name":"hanssonnenberg","url":"https:\/\/www.naturparkmagazin.de\/dahme-heideseen\/author\/hanssonnenberg\/"}]}},"_links":{"self":[{"href":"https:\/\/www.naturparkmagazin.de\/dahme-heideseen\/wp-json\/wp\/v2\/posts\/2299"}],"collection":[{"href":"https:\/\/www.naturparkmagazin.de\/dahme-heideseen\/wp-json\/wp\/v2\/posts"}],"about":[{"href":"https:\/\/www.naturparkmagazin.de\/dahme-heideseen\/wp-json\/wp\/v2\/types\/post"}],"author":[{"embeddable":true,"href":"https:\/\/www.naturparkmagazin.de\/dahme-heideseen\/wp-json\/wp\/v2\/users\/48"}],"replies":[{"embeddable":true,"href":"https:\/\/www.naturparkmagazin.de\/dahme-heideseen\/wp-json\/wp\/v2\/comments?post=2299"}],"version-history":[{"count":6,"href":"https:\/\/www.naturparkmagazin.de\/dahme-heideseen\/wp-json\/wp\/v2\/posts\/2299\/revisions"}],"predecessor-version":[{"id":2324,"href":"https:\/\/www.naturparkmagazin.de\/dahme-heideseen\/wp-json\/wp\/v2\/posts\/2299\/revisions\/2324"}],"wp:featuredmedia":[{"embeddable":true,"href":"https:\/\/www.naturparkmagazin.de\/dahme-heideseen\/wp-json\/wp\/v2\/media\/2291"}],"wp:attachment":[{"href":"https:\/\/www.naturparkmagazin.de\/dahme-heideseen\/wp-json\/wp\/v2\/media?parent=2299"}],"wp:term":[{"taxonomy":"category","embeddable":true,"href":"https:\/\/www.naturparkmagazin.de\/dahme-heideseen\/wp-json\/wp\/v2\/categories?post=2299"},{"taxonomy":"post_tag","embeddable":true,"href":"https:\/\/www.naturparkmagazin.de\/dahme-heideseen\/wp-json\/wp\/v2\/tags?post=2299"}],"curies":[{"name":"wp","href":"https:\/\/api.w.org\/{rel}","templated":true}]}}