{"id":2356,"date":"2018-01-18T11:22:24","date_gmt":"2018-01-18T10:22:24","guid":{"rendered":"http:\/\/www.naturparkmagazin.de\/dahme-heideseen\/?p=2356"},"modified":"2018-01-18T11:34:10","modified_gmt":"2018-01-18T10:34:10","slug":"wildlife-tierfotografie-von-klaus-weber-im-naturpark-dahme-heideseen","status":"publish","type":"post","link":"https:\/\/www.naturparkmagazin.de\/dahme-heideseen\/wildlife-tierfotografie-von-klaus-weber-im-naturpark-dahme-heideseen\/","title":{"rendered":"Wildlife Tierfotografie von Klaus Weber im Naturpark Dahme-Heideseen"},"content":{"rendered":"<p>Lichtbildervortrag von Klaus Weber\u00a0 am 22. Februar 2018 um 17. Uhr im B\u00fcrgerhaus Hanns Eisler in K\u00f6nigs Wusterhausen.<\/p>\n<p><!--more-->Der Tierfotograf Klaus Weber zeigt atemberaubende Fotos von wildlebenden S\u00e4ugetieren und jagdbarem Wild aus der Region Dahme-Heideseen und berichtet anschaulich, wie ihm die spektakul\u00e4ren Schnappsch\u00fcsse gelungen sind.<\/p>\n<p>Klaus Weber lebt heute zwar in Berlin, wurde aber in M\u00fcnchehofe geboren und wuchs dort auf. Insofern kennt er die Landschaft rund um M\u00e4rkisch Buchholz wie seine Westentasche.<\/p>\n<p>Im Anschluss an den Vortrag findet die Mitgliederversammlung des NABU\u2013Dahmeland statt.<\/p>\n<p>Veranstaltungsort\nB\u00fcrgerhaus Hanns Eisler\nEichenalle 12\n15711 K\u00f6nigs Wusterhausen<\/p>\n<div id=\"attachment_2350\" style=\"width: 630px\" class=\"wp-caption aligncenter\"><a href=\"https:\/\/www.naturparkmagazin.de\/dahme-heideseen\/wp-content\/uploads\/sites\/37\/npdh_hirschgr-r\u00f6hrend_weber.jpg\"><img aria-describedby=\"caption-attachment-2350\" decoding=\"async\" loading=\"lazy\" class=\"size-medium wp-image-2350\" src=\"https:\/\/www.naturparkmagazin.de\/dahme-heideseen\/wp-content\/uploads\/sites\/37\/npdh_hirschgr-r\u00f6hrend_weber-620x413.jpg\" alt=\"Hirsch \u00a9 Klaus Weber\" width=\"620\" height=\"413\" srcset=\"https:\/\/www.naturparkmagazin.de\/dahme-heideseen\/wp-content\/uploads\/sites\/37\/npdh_hirschgr-r\u00f6hrend_weber-620x413.jpg 620w, https:\/\/www.naturparkmagazin.de\/dahme-heideseen\/wp-content\/uploads\/sites\/37\/npdh_hirschgr-r\u00f6hrend_weber-300x200.jpg 300w, https:\/\/www.naturparkmagazin.de\/dahme-heideseen\/wp-content\/uploads\/sites\/37\/npdh_hirschgr-r\u00f6hrend_weber-670x446.jpg 670w, https:\/\/www.naturparkmagazin.de\/dahme-heideseen\/wp-content\/uploads\/sites\/37\/npdh_hirschgr-r\u00f6hrend_weber-200x133.jpg 200w, https:\/\/www.naturparkmagazin.de\/dahme-heideseen\/wp-content\/uploads\/sites\/37\/npdh_hirschgr-r\u00f6hrend_weber.jpg 800w\" sizes=\"(max-width: 620px) 100vw, 620px\" \/><\/a><p id=\"caption-attachment-2350\" class=\"wp-caption-text\">Hirsch \u00a9 Klaus Weber<\/p><\/div>\n<div id=\"attachment_2283\" style=\"width: 630px\" class=\"wp-caption aligncenter\"><a href=\"https:\/\/www.naturparkmagazin.de\/dahme-heideseen\/wp-content\/uploads\/sites\/37\/Dezember_Eichh\u00f6rnchen_Klaus_weber.jpg\"><img aria-describedby=\"caption-attachment-2283\" decoding=\"async\" loading=\"lazy\" class=\"size-medium wp-image-2283\" src=\"https:\/\/www.naturparkmagazin.de\/dahme-heideseen\/wp-content\/uploads\/sites\/37\/Dezember_Eichh\u00f6rnchen_Klaus_weber-620x395.jpg\" alt=\"Eichh\u00f6rnchen (Foto: Klaus Weber)\" width=\"620\" height=\"395\" srcset=\"https:\/\/www.naturparkmagazin.de\/dahme-heideseen\/wp-content\/uploads\/sites\/37\/Dezember_Eichh\u00f6rnchen_Klaus_weber-620x395.jpg 620w, https:\/\/www.naturparkmagazin.de\/dahme-heideseen\/wp-content\/uploads\/sites\/37\/Dezember_Eichh\u00f6rnchen_Klaus_weber-300x191.jpg 300w, https:\/\/www.naturparkmagazin.de\/dahme-heideseen\/wp-content\/uploads\/sites\/37\/Dezember_Eichh\u00f6rnchen_Klaus_weber-940x599.jpg 940w, https:\/\/www.naturparkmagazin.de\/dahme-heideseen\/wp-content\/uploads\/sites\/37\/Dezember_Eichh\u00f6rnchen_Klaus_weber-670x427.jpg 670w, https:\/\/www.naturparkmagazin.de\/dahme-heideseen\/wp-content\/uploads\/sites\/37\/Dezember_Eichh\u00f6rnchen_Klaus_weber-200x127.jpg 200w, https:\/\/www.naturparkmagazin.de\/dahme-heideseen\/wp-content\/uploads\/sites\/37\/Dezember_Eichh\u00f6rnchen_Klaus_weber.jpg 1024w\" sizes=\"(max-width: 620px) 100vw, 620px\" \/><\/a><p id=\"caption-attachment-2283\" class=\"wp-caption-text\">Eichh\u00f6rnchen (Foto: Klaus Weber)<\/p><\/div>\n<p>Kontakt\nNABU RV Dahmeland e.V.\nTel.: +49 (0)3376850117\n<a href=\"http:\/\/nabu-dahmeland.de\">NABU Dahmeland<\/a><\/p>\n","protected":false},"excerpt":{"rendered":"<p>Lichtbildervortrag von Klaus Weber\u00a0 am 22. Februar 2018 um 17. Uhr im B\u00fcrgerhaus Hanns Eisler in K\u00f6nigs Wusterhausen.<\/p>\n","protected":false},"author":48,"featured_media":2350,"comment_status":"open","ping_status":"open","sticky":false,"template":"","format":"standard","meta":[],"categories":[11],"tags":[],"yoast_head":"<!-- This site is optimized with the Yoast SEO plugin v19.10 - https:\/\/yoast.com\/wordpress\/plugins\/seo\/ -->\n<title>Wildlife Tierfotografie von Klaus Weber im Naturpark Dahme-Heideseen - Naturpark Dahme-Heideseen<\/title>\n<meta name=\"robots\" content=\"index, follow, max-snippet:-1, max-image-preview:large, max-video-preview:-1\" \/>\n<link rel=\"canonical\" href=\"https:\/\/www.naturparkmagazin.de\/dahme-heideseen\/wildlife-tierfotografie-von-klaus-weber-im-naturpark-dahme-heideseen\/\" \/>\n<meta property=\"og:locale\" content=\"de_DE\" \/>\n<meta property=\"og:type\" content=\"article\" \/>\n<meta property=\"og:title\" content=\"Wildlife Tierfotografie von Klaus Weber im Naturpark Dahme-Heideseen - Naturpark Dahme-Heideseen\" \/>\n<meta property=\"og:description\" content=\"Lichtbildervortrag von Klaus Weber\u00a0 am 22. Februar 2018 um 17. Uhr im B\u00fcrgerhaus Hanns Eisler in K\u00f6nigs Wusterhausen.\" \/>\n<meta property=\"og:url\" content=\"https:\/\/www.naturparkmagazin.de\/dahme-heideseen\/wildlife-tierfotografie-von-klaus-weber-im-naturpark-dahme-heideseen\/\" \/>\n<meta property=\"og:site_name\" content=\"Naturpark Dahme-Heideseen\" \/>\n<meta property=\"article:published_time\" content=\"2018-01-18T10:22:24+00:00\" \/>\n<meta property=\"article:modified_time\" content=\"2018-01-18T10:34:10+00:00\" \/>\n<meta property=\"og:image\" content=\"https:\/\/www.naturparkmagazin.de\/dahme-heideseen\/wp-content\/uploads\/sites\/37\/npdh_hirschgr-r\u00f6hrend_weber.jpg\" \/>\n\t<meta property=\"og:image:width\" content=\"800\" \/>\n\t<meta property=\"og:image:height\" content=\"533\" \/>\n\t<meta property=\"og:image:type\" content=\"image\/jpeg\" \/>\n<meta name=\"author\" content=\"hanssonnenberg\" \/>\n<meta name=\"twitter:label1\" content=\"Verfasst von\" \/>\n\t<meta name=\"twitter:data1\" content=\"hanssonnenberg\" \/>\n\t<meta name=\"twitter:label2\" content=\"Gesch\u00e4tzte Lesezeit\" \/>\n\t<meta name=\"twitter:data2\" content=\"1\u00a0Minute\" \/>\n<script type=\"application\/ld+json\" class=\"yoast-schema-graph\">{\"@context\":\"https:\/\/schema.org\",\"@graph\":[{\"@type\":\"WebPage\",\"@id\":\"https:\/\/www.naturparkmagazin.de\/dahme-heideseen\/wildlife-tierfotografie-von-klaus-weber-im-naturpark-dahme-heideseen\/\",\"url\":\"https:\/\/www.naturparkmagazin.de\/dahme-heideseen\/wildlife-tierfotografie-von-klaus-weber-im-naturpark-dahme-heideseen\/\",\"name\":\"Wildlife Tierfotografie von Klaus Weber im Naturpark Dahme-Heideseen - Naturpark Dahme-Heideseen\",\"isPartOf\":{\"@id\":\"https:\/\/www.naturparkmagazin.de\/dahme-heideseen\/#website\"},\"datePublished\":\"2018-01-18T10:22:24+00:00\",\"dateModified\":\"2018-01-18T10:34:10+00:00\",\"author\":{\"@id\":\"https:\/\/www.naturparkmagazin.de\/dahme-heideseen\/#\/schema\/person\/c81c96c3a1f5ee7bffff8b8022c105f0\"},\"breadcrumb\":{\"@id\":\"https:\/\/www.naturparkmagazin.de\/dahme-heideseen\/wildlife-tierfotografie-von-klaus-weber-im-naturpark-dahme-heideseen\/#breadcrumb\"},\"inLanguage\":\"de\",\"potentialAction\":[{\"@type\":\"ReadAction\",\"target\":[\"https:\/\/www.naturparkmagazin.de\/dahme-heideseen\/wildlife-tierfotografie-von-klaus-weber-im-naturpark-dahme-heideseen\/\"]}]},{\"@type\":\"BreadcrumbList\",\"@id\":\"https:\/\/www.naturparkmagazin.de\/dahme-heideseen\/wildlife-tierfotografie-von-klaus-weber-im-naturpark-dahme-heideseen\/#breadcrumb\",\"itemListElement\":[{\"@type\":\"ListItem\",\"position\":1,\"name\":\"Home\",\"item\":\"https:\/\/www.naturparkmagazin.de\/dahme-heideseen\/\"},{\"@type\":\"ListItem\",\"position\":2,\"name\":\"Wildlife Tierfotografie von Klaus Weber im Naturpark Dahme-Heideseen\"}]},{\"@type\":\"WebSite\",\"@id\":\"https:\/\/www.naturparkmagazin.de\/dahme-heideseen\/#website\",\"url\":\"https:\/\/www.naturparkmagazin.de\/dahme-heideseen\/\",\"name\":\"Naturpark Dahme-Heideseen\",\"description\":\"\",\"potentialAction\":[{\"@type\":\"SearchAction\",\"target\":{\"@type\":\"EntryPoint\",\"urlTemplate\":\"https:\/\/www.naturparkmagazin.de\/dahme-heideseen\/?s={search_term_string}\"},\"query-input\":\"required name=search_term_string\"}],\"inLanguage\":\"de\"},{\"@type\":\"Person\",\"@id\":\"https:\/\/www.naturparkmagazin.de\/dahme-heideseen\/#\/schema\/person\/c81c96c3a1f5ee7bffff8b8022c105f0\",\"name\":\"hanssonnenberg\",\"url\":\"https:\/\/www.naturparkmagazin.de\/dahme-heideseen\/author\/hanssonnenberg\/\"}]}<\/script>\n<!-- \/ Yoast SEO plugin. -->","yoast_head_json":{"title":"Wildlife Tierfotografie von Klaus Weber im Naturpark Dahme-Heideseen - Naturpark Dahme-Heideseen","robots":{"index":"index","follow":"follow","max-snippet":"max-snippet:-1","max-image-preview":"max-image-preview:large","max-video-preview":"max-video-preview:-1"},"canonical":"https:\/\/www.naturparkmagazin.de\/dahme-heideseen\/wildlife-tierfotografie-von-klaus-weber-im-naturpark-dahme-heideseen\/","og_locale":"de_DE","og_type":"article","og_title":"Wildlife Tierfotografie von Klaus Weber im Naturpark Dahme-Heideseen - Naturpark Dahme-Heideseen","og_description":"Lichtbildervortrag von Klaus Weber\u00a0 am 22. Februar 2018 um 17. Uhr im B\u00fcrgerhaus Hanns Eisler in K\u00f6nigs Wusterhausen.","og_url":"https:\/\/www.naturparkmagazin.de\/dahme-heideseen\/wildlife-tierfotografie-von-klaus-weber-im-naturpark-dahme-heideseen\/","og_site_name":"Naturpark Dahme-Heideseen","article_published_time":"2018-01-18T10:22:24+00:00","article_modified_time":"2018-01-18T10:34:10+00:00","og_image":[{"width":800,"height":533,"url":"https:\/\/www.naturparkmagazin.de\/dahme-heideseen\/wp-content\/uploads\/sites\/37\/npdh_hirschgr-r\u00f6hrend_weber.jpg","type":"image\/jpeg"}],"author":"hanssonnenberg","twitter_misc":{"Verfasst von":"hanssonnenberg","Gesch\u00e4tzte Lesezeit":"1\u00a0Minute"},"schema":{"@context":"https:\/\/schema.org","@graph":[{"@type":"WebPage","@id":"https:\/\/www.naturparkmagazin.de\/dahme-heideseen\/wildlife-tierfotografie-von-klaus-weber-im-naturpark-dahme-heideseen\/","url":"https:\/\/www.naturparkmagazin.de\/dahme-heideseen\/wildlife-tierfotografie-von-klaus-weber-im-naturpark-dahme-heideseen\/","name":"Wildlife Tierfotografie von Klaus Weber im Naturpark Dahme-Heideseen - Naturpark Dahme-Heideseen","isPartOf":{"@id":"https:\/\/www.naturparkmagazin.de\/dahme-heideseen\/#website"},"datePublished":"2018-01-18T10:22:24+00:00","dateModified":"2018-01-18T10:34:10+00:00","author":{"@id":"https:\/\/www.naturparkmagazin.de\/dahme-heideseen\/#\/schema\/person\/c81c96c3a1f5ee7bffff8b8022c105f0"},"breadcrumb":{"@id":"https:\/\/www.naturparkmagazin.de\/dahme-heideseen\/wildlife-tierfotografie-von-klaus-weber-im-naturpark-dahme-heideseen\/#breadcrumb"},"inLanguage":"de","potentialAction":[{"@type":"ReadAction","target":["https:\/\/www.naturparkmagazin.de\/dahme-heideseen\/wildlife-tierfotografie-von-klaus-weber-im-naturpark-dahme-heideseen\/"]}]},{"@type":"BreadcrumbList","@id":"https:\/\/www.naturparkmagazin.de\/dahme-heideseen\/wildlife-tierfotografie-von-klaus-weber-im-naturpark-dahme-heideseen\/#breadcrumb","itemListElement":[{"@type":"ListItem","position":1,"name":"Home","item":"https:\/\/www.naturparkmagazin.de\/dahme-heideseen\/"},{"@type":"ListItem","position":2,"name":"Wildlife Tierfotografie von Klaus Weber im Naturpark Dahme-Heideseen"}]},{"@type":"WebSite","@id":"https:\/\/www.naturparkmagazin.de\/dahme-heideseen\/#website","url":"https:\/\/www.naturparkmagazin.de\/dahme-heideseen\/","name":"Naturpark Dahme-Heideseen","description":"","potentialAction":[{"@type":"SearchAction","target":{"@type":"EntryPoint","urlTemplate":"https:\/\/www.naturparkmagazin.de\/dahme-heideseen\/?s={search_term_string}"},"query-input":"required name=search_term_string"}],"inLanguage":"de"},{"@type":"Person","@id":"https:\/\/www.naturparkmagazin.de\/dahme-heideseen\/#\/schema\/person\/c81c96c3a1f5ee7bffff8b8022c105f0","name":"hanssonnenberg","url":"https:\/\/www.naturparkmagazin.de\/dahme-heideseen\/author\/hanssonnenberg\/"}]}},"_links":{"self":[{"href":"https:\/\/www.naturparkmagazin.de\/dahme-heideseen\/wp-json\/wp\/v2\/posts\/2356"}],"collection":[{"href":"https:\/\/www.naturparkmagazin.de\/dahme-heideseen\/wp-json\/wp\/v2\/posts"}],"about":[{"href":"https:\/\/www.naturparkmagazin.de\/dahme-heideseen\/wp-json\/wp\/v2\/types\/post"}],"author":[{"embeddable":true,"href":"https:\/\/www.naturparkmagazin.de\/dahme-heideseen\/wp-json\/wp\/v2\/users\/48"}],"replies":[{"embeddable":true,"href":"https:\/\/www.naturparkmagazin.de\/dahme-heideseen\/wp-json\/wp\/v2\/comments?post=2356"}],"version-history":[{"count":2,"href":"https:\/\/www.naturparkmagazin.de\/dahme-heideseen\/wp-json\/wp\/v2\/posts\/2356\/revisions"}],"predecessor-version":[{"id":2359,"href":"https:\/\/www.naturparkmagazin.de\/dahme-heideseen\/wp-json\/wp\/v2\/posts\/2356\/revisions\/2359"}],"wp:featuredmedia":[{"embeddable":true,"href":"https:\/\/www.naturparkmagazin.de\/dahme-heideseen\/wp-json\/wp\/v2\/media\/2350"}],"wp:attachment":[{"href":"https:\/\/www.naturparkmagazin.de\/dahme-heideseen\/wp-json\/wp\/v2\/media?parent=2356"}],"wp:term":[{"taxonomy":"category","embeddable":true,"href":"https:\/\/www.naturparkmagazin.de\/dahme-heideseen\/wp-json\/wp\/v2\/categories?post=2356"},{"taxonomy":"post_tag","embeddable":true,"href":"https:\/\/www.naturparkmagazin.de\/dahme-heideseen\/wp-json\/wp\/v2\/tags?post=2356"}],"curies":[{"name":"wp","href":"https:\/\/api.w.org\/{rel}","templated":true}]}}