{"id":2401,"date":"2018-02-11T21:29:21","date_gmt":"2018-02-11T20:29:21","guid":{"rendered":"http:\/\/www.naturparkmagazin.de\/dahme-heideseen\/?p=2401"},"modified":"2018-02-25T09:59:39","modified_gmt":"2018-02-25T08:59:39","slug":"wege-zu-bemerkenswerten-baeumen","status":"publish","type":"post","link":"https:\/\/www.naturparkmagazin.de\/dahme-heideseen\/wege-zu-bemerkenswerten-baeumen\/","title":{"rendered":"Wege zu bemerkenswerten B\u00e4umen"},"content":{"rendered":"<p>Bildvortrag von Hans Sonnenberg vom Naturpark Dahme-Heideseen<\/p>\n<p>Stadtbibliothek K\u00f6nigs Wusterhausen am Mittwoch, 7. M\u00e4rz 2018<\/p>\n<p>18:00 &#8211; 19:30 Uhr<!--more--><\/p>\n<p>Millionen von B\u00e4umen wachsen im Naturpark Dahme-Heideseen. Die allermeisten dieser B\u00e4ume sind, von F\u00f6rsterhand gezogen, gerade und untereinander kaum zu unterscheiden.<\/p>\n<p>Es gibt aber uralte, eigenwillige Baumgestalten. B\u00e4ume mit krummen Stamm und rissiger Borke. Unweit von Storkow, am Sportplatz Karlslust steht die &#8222;Malerkiefer&#8220;. Der Baum wurde etwa 1750 als Grenzbaum zwischen zwei Bauernwirtschaften gepflanzt. Auf freiem Feld konnte er seine \u00c4ste frei in alle Richtungen ausbreiten und so \u00fcber zwei Jahrhunderte seinen ganz eigenwilligen Charakter auspr\u00e4gen.<\/p>\n<p>Ein noch \u00e4lterer Baum, die m\u00e4chtige &#8222;K\u00f6nigseiche&#8220; steht im Wald der Dubrow bei Gr\u00e4bendorf. Dessen Alter wird auf \u00fcber 570 Jahre gesch\u00e4tzt. Er ist wahrscheinlich der \u00e4lteste Baum im Naturpark.<\/p>\n<p>Eine Rundreise mit Bildern und Geschichten f\u00fchrt Sie zu bekanntenwie unbekannten B\u00e4umen im Dahmeland.<\/p>\n<p><a href=\"https:\/\/www.naturparkmagazin.de\/dahme-heideseen\/wp-content\/uploads\/sites\/37\/npdh_radeberge_kaleber.jpeg\"><img decoding=\"async\" loading=\"lazy\" class=\"aligncenter size-medium wp-image-2402\" src=\"https:\/\/www.naturparkmagazin.de\/dahme-heideseen\/wp-content\/uploads\/sites\/37\/npdh_radeberge_kaleber-620x421.jpeg\" alt=\"Alteichen in den Radebergen \u00a9  W. Klaeber\" width=\"620\" height=\"421\" srcset=\"https:\/\/www.naturparkmagazin.de\/dahme-heideseen\/wp-content\/uploads\/sites\/37\/npdh_radeberge_kaleber-620x421.jpeg 620w, https:\/\/www.naturparkmagazin.de\/dahme-heideseen\/wp-content\/uploads\/sites\/37\/npdh_radeberge_kaleber-300x204.jpeg 300w, https:\/\/www.naturparkmagazin.de\/dahme-heideseen\/wp-content\/uploads\/sites\/37\/npdh_radeberge_kaleber-940x638.jpeg 940w, https:\/\/www.naturparkmagazin.de\/dahme-heideseen\/wp-content\/uploads\/sites\/37\/npdh_radeberge_kaleber-670x455.jpeg 670w, https:\/\/www.naturparkmagazin.de\/dahme-heideseen\/wp-content\/uploads\/sites\/37\/npdh_radeberge_kaleber-200x136.jpeg 200w, https:\/\/www.naturparkmagazin.de\/dahme-heideseen\/wp-content\/uploads\/sites\/37\/npdh_radeberge_kaleber.jpeg 1022w\" sizes=\"(max-width: 620px) 100vw, 620px\" \/><\/a><\/p>\n<p>&nbsp;<\/p>\n<div id=\"attachment_1861\" style=\"width: 630px\" class=\"wp-caption aligncenter\"><a href=\"https:\/\/www.naturparkmagazin.de\/dahme-heideseen\/wp-content\/uploads\/sites\/37\/npdh_malerkiefer_storkow_sonnenberg.jpg\"><img aria-describedby=\"caption-attachment-1861\" decoding=\"async\" loading=\"lazy\" class=\"size-medium wp-image-1861\" src=\"https:\/\/www.naturparkmagazin.de\/dahme-heideseen\/wp-content\/uploads\/sites\/37\/npdh_malerkiefer_storkow_sonnenberg-620x465.jpg\" alt=\"Malerkiefer in Storkow \u00a9 Hans Sonnenberg\" width=\"620\" height=\"465\" srcset=\"https:\/\/www.naturparkmagazin.de\/dahme-heideseen\/wp-content\/uploads\/sites\/37\/npdh_malerkiefer_storkow_sonnenberg-620x465.jpg 620w, https:\/\/www.naturparkmagazin.de\/dahme-heideseen\/wp-content\/uploads\/sites\/37\/npdh_malerkiefer_storkow_sonnenberg-300x225.jpg 300w, https:\/\/www.naturparkmagazin.de\/dahme-heideseen\/wp-content\/uploads\/sites\/37\/npdh_malerkiefer_storkow_sonnenberg-580x435.jpg 580w, https:\/\/www.naturparkmagazin.de\/dahme-heideseen\/wp-content\/uploads\/sites\/37\/npdh_malerkiefer_storkow_sonnenberg-420x315.jpg 420w, https:\/\/www.naturparkmagazin.de\/dahme-heideseen\/wp-content\/uploads\/sites\/37\/npdh_malerkiefer_storkow_sonnenberg-180x135.jpg 180w, https:\/\/www.naturparkmagazin.de\/dahme-heideseen\/wp-content\/uploads\/sites\/37\/npdh_malerkiefer_storkow_sonnenberg-95x71.jpg 95w, https:\/\/www.naturparkmagazin.de\/dahme-heideseen\/wp-content\/uploads\/sites\/37\/npdh_malerkiefer_storkow_sonnenberg-200x150.jpg 200w, https:\/\/www.naturparkmagazin.de\/dahme-heideseen\/wp-content\/uploads\/sites\/37\/npdh_malerkiefer_storkow_sonnenberg.jpg 640w\" sizes=\"(max-width: 620px) 100vw, 620px\" \/><\/a><p id=\"caption-attachment-1861\" class=\"wp-caption-text\">Malerkiefer in Storkow \u00a9 Hans Sonnenberg<\/p><\/div>\n<p>Veranstaltungsort:<\/p>\n<p>K\u00f6nigs Wusterhausen\nStadtbibliothek K\u00f6nigs Wusterhausen\nScheederstr. 1\n15711 K\u00f6nigs Wusterhausen<\/p>\n<p>+49 ( 03546) 201060\/61\n+49 (03546) 201059\nvhs@dahme-spreewald.de\n<a href=\"http:\/\/www.vhs-dahme-spreewald.de\" target=\"_blank\">VHS Dahme-Spreewald<\/a><\/p>\n<p>&nbsp;<\/p>\n","protected":false},"excerpt":{"rendered":"<p>Bildvortrag von Hans Sonnenberg, Naturpark Dahme-Heideseen, in der Stadtbibliothek K\u00f6nigs Wusterhausen am Mittwoch, dem 7. M\u00e4rz 2018 von18:00 bis 19:30 Uhr.<\/p>\n","protected":false},"author":48,"featured_media":1861,"comment_status":"open","ping_status":"open","sticky":false,"template":"","format":"standard","meta":[],"categories":[11],"tags":[],"yoast_head":"<!-- This site is optimized with the Yoast SEO plugin v19.10 - https:\/\/yoast.com\/wordpress\/plugins\/seo\/ -->\n<title>Wege zu bemerkenswerten B\u00e4umen - Naturpark Dahme-Heideseen<\/title>\n<meta name=\"robots\" content=\"index, follow, max-snippet:-1, max-image-preview:large, max-video-preview:-1\" \/>\n<link rel=\"canonical\" href=\"https:\/\/www.naturparkmagazin.de\/dahme-heideseen\/wege-zu-bemerkenswerten-baeumen\/\" \/>\n<meta property=\"og:locale\" content=\"de_DE\" \/>\n<meta property=\"og:type\" content=\"article\" \/>\n<meta property=\"og:title\" content=\"Wege zu bemerkenswerten B\u00e4umen - Naturpark Dahme-Heideseen\" \/>\n<meta property=\"og:description\" content=\"Bildvortrag von Hans Sonnenberg, Naturpark Dahme-Heideseen, in der Stadtbibliothek K\u00f6nigs Wusterhausen am Mittwoch, dem 7. M\u00e4rz 2018 von18:00 bis 19:30 Uhr.\" \/>\n<meta property=\"og:url\" content=\"https:\/\/www.naturparkmagazin.de\/dahme-heideseen\/wege-zu-bemerkenswerten-baeumen\/\" \/>\n<meta property=\"og:site_name\" content=\"Naturpark Dahme-Heideseen\" \/>\n<meta property=\"article:published_time\" content=\"2018-02-11T20:29:21+00:00\" \/>\n<meta property=\"article:modified_time\" content=\"2018-02-25T08:59:39+00:00\" \/>\n<meta property=\"og:image\" content=\"https:\/\/www.naturparkmagazin.de\/dahme-heideseen\/wp-content\/uploads\/sites\/37\/npdh_malerkiefer_storkow_sonnenberg.jpg\" \/>\n\t<meta property=\"og:image:width\" content=\"640\" \/>\n\t<meta property=\"og:image:height\" content=\"480\" \/>\n\t<meta property=\"og:image:type\" content=\"image\/jpeg\" \/>\n<meta name=\"author\" content=\"hanssonnenberg\" \/>\n<meta name=\"twitter:label1\" content=\"Verfasst von\" \/>\n\t<meta name=\"twitter:data1\" content=\"hanssonnenberg\" \/>\n\t<meta name=\"twitter:label2\" content=\"Gesch\u00e4tzte Lesezeit\" \/>\n\t<meta name=\"twitter:data2\" content=\"1\u00a0Minute\" \/>\n<script type=\"application\/ld+json\" class=\"yoast-schema-graph\">{\"@context\":\"https:\/\/schema.org\",\"@graph\":[{\"@type\":\"WebPage\",\"@id\":\"https:\/\/www.naturparkmagazin.de\/dahme-heideseen\/wege-zu-bemerkenswerten-baeumen\/\",\"url\":\"https:\/\/www.naturparkmagazin.de\/dahme-heideseen\/wege-zu-bemerkenswerten-baeumen\/\",\"name\":\"Wege zu bemerkenswerten B\u00e4umen - Naturpark Dahme-Heideseen\",\"isPartOf\":{\"@id\":\"https:\/\/www.naturparkmagazin.de\/dahme-heideseen\/#website\"},\"datePublished\":\"2018-02-11T20:29:21+00:00\",\"dateModified\":\"2018-02-25T08:59:39+00:00\",\"author\":{\"@id\":\"https:\/\/www.naturparkmagazin.de\/dahme-heideseen\/#\/schema\/person\/c81c96c3a1f5ee7bffff8b8022c105f0\"},\"breadcrumb\":{\"@id\":\"https:\/\/www.naturparkmagazin.de\/dahme-heideseen\/wege-zu-bemerkenswerten-baeumen\/#breadcrumb\"},\"inLanguage\":\"de\",\"potentialAction\":[{\"@type\":\"ReadAction\",\"target\":[\"https:\/\/www.naturparkmagazin.de\/dahme-heideseen\/wege-zu-bemerkenswerten-baeumen\/\"]}]},{\"@type\":\"BreadcrumbList\",\"@id\":\"https:\/\/www.naturparkmagazin.de\/dahme-heideseen\/wege-zu-bemerkenswerten-baeumen\/#breadcrumb\",\"itemListElement\":[{\"@type\":\"ListItem\",\"position\":1,\"name\":\"Home\",\"item\":\"https:\/\/www.naturparkmagazin.de\/dahme-heideseen\/\"},{\"@type\":\"ListItem\",\"position\":2,\"name\":\"Wege zu bemerkenswerten B\u00e4umen\"}]},{\"@type\":\"WebSite\",\"@id\":\"https:\/\/www.naturparkmagazin.de\/dahme-heideseen\/#website\",\"url\":\"https:\/\/www.naturparkmagazin.de\/dahme-heideseen\/\",\"name\":\"Naturpark Dahme-Heideseen\",\"description\":\"\",\"potentialAction\":[{\"@type\":\"SearchAction\",\"target\":{\"@type\":\"EntryPoint\",\"urlTemplate\":\"https:\/\/www.naturparkmagazin.de\/dahme-heideseen\/?s={search_term_string}\"},\"query-input\":\"required name=search_term_string\"}],\"inLanguage\":\"de\"},{\"@type\":\"Person\",\"@id\":\"https:\/\/www.naturparkmagazin.de\/dahme-heideseen\/#\/schema\/person\/c81c96c3a1f5ee7bffff8b8022c105f0\",\"name\":\"hanssonnenberg\",\"url\":\"https:\/\/www.naturparkmagazin.de\/dahme-heideseen\/author\/hanssonnenberg\/\"}]}<\/script>\n<!-- \/ Yoast SEO plugin. -->","yoast_head_json":{"title":"Wege zu bemerkenswerten B\u00e4umen - Naturpark Dahme-Heideseen","robots":{"index":"index","follow":"follow","max-snippet":"max-snippet:-1","max-image-preview":"max-image-preview:large","max-video-preview":"max-video-preview:-1"},"canonical":"https:\/\/www.naturparkmagazin.de\/dahme-heideseen\/wege-zu-bemerkenswerten-baeumen\/","og_locale":"de_DE","og_type":"article","og_title":"Wege zu bemerkenswerten B\u00e4umen - Naturpark Dahme-Heideseen","og_description":"Bildvortrag von Hans Sonnenberg, Naturpark Dahme-Heideseen, in der Stadtbibliothek K\u00f6nigs Wusterhausen am Mittwoch, dem 7. M\u00e4rz 2018 von18:00 bis 19:30 Uhr.","og_url":"https:\/\/www.naturparkmagazin.de\/dahme-heideseen\/wege-zu-bemerkenswerten-baeumen\/","og_site_name":"Naturpark Dahme-Heideseen","article_published_time":"2018-02-11T20:29:21+00:00","article_modified_time":"2018-02-25T08:59:39+00:00","og_image":[{"width":640,"height":480,"url":"https:\/\/www.naturparkmagazin.de\/dahme-heideseen\/wp-content\/uploads\/sites\/37\/npdh_malerkiefer_storkow_sonnenberg.jpg","type":"image\/jpeg"}],"author":"hanssonnenberg","twitter_misc":{"Verfasst von":"hanssonnenberg","Gesch\u00e4tzte Lesezeit":"1\u00a0Minute"},"schema":{"@context":"https:\/\/schema.org","@graph":[{"@type":"WebPage","@id":"https:\/\/www.naturparkmagazin.de\/dahme-heideseen\/wege-zu-bemerkenswerten-baeumen\/","url":"https:\/\/www.naturparkmagazin.de\/dahme-heideseen\/wege-zu-bemerkenswerten-baeumen\/","name":"Wege zu bemerkenswerten B\u00e4umen - Naturpark Dahme-Heideseen","isPartOf":{"@id":"https:\/\/www.naturparkmagazin.de\/dahme-heideseen\/#website"},"datePublished":"2018-02-11T20:29:21+00:00","dateModified":"2018-02-25T08:59:39+00:00","author":{"@id":"https:\/\/www.naturparkmagazin.de\/dahme-heideseen\/#\/schema\/person\/c81c96c3a1f5ee7bffff8b8022c105f0"},"breadcrumb":{"@id":"https:\/\/www.naturparkmagazin.de\/dahme-heideseen\/wege-zu-bemerkenswerten-baeumen\/#breadcrumb"},"inLanguage":"de","potentialAction":[{"@type":"ReadAction","target":["https:\/\/www.naturparkmagazin.de\/dahme-heideseen\/wege-zu-bemerkenswerten-baeumen\/"]}]},{"@type":"BreadcrumbList","@id":"https:\/\/www.naturparkmagazin.de\/dahme-heideseen\/wege-zu-bemerkenswerten-baeumen\/#breadcrumb","itemListElement":[{"@type":"ListItem","position":1,"name":"Home","item":"https:\/\/www.naturparkmagazin.de\/dahme-heideseen\/"},{"@type":"ListItem","position":2,"name":"Wege zu bemerkenswerten B\u00e4umen"}]},{"@type":"WebSite","@id":"https:\/\/www.naturparkmagazin.de\/dahme-heideseen\/#website","url":"https:\/\/www.naturparkmagazin.de\/dahme-heideseen\/","name":"Naturpark Dahme-Heideseen","description":"","potentialAction":[{"@type":"SearchAction","target":{"@type":"EntryPoint","urlTemplate":"https:\/\/www.naturparkmagazin.de\/dahme-heideseen\/?s={search_term_string}"},"query-input":"required name=search_term_string"}],"inLanguage":"de"},{"@type":"Person","@id":"https:\/\/www.naturparkmagazin.de\/dahme-heideseen\/#\/schema\/person\/c81c96c3a1f5ee7bffff8b8022c105f0","name":"hanssonnenberg","url":"https:\/\/www.naturparkmagazin.de\/dahme-heideseen\/author\/hanssonnenberg\/"}]}},"_links":{"self":[{"href":"https:\/\/www.naturparkmagazin.de\/dahme-heideseen\/wp-json\/wp\/v2\/posts\/2401"}],"collection":[{"href":"https:\/\/www.naturparkmagazin.de\/dahme-heideseen\/wp-json\/wp\/v2\/posts"}],"about":[{"href":"https:\/\/www.naturparkmagazin.de\/dahme-heideseen\/wp-json\/wp\/v2\/types\/post"}],"author":[{"embeddable":true,"href":"https:\/\/www.naturparkmagazin.de\/dahme-heideseen\/wp-json\/wp\/v2\/users\/48"}],"replies":[{"embeddable":true,"href":"https:\/\/www.naturparkmagazin.de\/dahme-heideseen\/wp-json\/wp\/v2\/comments?post=2401"}],"version-history":[{"count":4,"href":"https:\/\/www.naturparkmagazin.de\/dahme-heideseen\/wp-json\/wp\/v2\/posts\/2401\/revisions"}],"predecessor-version":[{"id":2794,"href":"https:\/\/www.naturparkmagazin.de\/dahme-heideseen\/wp-json\/wp\/v2\/posts\/2401\/revisions\/2794"}],"wp:featuredmedia":[{"embeddable":true,"href":"https:\/\/www.naturparkmagazin.de\/dahme-heideseen\/wp-json\/wp\/v2\/media\/1861"}],"wp:attachment":[{"href":"https:\/\/www.naturparkmagazin.de\/dahme-heideseen\/wp-json\/wp\/v2\/media?parent=2401"}],"wp:term":[{"taxonomy":"category","embeddable":true,"href":"https:\/\/www.naturparkmagazin.de\/dahme-heideseen\/wp-json\/wp\/v2\/categories?post=2401"},{"taxonomy":"post_tag","embeddable":true,"href":"https:\/\/www.naturparkmagazin.de\/dahme-heideseen\/wp-json\/wp\/v2\/tags?post=2401"}],"curies":[{"name":"wp","href":"https:\/\/api.w.org\/{rel}","templated":true}]}}