{"id":2443,"date":"2018-03-15T21:59:42","date_gmt":"2018-03-15T20:59:42","guid":{"rendered":"http:\/\/www.naturparkmagazin.de\/dahme-heideseen\/?p=2443"},"modified":"2018-03-27T11:46:52","modified_gmt":"2018-03-27T09:46:52","slug":"ffh-managementplanung-ist-mit-auftaktveranstaltung-gestartet","status":"publish","type":"post","link":"https:\/\/www.naturparkmagazin.de\/dahme-heideseen\/ffh-managementplanung-ist-mit-auftaktveranstaltung-gestartet\/","title":{"rendered":"FFH-Managementplanung ist mit Auftaktveranstaltung gestartet"},"content":{"rendered":"<p>Im Rahmen einer \u00f6ffentlichen Auftaktveranstaltung am 13. M\u00e4rz 2018 im Tourismuszentrum Prieros wurde die anlaufende Managementplanung f\u00fcr 28 Flora-Fauna-Habitat-Gebiete vorgestellt. <!--more-->In Anwesenheit der Naturparkverwaltung und Vertretern der beteiligten Planungsb\u00fcros nutzten 20 G\u00e4ste die M\u00f6glichkeit, sich \u00fcber Inhalt und Ablauf der FFH-Managementplanung zu informieren.<\/p>\n<p>Natura 2000 bezeichnet ein Schutzgebietsnetz, das sich \u00fcber die gesamte Europ\u00e4ische Union erstreckt. Bestehend aus Fauna-Flora-Habitatgebieten (FFH) und Vogelschutzgebieten (SPA), dient es dem langfristigen Erhalt der biologischen Vielfalt. Zur Festlegung der notwendigen Erhaltungsma\u00dfnahmen wichtiger Lebensraumtypen und seltener wildlebender Tier- und Pflanzenarten werden Managementpl\u00e4ne f\u00fcr 28 FFH-Gebiete im Naturpark Dahme-Heideseen erstellt.<\/p>\n<p>Eine Planungsgemeinschaft wurde mit der Erstellung der Managementpl\u00e4ne beauftragt. Geleitet wird der Planungsprozess durch die Naturparkverwaltung Dahme-Heideseen.<\/p>\n<p>Beh\u00f6rden, Gemeinden, Verb\u00e4nde, Nutzer und Fl\u00e4cheneigent\u00fcmer, die in ihren Belangen betroffen sind, erhalten im Zeitraum 2018 bis 2020 Gelegenheiten, sich am Planungsprozess zu beteiligen. Zum fachlichen Austausch dienen u.a. regionale Arbeitsgruppen, Exkursionen und gezielte Einzelgespr\u00e4che.<\/p>\n<p><a href=\"https:\/\/www.naturparkmagazin.de\/dahme-heideseen\/wp-content\/uploads\/sites\/37\/Natura2000.jpg\"><img decoding=\"async\" loading=\"lazy\" class=\"aligncenter size-medium wp-image-2444\" src=\"https:\/\/www.naturparkmagazin.de\/dahme-heideseen\/wp-content\/uploads\/sites\/37\/Natura2000-620x536.jpg\" alt=\"Natura2000\" width=\"620\" height=\"536\" srcset=\"https:\/\/www.naturparkmagazin.de\/dahme-heideseen\/wp-content\/uploads\/sites\/37\/Natura2000-620x536.jpg 620w, https:\/\/www.naturparkmagazin.de\/dahme-heideseen\/wp-content\/uploads\/sites\/37\/Natura2000-300x259.jpg 300w, https:\/\/www.naturparkmagazin.de\/dahme-heideseen\/wp-content\/uploads\/sites\/37\/Natura2000-940x812.jpg 940w, https:\/\/www.naturparkmagazin.de\/dahme-heideseen\/wp-content\/uploads\/sites\/37\/Natura2000-670x579.jpg 670w, https:\/\/www.naturparkmagazin.de\/dahme-heideseen\/wp-content\/uploads\/sites\/37\/Natura2000-200x173.jpg 200w, https:\/\/www.naturparkmagazin.de\/dahme-heideseen\/wp-content\/uploads\/sites\/37\/Natura2000.jpg 1000w\" sizes=\"(max-width: 620px) 100vw, 620px\" \/><\/a><\/p>\n<p><a href=\"http:\/\/www.dahme-heideseen-naturpark.de\/unser-auftrag\/natura-2000\/managementplanung\/\" target=\"_blank\">Managementplanung im Naturpark<\/a><\/p>\n<p>&nbsp;<\/p>\n","protected":false},"excerpt":{"rendered":"<p>Im Rahmen einer \u00f6ffentlichen Auftaktveranstaltung am 13. M\u00e4rz 2018 im Tourismuszentrum Prieros wurde die anlaufende Managementplanung f\u00fcr 28 Flora-Fauna-Habitat-Gebiete vorgestellt. <\/p>\n","protected":false},"author":48,"featured_media":2444,"comment_status":"open","ping_status":"open","sticky":false,"template":"","format":"standard","meta":[],"categories":[7],"tags":[],"yoast_head":"<!-- This site is optimized with the Yoast SEO plugin v19.10 - https:\/\/yoast.com\/wordpress\/plugins\/seo\/ -->\n<title>FFH-Managementplanung ist mit Auftaktveranstaltung gestartet - Naturpark Dahme-Heideseen<\/title>\n<meta name=\"robots\" content=\"index, follow, max-snippet:-1, max-image-preview:large, max-video-preview:-1\" \/>\n<link rel=\"canonical\" href=\"https:\/\/www.naturparkmagazin.de\/dahme-heideseen\/ffh-managementplanung-ist-mit-auftaktveranstaltung-gestartet\/\" \/>\n<meta property=\"og:locale\" content=\"de_DE\" \/>\n<meta property=\"og:type\" content=\"article\" \/>\n<meta property=\"og:title\" content=\"FFH-Managementplanung ist mit Auftaktveranstaltung gestartet - Naturpark Dahme-Heideseen\" \/>\n<meta property=\"og:description\" content=\"Im Rahmen einer \u00f6ffentlichen Auftaktveranstaltung am 13. M\u00e4rz 2018 im Tourismuszentrum Prieros wurde die anlaufende Managementplanung f\u00fcr 28 Flora-Fauna-Habitat-Gebiete vorgestellt.\" \/>\n<meta property=\"og:url\" content=\"https:\/\/www.naturparkmagazin.de\/dahme-heideseen\/ffh-managementplanung-ist-mit-auftaktveranstaltung-gestartet\/\" \/>\n<meta property=\"og:site_name\" content=\"Naturpark Dahme-Heideseen\" \/>\n<meta property=\"article:published_time\" content=\"2018-03-15T20:59:42+00:00\" \/>\n<meta property=\"article:modified_time\" content=\"2018-03-27T09:46:52+00:00\" \/>\n<meta property=\"og:image\" content=\"https:\/\/www.naturparkmagazin.de\/dahme-heideseen\/wp-content\/uploads\/sites\/37\/Natura2000.jpg\" \/>\n\t<meta property=\"og:image:width\" content=\"1000\" \/>\n\t<meta property=\"og:image:height\" content=\"864\" \/>\n\t<meta property=\"og:image:type\" content=\"image\/jpeg\" \/>\n<meta name=\"author\" content=\"hanssonnenberg\" \/>\n<meta name=\"twitter:label1\" content=\"Verfasst von\" \/>\n\t<meta name=\"twitter:data1\" content=\"hanssonnenberg\" \/>\n\t<meta name=\"twitter:label2\" content=\"Gesch\u00e4tzte Lesezeit\" \/>\n\t<meta name=\"twitter:data2\" content=\"1\u00a0Minute\" \/>\n<script type=\"application\/ld+json\" class=\"yoast-schema-graph\">{\"@context\":\"https:\/\/schema.org\",\"@graph\":[{\"@type\":\"WebPage\",\"@id\":\"https:\/\/www.naturparkmagazin.de\/dahme-heideseen\/ffh-managementplanung-ist-mit-auftaktveranstaltung-gestartet\/\",\"url\":\"https:\/\/www.naturparkmagazin.de\/dahme-heideseen\/ffh-managementplanung-ist-mit-auftaktveranstaltung-gestartet\/\",\"name\":\"FFH-Managementplanung ist mit Auftaktveranstaltung gestartet - Naturpark Dahme-Heideseen\",\"isPartOf\":{\"@id\":\"https:\/\/www.naturparkmagazin.de\/dahme-heideseen\/#website\"},\"datePublished\":\"2018-03-15T20:59:42+00:00\",\"dateModified\":\"2018-03-27T09:46:52+00:00\",\"author\":{\"@id\":\"https:\/\/www.naturparkmagazin.de\/dahme-heideseen\/#\/schema\/person\/c81c96c3a1f5ee7bffff8b8022c105f0\"},\"breadcrumb\":{\"@id\":\"https:\/\/www.naturparkmagazin.de\/dahme-heideseen\/ffh-managementplanung-ist-mit-auftaktveranstaltung-gestartet\/#breadcrumb\"},\"inLanguage\":\"de\",\"potentialAction\":[{\"@type\":\"ReadAction\",\"target\":[\"https:\/\/www.naturparkmagazin.de\/dahme-heideseen\/ffh-managementplanung-ist-mit-auftaktveranstaltung-gestartet\/\"]}]},{\"@type\":\"BreadcrumbList\",\"@id\":\"https:\/\/www.naturparkmagazin.de\/dahme-heideseen\/ffh-managementplanung-ist-mit-auftaktveranstaltung-gestartet\/#breadcrumb\",\"itemListElement\":[{\"@type\":\"ListItem\",\"position\":1,\"name\":\"Home\",\"item\":\"https:\/\/www.naturparkmagazin.de\/dahme-heideseen\/\"},{\"@type\":\"ListItem\",\"position\":2,\"name\":\"FFH-Managementplanung ist mit Auftaktveranstaltung gestartet\"}]},{\"@type\":\"WebSite\",\"@id\":\"https:\/\/www.naturparkmagazin.de\/dahme-heideseen\/#website\",\"url\":\"https:\/\/www.naturparkmagazin.de\/dahme-heideseen\/\",\"name\":\"Naturpark Dahme-Heideseen\",\"description\":\"\",\"potentialAction\":[{\"@type\":\"SearchAction\",\"target\":{\"@type\":\"EntryPoint\",\"urlTemplate\":\"https:\/\/www.naturparkmagazin.de\/dahme-heideseen\/?s={search_term_string}\"},\"query-input\":\"required name=search_term_string\"}],\"inLanguage\":\"de\"},{\"@type\":\"Person\",\"@id\":\"https:\/\/www.naturparkmagazin.de\/dahme-heideseen\/#\/schema\/person\/c81c96c3a1f5ee7bffff8b8022c105f0\",\"name\":\"hanssonnenberg\",\"url\":\"https:\/\/www.naturparkmagazin.de\/dahme-heideseen\/author\/hanssonnenberg\/\"}]}<\/script>\n<!-- \/ Yoast SEO plugin. -->","yoast_head_json":{"title":"FFH-Managementplanung ist mit Auftaktveranstaltung gestartet - Naturpark Dahme-Heideseen","robots":{"index":"index","follow":"follow","max-snippet":"max-snippet:-1","max-image-preview":"max-image-preview:large","max-video-preview":"max-video-preview:-1"},"canonical":"https:\/\/www.naturparkmagazin.de\/dahme-heideseen\/ffh-managementplanung-ist-mit-auftaktveranstaltung-gestartet\/","og_locale":"de_DE","og_type":"article","og_title":"FFH-Managementplanung ist mit Auftaktveranstaltung gestartet - Naturpark Dahme-Heideseen","og_description":"Im Rahmen einer \u00f6ffentlichen Auftaktveranstaltung am 13. M\u00e4rz 2018 im Tourismuszentrum Prieros wurde die anlaufende Managementplanung f\u00fcr 28 Flora-Fauna-Habitat-Gebiete vorgestellt.","og_url":"https:\/\/www.naturparkmagazin.de\/dahme-heideseen\/ffh-managementplanung-ist-mit-auftaktveranstaltung-gestartet\/","og_site_name":"Naturpark Dahme-Heideseen","article_published_time":"2018-03-15T20:59:42+00:00","article_modified_time":"2018-03-27T09:46:52+00:00","og_image":[{"width":1000,"height":864,"url":"https:\/\/www.naturparkmagazin.de\/dahme-heideseen\/wp-content\/uploads\/sites\/37\/Natura2000.jpg","type":"image\/jpeg"}],"author":"hanssonnenberg","twitter_misc":{"Verfasst von":"hanssonnenberg","Gesch\u00e4tzte Lesezeit":"1\u00a0Minute"},"schema":{"@context":"https:\/\/schema.org","@graph":[{"@type":"WebPage","@id":"https:\/\/www.naturparkmagazin.de\/dahme-heideseen\/ffh-managementplanung-ist-mit-auftaktveranstaltung-gestartet\/","url":"https:\/\/www.naturparkmagazin.de\/dahme-heideseen\/ffh-managementplanung-ist-mit-auftaktveranstaltung-gestartet\/","name":"FFH-Managementplanung ist mit Auftaktveranstaltung gestartet - Naturpark Dahme-Heideseen","isPartOf":{"@id":"https:\/\/www.naturparkmagazin.de\/dahme-heideseen\/#website"},"datePublished":"2018-03-15T20:59:42+00:00","dateModified":"2018-03-27T09:46:52+00:00","author":{"@id":"https:\/\/www.naturparkmagazin.de\/dahme-heideseen\/#\/schema\/person\/c81c96c3a1f5ee7bffff8b8022c105f0"},"breadcrumb":{"@id":"https:\/\/www.naturparkmagazin.de\/dahme-heideseen\/ffh-managementplanung-ist-mit-auftaktveranstaltung-gestartet\/#breadcrumb"},"inLanguage":"de","potentialAction":[{"@type":"ReadAction","target":["https:\/\/www.naturparkmagazin.de\/dahme-heideseen\/ffh-managementplanung-ist-mit-auftaktveranstaltung-gestartet\/"]}]},{"@type":"BreadcrumbList","@id":"https:\/\/www.naturparkmagazin.de\/dahme-heideseen\/ffh-managementplanung-ist-mit-auftaktveranstaltung-gestartet\/#breadcrumb","itemListElement":[{"@type":"ListItem","position":1,"name":"Home","item":"https:\/\/www.naturparkmagazin.de\/dahme-heideseen\/"},{"@type":"ListItem","position":2,"name":"FFH-Managementplanung ist mit Auftaktveranstaltung gestartet"}]},{"@type":"WebSite","@id":"https:\/\/www.naturparkmagazin.de\/dahme-heideseen\/#website","url":"https:\/\/www.naturparkmagazin.de\/dahme-heideseen\/","name":"Naturpark Dahme-Heideseen","description":"","potentialAction":[{"@type":"SearchAction","target":{"@type":"EntryPoint","urlTemplate":"https:\/\/www.naturparkmagazin.de\/dahme-heideseen\/?s={search_term_string}"},"query-input":"required name=search_term_string"}],"inLanguage":"de"},{"@type":"Person","@id":"https:\/\/www.naturparkmagazin.de\/dahme-heideseen\/#\/schema\/person\/c81c96c3a1f5ee7bffff8b8022c105f0","name":"hanssonnenberg","url":"https:\/\/www.naturparkmagazin.de\/dahme-heideseen\/author\/hanssonnenberg\/"}]}},"_links":{"self":[{"href":"https:\/\/www.naturparkmagazin.de\/dahme-heideseen\/wp-json\/wp\/v2\/posts\/2443"}],"collection":[{"href":"https:\/\/www.naturparkmagazin.de\/dahme-heideseen\/wp-json\/wp\/v2\/posts"}],"about":[{"href":"https:\/\/www.naturparkmagazin.de\/dahme-heideseen\/wp-json\/wp\/v2\/types\/post"}],"author":[{"embeddable":true,"href":"https:\/\/www.naturparkmagazin.de\/dahme-heideseen\/wp-json\/wp\/v2\/users\/48"}],"replies":[{"embeddable":true,"href":"https:\/\/www.naturparkmagazin.de\/dahme-heideseen\/wp-json\/wp\/v2\/comments?post=2443"}],"version-history":[{"count":2,"href":"https:\/\/www.naturparkmagazin.de\/dahme-heideseen\/wp-json\/wp\/v2\/posts\/2443\/revisions"}],"predecessor-version":[{"id":2474,"href":"https:\/\/www.naturparkmagazin.de\/dahme-heideseen\/wp-json\/wp\/v2\/posts\/2443\/revisions\/2474"}],"wp:featuredmedia":[{"embeddable":true,"href":"https:\/\/www.naturparkmagazin.de\/dahme-heideseen\/wp-json\/wp\/v2\/media\/2444"}],"wp:attachment":[{"href":"https:\/\/www.naturparkmagazin.de\/dahme-heideseen\/wp-json\/wp\/v2\/media?parent=2443"}],"wp:term":[{"taxonomy":"category","embeddable":true,"href":"https:\/\/www.naturparkmagazin.de\/dahme-heideseen\/wp-json\/wp\/v2\/categories?post=2443"},{"taxonomy":"post_tag","embeddable":true,"href":"https:\/\/www.naturparkmagazin.de\/dahme-heideseen\/wp-json\/wp\/v2\/tags?post=2443"}],"curies":[{"name":"wp","href":"https:\/\/api.w.org\/{rel}","templated":true}]}}