{"id":2446,"date":"2018-05-10T22:13:28","date_gmt":"2018-05-10T20:13:28","guid":{"rendered":"http:\/\/www.naturparkmagazin.de\/dahme-heideseen\/?p=2446"},"modified":"2018-05-11T14:28:00","modified_gmt":"2018-05-11T12:28:00","slug":"gefuehle-frei-lassen","status":"publish","type":"post","link":"https:\/\/www.naturparkmagazin.de\/dahme-heideseen\/gefuehle-frei-lassen\/","title":{"rendered":"&#8222;Gef\u00fchle frei lassen&#8220; &#8211; Ausstellung wird verl\u00e4ngert"},"content":{"rendered":"<p>Die Ausstellung &#8222;Malerei und Grafik von Lieselotte Sommerfeld&#8220;\u00a0im Tourismuszentrum Prieros wird verl\u00e4ngert bis zum 5.Juli 2018<!--more--><\/p>\n<p><strong>\u00d6ffnungszeiten:<\/strong><\/p>\n<ul>\n<li>Mittwoch 09:00-15:00 Uhr<\/li>\n<li>Freitag 09:00-12:00 Uhr<\/li>\n<li>Samstag 09:00-12:00 Uhr<\/li>\n<li>sowie nach Vereinbarung (\u00d6ffnung von Montag bis Freitag durch Naturparkverwaltung m\u00f6glich)<\/li>\n<\/ul>\n<p>Liselotte Sommerfeld ist K\u00fcnstlerin aus Tornow bei Teupitz. Nach Beendigung ihrer Berufst\u00e4tigkeit im medizinischen Bereich begann sie intensiv mit dem Malen und Zeichnen. Techniken sind Aquarell, Acryl, Pastell, Aquarellstift, Tusche, \u00d6lkreide, Rohrfeder, Collagen, Tempera und Drucktechnik.<\/p>\n<p>In ihren j\u00fcngsten Werken widmet sie sich intensiv Themen die sie beunruhigen wie Bedrohung und Gier. Zu diesen Arbeiten geh\u00f6rt auch ihre Auseinandersetzung mit dem bei uns wieder heimisch werdenden Wolf.<\/p>\n<p>Liselotte Sommerfeld: \u00bbEs ist ja kein Geheimnis mehr, dass das Thema Wolf allm\u00e4hlich doch st\u00e4rker in den Mittelpunkt der Betrachtungen r\u00fcckt. Ich pers\u00f6nlich sehe die Entwicklung nicht ohne Skepsis \u2026\u00ab<\/p>\n<p>Ihre Arbeiten hat sie in \u00fcber 40 Ausstellungen gezeigt. Sie war im Jahre 1999 Preistr\u00e4gerin beim Wettbewerb Malen und Zeichnen \u00bbNatur- und Kulturdenkmale\u00ab im Naturpark Dahme-Heideseen.<\/p>\n<div id=\"attachment_2447\" style=\"width: 630px\" class=\"wp-caption aligncenter\"><a href=\"https:\/\/www.naturparkmagazin.de\/dahme-heideseen\/wp-content\/uploads\/sites\/37\/bedrohung_sommerfeld.jpg\"><img aria-describedby=\"caption-attachment-2447\" decoding=\"async\" loading=\"lazy\" class=\"size-medium wp-image-2447\" src=\"https:\/\/www.naturparkmagazin.de\/dahme-heideseen\/wp-content\/uploads\/sites\/37\/bedrohung_sommerfeld-620x827.jpg\" alt=\"Bedrohung \u00a9 Lieselotte Sommerfeld\" width=\"620\" height=\"827\" srcset=\"https:\/\/www.naturparkmagazin.de\/dahme-heideseen\/wp-content\/uploads\/sites\/37\/bedrohung_sommerfeld-620x827.jpg 620w, https:\/\/www.naturparkmagazin.de\/dahme-heideseen\/wp-content\/uploads\/sites\/37\/bedrohung_sommerfeld-300x400.jpg 300w, https:\/\/www.naturparkmagazin.de\/dahme-heideseen\/wp-content\/uploads\/sites\/37\/bedrohung_sommerfeld-500x667.jpg 500w, https:\/\/www.naturparkmagazin.de\/dahme-heideseen\/wp-content\/uploads\/sites\/37\/bedrohung_sommerfeld-420x560.jpg 420w, https:\/\/www.naturparkmagazin.de\/dahme-heideseen\/wp-content\/uploads\/sites\/37\/bedrohung_sommerfeld-135x180.jpg 135w, https:\/\/www.naturparkmagazin.de\/dahme-heideseen\/wp-content\/uploads\/sites\/37\/bedrohung_sommerfeld-53x71.jpg 53w, https:\/\/www.naturparkmagazin.de\/dahme-heideseen\/wp-content\/uploads\/sites\/37\/bedrohung_sommerfeld-670x893.jpg 670w, https:\/\/www.naturparkmagazin.de\/dahme-heideseen\/wp-content\/uploads\/sites\/37\/bedrohung_sommerfeld-200x267.jpg 200w, https:\/\/www.naturparkmagazin.de\/dahme-heideseen\/wp-content\/uploads\/sites\/37\/bedrohung_sommerfeld.jpg 750w\" sizes=\"(max-width: 620px) 100vw, 620px\" \/><\/a><p id=\"caption-attachment-2447\" class=\"wp-caption-text\">Bedrohung \u00a9 Lieselotte Sommerfeld<\/p><\/div>\n<div id=\"attachment_2542\" style=\"width: 510px\" class=\"wp-caption aligncenter\"><a href=\"https:\/\/www.naturparkmagazin.de\/dahme-heideseen\/wp-content\/uploads\/sites\/37\/csm_npdh_wir_verschwenden_unserer_erde_letztes_gruen_sommerfeld_2009_9c5d67316e.jpg\"><img aria-describedby=\"caption-attachment-2542\" decoding=\"async\" loading=\"lazy\" class=\"size-full wp-image-2542\" src=\"https:\/\/www.naturparkmagazin.de\/dahme-heideseen\/wp-content\/uploads\/sites\/37\/csm_npdh_wir_verschwenden_unserer_erde_letztes_gruen_sommerfeld_2009_9c5d67316e.jpg\" alt=\"Wir verschwenden unserer Erde letztes Gr\u00fcn \u00a9 Lieselotte Sommerfeld 2009\" width=\"500\" height=\"508\" srcset=\"https:\/\/www.naturparkmagazin.de\/dahme-heideseen\/wp-content\/uploads\/sites\/37\/csm_npdh_wir_verschwenden_unserer_erde_letztes_gruen_sommerfeld_2009_9c5d67316e.jpg 500w, https:\/\/www.naturparkmagazin.de\/dahme-heideseen\/wp-content\/uploads\/sites\/37\/csm_npdh_wir_verschwenden_unserer_erde_letztes_gruen_sommerfeld_2009_9c5d67316e-300x305.jpg 300w, https:\/\/www.naturparkmagazin.de\/dahme-heideseen\/wp-content\/uploads\/sites\/37\/csm_npdh_wir_verschwenden_unserer_erde_letztes_gruen_sommerfeld_2009_9c5d67316e-30x30.jpg 30w, https:\/\/www.naturparkmagazin.de\/dahme-heideseen\/wp-content\/uploads\/sites\/37\/csm_npdh_wir_verschwenden_unserer_erde_letztes_gruen_sommerfeld_2009_9c5d67316e-200x203.jpg 200w\" sizes=\"(max-width: 500px) 100vw, 500px\" \/><\/a><p id=\"caption-attachment-2542\" class=\"wp-caption-text\">Wir verschwenden unserer Erde letztes Gr\u00fcn \u00a9 Lieselotte Sommerfeld 2009<\/p><\/div>\n<p><a href=\"http:\/\/www.dahme-heideseen-naturpark.de\/fileadmin\/user_upload\/PDF\/Dahme-Heideseen\/Temoraere_pdf\/JahreBuch2018_Lieselotte_Sommerfeld.pdf\" target=\"_blank\">Lieselotte Sommerfeld im JahreBuch 2018<\/a><\/p>\n<h3>Veranstaltungsort<\/h3>\n<p><strong>Prieros<\/strong>\nTourismuszentrum Prieros\nPrieroser Dorfstr. 18 A\n15754 Heidesee<\/p>\n<p>+49 (0)33768 \/ 20 89 30<\/p>\n<p><a href=\"http:\/\/www.dahme-heideseen-naturpark.de\/service\/kontakt\/?tx_snmlugv_pi6%5Bcontact%5D=7289&amp;tx_snmlugv_pi6%5Bdate%5D=1\">tourismus(at)gemeinde-heidesee(dot)de<\/a><\/p>\n<p><a href=\"http:\/\/www.prierosonline.de\/dahme\/tourismuszentrum-prieros.html\" target=\"_blank\">http:\/\/www.prierosonline.de\/dahme\/tourismuszentrum-prieros.html<\/a><\/p>\n<h3><\/h3>\n<h3>Veranstalter<\/h3>\n<p><strong>Naturpark Dahme-Heideseen<\/strong>\nArnold Breithor-Stra\u00dfe8\n15754 Heidesee<\/p>\n<p>+49 (0)33768 9690<\/p>\n<p><a href=\"http:\/\/www.dahme-heideseen-naturpark.de\/\" target=\"_blank\">http:\/\/www.dahme-heideseen-naturpark.de\/<\/a><\/p>\n<p>&nbsp;<\/p>\n","protected":false},"excerpt":{"rendered":"<p>Die Ausstellung &#8222;Malerei und Grafik von Lieselotte Sommerfeld&#8220;\u00a0im Tourismuszentrum Prieros wird verl\u00e4ngert bis zum 5.Juli 2018<\/p>\n","protected":false},"author":48,"featured_media":2543,"comment_status":"open","ping_status":"open","sticky":false,"template":"","format":"standard","meta":[],"categories":[11],"tags":[],"yoast_head":"<!-- This site is optimized with the Yoast SEO plugin v19.10 - https:\/\/yoast.com\/wordpress\/plugins\/seo\/ -->\n<title>&quot;Gef\u00fchle frei lassen&quot; - Ausstellung wird verl\u00e4ngert - Naturpark Dahme-Heideseen<\/title>\n<meta name=\"robots\" content=\"index, follow, max-snippet:-1, max-image-preview:large, max-video-preview:-1\" \/>\n<link rel=\"canonical\" href=\"https:\/\/www.naturparkmagazin.de\/dahme-heideseen\/gefuehle-frei-lassen\/\" \/>\n<meta property=\"og:locale\" content=\"de_DE\" \/>\n<meta property=\"og:type\" content=\"article\" \/>\n<meta property=\"og:title\" content=\"&quot;Gef\u00fchle frei lassen&quot; - Ausstellung wird verl\u00e4ngert - Naturpark Dahme-Heideseen\" \/>\n<meta property=\"og:description\" content=\"Die Ausstellung &#8222;Malerei und Grafik von Lieselotte Sommerfeld&#8220;\u00a0im Tourismuszentrum Prieros wird verl\u00e4ngert bis zum 5.Juli 2018\" \/>\n<meta property=\"og:url\" content=\"https:\/\/www.naturparkmagazin.de\/dahme-heideseen\/gefuehle-frei-lassen\/\" \/>\n<meta property=\"og:site_name\" content=\"Naturpark Dahme-Heideseen\" \/>\n<meta property=\"article:published_time\" content=\"2018-05-10T20:13:28+00:00\" \/>\n<meta property=\"article:modified_time\" content=\"2018-05-11T12:28:00+00:00\" \/>\n<meta property=\"og:image\" content=\"https:\/\/www.naturparkmagazin.de\/dahme-heideseen\/wp-content\/uploads\/sites\/37\/csm_npdh_junge_schleihereulen_sommerfeld_2006_ac2b648a26.jpg\" \/>\n\t<meta property=\"og:image:width\" content=\"500\" \/>\n\t<meta property=\"og:image:height\" content=\"369\" \/>\n\t<meta property=\"og:image:type\" content=\"image\/jpeg\" \/>\n<meta name=\"author\" content=\"hanssonnenberg\" \/>\n<meta name=\"twitter:label1\" content=\"Verfasst von\" \/>\n\t<meta name=\"twitter:data1\" content=\"hanssonnenberg\" \/>\n\t<meta name=\"twitter:label2\" content=\"Gesch\u00e4tzte Lesezeit\" \/>\n\t<meta name=\"twitter:data2\" content=\"1\u00a0Minute\" \/>\n<script type=\"application\/ld+json\" class=\"yoast-schema-graph\">{\"@context\":\"https:\/\/schema.org\",\"@graph\":[{\"@type\":\"WebPage\",\"@id\":\"https:\/\/www.naturparkmagazin.de\/dahme-heideseen\/gefuehle-frei-lassen\/\",\"url\":\"https:\/\/www.naturparkmagazin.de\/dahme-heideseen\/gefuehle-frei-lassen\/\",\"name\":\"\\\"Gef\u00fchle frei lassen\\\" - Ausstellung wird verl\u00e4ngert - Naturpark Dahme-Heideseen\",\"isPartOf\":{\"@id\":\"https:\/\/www.naturparkmagazin.de\/dahme-heideseen\/#website\"},\"datePublished\":\"2018-05-10T20:13:28+00:00\",\"dateModified\":\"2018-05-11T12:28:00+00:00\",\"author\":{\"@id\":\"https:\/\/www.naturparkmagazin.de\/dahme-heideseen\/#\/schema\/person\/c81c96c3a1f5ee7bffff8b8022c105f0\"},\"breadcrumb\":{\"@id\":\"https:\/\/www.naturparkmagazin.de\/dahme-heideseen\/gefuehle-frei-lassen\/#breadcrumb\"},\"inLanguage\":\"de\",\"potentialAction\":[{\"@type\":\"ReadAction\",\"target\":[\"https:\/\/www.naturparkmagazin.de\/dahme-heideseen\/gefuehle-frei-lassen\/\"]}]},{\"@type\":\"BreadcrumbList\",\"@id\":\"https:\/\/www.naturparkmagazin.de\/dahme-heideseen\/gefuehle-frei-lassen\/#breadcrumb\",\"itemListElement\":[{\"@type\":\"ListItem\",\"position\":1,\"name\":\"Home\",\"item\":\"https:\/\/www.naturparkmagazin.de\/dahme-heideseen\/\"},{\"@type\":\"ListItem\",\"position\":2,\"name\":\"&#8222;Gef\u00fchle frei lassen&#8220; &#8211; Ausstellung wird verl\u00e4ngert\"}]},{\"@type\":\"WebSite\",\"@id\":\"https:\/\/www.naturparkmagazin.de\/dahme-heideseen\/#website\",\"url\":\"https:\/\/www.naturparkmagazin.de\/dahme-heideseen\/\",\"name\":\"Naturpark Dahme-Heideseen\",\"description\":\"\",\"potentialAction\":[{\"@type\":\"SearchAction\",\"target\":{\"@type\":\"EntryPoint\",\"urlTemplate\":\"https:\/\/www.naturparkmagazin.de\/dahme-heideseen\/?s={search_term_string}\"},\"query-input\":\"required name=search_term_string\"}],\"inLanguage\":\"de\"},{\"@type\":\"Person\",\"@id\":\"https:\/\/www.naturparkmagazin.de\/dahme-heideseen\/#\/schema\/person\/c81c96c3a1f5ee7bffff8b8022c105f0\",\"name\":\"hanssonnenberg\",\"url\":\"https:\/\/www.naturparkmagazin.de\/dahme-heideseen\/author\/hanssonnenberg\/\"}]}<\/script>\n<!-- \/ Yoast SEO plugin. -->","yoast_head_json":{"title":"\"Gef\u00fchle frei lassen\" - Ausstellung wird verl\u00e4ngert - Naturpark Dahme-Heideseen","robots":{"index":"index","follow":"follow","max-snippet":"max-snippet:-1","max-image-preview":"max-image-preview:large","max-video-preview":"max-video-preview:-1"},"canonical":"https:\/\/www.naturparkmagazin.de\/dahme-heideseen\/gefuehle-frei-lassen\/","og_locale":"de_DE","og_type":"article","og_title":"\"Gef\u00fchle frei lassen\" - Ausstellung wird verl\u00e4ngert - Naturpark Dahme-Heideseen","og_description":"Die Ausstellung &#8222;Malerei und Grafik von Lieselotte Sommerfeld&#8220;\u00a0im Tourismuszentrum Prieros wird verl\u00e4ngert bis zum 5.Juli 2018","og_url":"https:\/\/www.naturparkmagazin.de\/dahme-heideseen\/gefuehle-frei-lassen\/","og_site_name":"Naturpark Dahme-Heideseen","article_published_time":"2018-05-10T20:13:28+00:00","article_modified_time":"2018-05-11T12:28:00+00:00","og_image":[{"width":500,"height":369,"url":"https:\/\/www.naturparkmagazin.de\/dahme-heideseen\/wp-content\/uploads\/sites\/37\/csm_npdh_junge_schleihereulen_sommerfeld_2006_ac2b648a26.jpg","type":"image\/jpeg"}],"author":"hanssonnenberg","twitter_misc":{"Verfasst von":"hanssonnenberg","Gesch\u00e4tzte Lesezeit":"1\u00a0Minute"},"schema":{"@context":"https:\/\/schema.org","@graph":[{"@type":"WebPage","@id":"https:\/\/www.naturparkmagazin.de\/dahme-heideseen\/gefuehle-frei-lassen\/","url":"https:\/\/www.naturparkmagazin.de\/dahme-heideseen\/gefuehle-frei-lassen\/","name":"\"Gef\u00fchle frei lassen\" - Ausstellung wird verl\u00e4ngert - Naturpark Dahme-Heideseen","isPartOf":{"@id":"https:\/\/www.naturparkmagazin.de\/dahme-heideseen\/#website"},"datePublished":"2018-05-10T20:13:28+00:00","dateModified":"2018-05-11T12:28:00+00:00","author":{"@id":"https:\/\/www.naturparkmagazin.de\/dahme-heideseen\/#\/schema\/person\/c81c96c3a1f5ee7bffff8b8022c105f0"},"breadcrumb":{"@id":"https:\/\/www.naturparkmagazin.de\/dahme-heideseen\/gefuehle-frei-lassen\/#breadcrumb"},"inLanguage":"de","potentialAction":[{"@type":"ReadAction","target":["https:\/\/www.naturparkmagazin.de\/dahme-heideseen\/gefuehle-frei-lassen\/"]}]},{"@type":"BreadcrumbList","@id":"https:\/\/www.naturparkmagazin.de\/dahme-heideseen\/gefuehle-frei-lassen\/#breadcrumb","itemListElement":[{"@type":"ListItem","position":1,"name":"Home","item":"https:\/\/www.naturparkmagazin.de\/dahme-heideseen\/"},{"@type":"ListItem","position":2,"name":"&#8222;Gef\u00fchle frei lassen&#8220; &#8211; Ausstellung wird verl\u00e4ngert"}]},{"@type":"WebSite","@id":"https:\/\/www.naturparkmagazin.de\/dahme-heideseen\/#website","url":"https:\/\/www.naturparkmagazin.de\/dahme-heideseen\/","name":"Naturpark Dahme-Heideseen","description":"","potentialAction":[{"@type":"SearchAction","target":{"@type":"EntryPoint","urlTemplate":"https:\/\/www.naturparkmagazin.de\/dahme-heideseen\/?s={search_term_string}"},"query-input":"required name=search_term_string"}],"inLanguage":"de"},{"@type":"Person","@id":"https:\/\/www.naturparkmagazin.de\/dahme-heideseen\/#\/schema\/person\/c81c96c3a1f5ee7bffff8b8022c105f0","name":"hanssonnenberg","url":"https:\/\/www.naturparkmagazin.de\/dahme-heideseen\/author\/hanssonnenberg\/"}]}},"_links":{"self":[{"href":"https:\/\/www.naturparkmagazin.de\/dahme-heideseen\/wp-json\/wp\/v2\/posts\/2446"}],"collection":[{"href":"https:\/\/www.naturparkmagazin.de\/dahme-heideseen\/wp-json\/wp\/v2\/posts"}],"about":[{"href":"https:\/\/www.naturparkmagazin.de\/dahme-heideseen\/wp-json\/wp\/v2\/types\/post"}],"author":[{"embeddable":true,"href":"https:\/\/www.naturparkmagazin.de\/dahme-heideseen\/wp-json\/wp\/v2\/users\/48"}],"replies":[{"embeddable":true,"href":"https:\/\/www.naturparkmagazin.de\/dahme-heideseen\/wp-json\/wp\/v2\/comments?post=2446"}],"version-history":[{"count":4,"href":"https:\/\/www.naturparkmagazin.de\/dahme-heideseen\/wp-json\/wp\/v2\/posts\/2446\/revisions"}],"predecessor-version":[{"id":2545,"href":"https:\/\/www.naturparkmagazin.de\/dahme-heideseen\/wp-json\/wp\/v2\/posts\/2446\/revisions\/2545"}],"wp:featuredmedia":[{"embeddable":true,"href":"https:\/\/www.naturparkmagazin.de\/dahme-heideseen\/wp-json\/wp\/v2\/media\/2543"}],"wp:attachment":[{"href":"https:\/\/www.naturparkmagazin.de\/dahme-heideseen\/wp-json\/wp\/v2\/media?parent=2446"}],"wp:term":[{"taxonomy":"category","embeddable":true,"href":"https:\/\/www.naturparkmagazin.de\/dahme-heideseen\/wp-json\/wp\/v2\/categories?post=2446"},{"taxonomy":"post_tag","embeddable":true,"href":"https:\/\/www.naturparkmagazin.de\/dahme-heideseen\/wp-json\/wp\/v2\/tags?post=2446"}],"curies":[{"name":"wp","href":"https:\/\/api.w.org\/{rel}","templated":true}]}}