{"id":2450,"date":"2018-03-15T22:18:15","date_gmt":"2018-03-15T21:18:15","guid":{"rendered":"http:\/\/www.naturparkmagazin.de\/dahme-heideseen\/?p=2450"},"modified":"2018-03-27T11:45:55","modified_gmt":"2018-03-27T09:45:55","slug":"wanderbereite-kroeten-sitzen-in-den-startloechern","status":"publish","type":"post","link":"https:\/\/www.naturparkmagazin.de\/dahme-heideseen\/wanderbereite-kroeten-sitzen-in-den-startloechern\/","title":{"rendered":"Wanderbereite Kr\u00f6ten sitzen in den Startl\u00f6chern"},"content":{"rendered":"<div class=\"cc breadcrumb\">\n<p>Im zeitigen Fr\u00fchjahr findet die Wanderung von Fr\u00f6schen, Molchen und Kr\u00f6ten zu ihren Laichgew\u00e4ssern statt.<\/p>\n<p><!--more--><\/p>\n<\/div>\n<article>\n<div class=\"cc clearfix\">\n<section class=\"col full\">\n<section class=\"col left\">An mehreren Stellen, in denen besonders viele Amphibien eine Stra\u00dfe queren, gibt es &#8222;Leiteinrichtungen&#8220;. Hier werden die Amphibien so gelenkt, dass ein direktes, oft t\u00f6dlich endendes \u00dcberqueren der Stra\u00dfe verhindert wird.Feste Leiteinrichtungen mit einer Untertunnelung der Stra\u00dfe gibt es am T\u00fctschensee bei Tornow, am Blauen See bei Streganzberg und in der Niederung zwischen Schwenow und Werder.Eine mobile Leiteinrichtung mit aufgestellten Gummibahnen wird von der Naturwacht und freiwilligen Helfern zwischen Limsdorf und Ahrensdorf betreut. Hier werden die Tiere t\u00e4glich in Eimern \u00fcber die Stra\u00dfe getragen und in das Laichgew\u00e4sser des Reichardsluch gesetzt. Das Reichardsluch geh\u00f6rt zu einem Natura-2000 Gebiet im Naturpark.<\/p>\n<div id=\"attachment_2451\" style=\"width: 630px\" class=\"wp-caption aligncenter\"><a href=\"https:\/\/www.naturparkmagazin.de\/dahme-heideseen\/wp-content\/uploads\/sites\/37\/npdh_Erdkroeten_naturwacht_f88c385971.jpg\"><img aria-describedby=\"caption-attachment-2451\" decoding=\"async\" loading=\"lazy\" class=\"size-medium wp-image-2451\" src=\"https:\/\/www.naturparkmagazin.de\/dahme-heideseen\/wp-content\/uploads\/sites\/37\/npdh_Erdkroeten_naturwacht_f88c385971-620x420.jpg\" alt=\"Wanderung der Erdk\u00f6ten \u00a9 Naturwacht Dahme-Heideseen\" width=\"620\" height=\"420\" srcset=\"https:\/\/www.naturparkmagazin.de\/dahme-heideseen\/wp-content\/uploads\/sites\/37\/npdh_Erdkroeten_naturwacht_f88c385971-620x420.jpg 620w, https:\/\/www.naturparkmagazin.de\/dahme-heideseen\/wp-content\/uploads\/sites\/37\/npdh_Erdkroeten_naturwacht_f88c385971-300x203.jpg 300w, https:\/\/www.naturparkmagazin.de\/dahme-heideseen\/wp-content\/uploads\/sites\/37\/npdh_Erdkroeten_naturwacht_f88c385971-940x637.jpg 940w, https:\/\/www.naturparkmagazin.de\/dahme-heideseen\/wp-content\/uploads\/sites\/37\/npdh_Erdkroeten_naturwacht_f88c385971-670x454.jpg 670w, https:\/\/www.naturparkmagazin.de\/dahme-heideseen\/wp-content\/uploads\/sites\/37\/npdh_Erdkroeten_naturwacht_f88c385971-200x136.jpg 200w, https:\/\/www.naturparkmagazin.de\/dahme-heideseen\/wp-content\/uploads\/sites\/37\/npdh_Erdkroeten_naturwacht_f88c385971.jpg 1000w\" sizes=\"(max-width: 620px) 100vw, 620px\" \/><\/a><p id=\"caption-attachment-2451\" class=\"wp-caption-text\">Wanderung der Erdk\u00f6ten \u00a9 Naturwacht Dahme-Heideseen<\/p><\/div>\n<p>Weiterf\u00fchrende Infos zur Amphibienwanderung:<\/p>\n<p><a class=\"external-link-new-window\" title=\"Opens internal link in current window\" href=\"http:\/\/www.mlul.brandenburg.de\/cms\/detail.php\/bb1.c.589669.de\" target=\"_blank\">Pressemeldung des MLuL -Mildes und feuchtes Wetter treibt Fr\u00f6sche und Kr\u00f6ten aus ihren Winterquartieren<\/a><\/p>\n<p><a class=\"external-link-new-window\" title=\"Opens internal link in current window\" href=\"http:\/\/www.dahme-heideseen-naturpark.de\/themen\/natura-2000\/schwenower-forst-ergaenzung\/\" target=\"_blank\">FFH-Gebiet\u00a0Schwenower Forst Erg\u00e4nzung<\/a><\/p>\n<p><a class=\"external-link-new-window\" title=\"Opens internal link in current window\" href=\"http:\/\/www.dahme-heideseen-naturpark.de\/naturpark\/natur-und-landschaft\/tiere\/\" target=\"_blank\">Tiere im Naturpark<\/a><\/p>\n<h3>Gebiet<\/h3>\n<ul>\n<li>Naturpark Dahme-Heideseen<\/li>\n<\/ul>\n<h3>Kategorien<\/h3>\n<\/section>\n<\/section>\n<\/div>\n<\/article>\n<p>&nbsp;<\/p>\n","protected":false},"excerpt":{"rendered":"<p>Im zeitigen Fr\u00fchjahr findet die Wanderung von Fr\u00f6schen, Molchen und Kr\u00f6ten zu ihren Laichgew\u00e4ssern statt.<\/p>\n","protected":false},"author":48,"featured_media":2451,"comment_status":"open","ping_status":"open","sticky":false,"template":"","format":"standard","meta":[],"categories":[7],"tags":[],"yoast_head":"<!-- This site is optimized with the Yoast SEO plugin v19.10 - https:\/\/yoast.com\/wordpress\/plugins\/seo\/ -->\n<title>Wanderbereite Kr\u00f6ten sitzen in den Startl\u00f6chern - Naturpark Dahme-Heideseen<\/title>\n<meta name=\"robots\" content=\"index, follow, max-snippet:-1, max-image-preview:large, max-video-preview:-1\" \/>\n<link rel=\"canonical\" href=\"https:\/\/www.naturparkmagazin.de\/dahme-heideseen\/wanderbereite-kroeten-sitzen-in-den-startloechern\/\" \/>\n<meta property=\"og:locale\" content=\"de_DE\" \/>\n<meta property=\"og:type\" content=\"article\" \/>\n<meta property=\"og:title\" content=\"Wanderbereite Kr\u00f6ten sitzen in den Startl\u00f6chern - Naturpark Dahme-Heideseen\" \/>\n<meta property=\"og:description\" content=\"Im zeitigen Fr\u00fchjahr findet die Wanderung von Fr\u00f6schen, Molchen und Kr\u00f6ten zu ihren Laichgew\u00e4ssern statt.\" \/>\n<meta property=\"og:url\" content=\"https:\/\/www.naturparkmagazin.de\/dahme-heideseen\/wanderbereite-kroeten-sitzen-in-den-startloechern\/\" \/>\n<meta property=\"og:site_name\" content=\"Naturpark Dahme-Heideseen\" \/>\n<meta property=\"article:published_time\" content=\"2018-03-15T21:18:15+00:00\" \/>\n<meta property=\"article:modified_time\" content=\"2018-03-27T09:45:55+00:00\" \/>\n<meta property=\"og:image\" content=\"https:\/\/www.naturparkmagazin.de\/dahme-heideseen\/wp-content\/uploads\/sites\/37\/npdh_Erdkroeten_naturwacht_f88c385971.jpg\" \/>\n\t<meta property=\"og:image:width\" content=\"1000\" \/>\n\t<meta property=\"og:image:height\" content=\"678\" \/>\n\t<meta property=\"og:image:type\" content=\"image\/jpeg\" \/>\n<meta name=\"author\" content=\"hanssonnenberg\" \/>\n<meta name=\"twitter:label1\" content=\"Verfasst von\" \/>\n\t<meta name=\"twitter:data1\" content=\"hanssonnenberg\" \/>\n\t<meta name=\"twitter:label2\" content=\"Gesch\u00e4tzte Lesezeit\" \/>\n\t<meta name=\"twitter:data2\" content=\"1\u00a0Minute\" \/>\n<script type=\"application\/ld+json\" class=\"yoast-schema-graph\">{\"@context\":\"https:\/\/schema.org\",\"@graph\":[{\"@type\":\"WebPage\",\"@id\":\"https:\/\/www.naturparkmagazin.de\/dahme-heideseen\/wanderbereite-kroeten-sitzen-in-den-startloechern\/\",\"url\":\"https:\/\/www.naturparkmagazin.de\/dahme-heideseen\/wanderbereite-kroeten-sitzen-in-den-startloechern\/\",\"name\":\"Wanderbereite Kr\u00f6ten sitzen in den Startl\u00f6chern - Naturpark Dahme-Heideseen\",\"isPartOf\":{\"@id\":\"https:\/\/www.naturparkmagazin.de\/dahme-heideseen\/#website\"},\"datePublished\":\"2018-03-15T21:18:15+00:00\",\"dateModified\":\"2018-03-27T09:45:55+00:00\",\"author\":{\"@id\":\"https:\/\/www.naturparkmagazin.de\/dahme-heideseen\/#\/schema\/person\/c81c96c3a1f5ee7bffff8b8022c105f0\"},\"breadcrumb\":{\"@id\":\"https:\/\/www.naturparkmagazin.de\/dahme-heideseen\/wanderbereite-kroeten-sitzen-in-den-startloechern\/#breadcrumb\"},\"inLanguage\":\"de\",\"potentialAction\":[{\"@type\":\"ReadAction\",\"target\":[\"https:\/\/www.naturparkmagazin.de\/dahme-heideseen\/wanderbereite-kroeten-sitzen-in-den-startloechern\/\"]}]},{\"@type\":\"BreadcrumbList\",\"@id\":\"https:\/\/www.naturparkmagazin.de\/dahme-heideseen\/wanderbereite-kroeten-sitzen-in-den-startloechern\/#breadcrumb\",\"itemListElement\":[{\"@type\":\"ListItem\",\"position\":1,\"name\":\"Home\",\"item\":\"https:\/\/www.naturparkmagazin.de\/dahme-heideseen\/\"},{\"@type\":\"ListItem\",\"position\":2,\"name\":\"Wanderbereite Kr\u00f6ten sitzen in den Startl\u00f6chern\"}]},{\"@type\":\"WebSite\",\"@id\":\"https:\/\/www.naturparkmagazin.de\/dahme-heideseen\/#website\",\"url\":\"https:\/\/www.naturparkmagazin.de\/dahme-heideseen\/\",\"name\":\"Naturpark Dahme-Heideseen\",\"description\":\"\",\"potentialAction\":[{\"@type\":\"SearchAction\",\"target\":{\"@type\":\"EntryPoint\",\"urlTemplate\":\"https:\/\/www.naturparkmagazin.de\/dahme-heideseen\/?s={search_term_string}\"},\"query-input\":\"required name=search_term_string\"}],\"inLanguage\":\"de\"},{\"@type\":\"Person\",\"@id\":\"https:\/\/www.naturparkmagazin.de\/dahme-heideseen\/#\/schema\/person\/c81c96c3a1f5ee7bffff8b8022c105f0\",\"name\":\"hanssonnenberg\",\"url\":\"https:\/\/www.naturparkmagazin.de\/dahme-heideseen\/author\/hanssonnenberg\/\"}]}<\/script>\n<!-- \/ Yoast SEO plugin. -->","yoast_head_json":{"title":"Wanderbereite Kr\u00f6ten sitzen in den Startl\u00f6chern - Naturpark Dahme-Heideseen","robots":{"index":"index","follow":"follow","max-snippet":"max-snippet:-1","max-image-preview":"max-image-preview:large","max-video-preview":"max-video-preview:-1"},"canonical":"https:\/\/www.naturparkmagazin.de\/dahme-heideseen\/wanderbereite-kroeten-sitzen-in-den-startloechern\/","og_locale":"de_DE","og_type":"article","og_title":"Wanderbereite Kr\u00f6ten sitzen in den Startl\u00f6chern - Naturpark Dahme-Heideseen","og_description":"Im zeitigen Fr\u00fchjahr findet die Wanderung von Fr\u00f6schen, Molchen und Kr\u00f6ten zu ihren Laichgew\u00e4ssern statt.","og_url":"https:\/\/www.naturparkmagazin.de\/dahme-heideseen\/wanderbereite-kroeten-sitzen-in-den-startloechern\/","og_site_name":"Naturpark Dahme-Heideseen","article_published_time":"2018-03-15T21:18:15+00:00","article_modified_time":"2018-03-27T09:45:55+00:00","og_image":[{"width":1000,"height":678,"url":"https:\/\/www.naturparkmagazin.de\/dahme-heideseen\/wp-content\/uploads\/sites\/37\/npdh_Erdkroeten_naturwacht_f88c385971.jpg","type":"image\/jpeg"}],"author":"hanssonnenberg","twitter_misc":{"Verfasst von":"hanssonnenberg","Gesch\u00e4tzte Lesezeit":"1\u00a0Minute"},"schema":{"@context":"https:\/\/schema.org","@graph":[{"@type":"WebPage","@id":"https:\/\/www.naturparkmagazin.de\/dahme-heideseen\/wanderbereite-kroeten-sitzen-in-den-startloechern\/","url":"https:\/\/www.naturparkmagazin.de\/dahme-heideseen\/wanderbereite-kroeten-sitzen-in-den-startloechern\/","name":"Wanderbereite Kr\u00f6ten sitzen in den Startl\u00f6chern - Naturpark Dahme-Heideseen","isPartOf":{"@id":"https:\/\/www.naturparkmagazin.de\/dahme-heideseen\/#website"},"datePublished":"2018-03-15T21:18:15+00:00","dateModified":"2018-03-27T09:45:55+00:00","author":{"@id":"https:\/\/www.naturparkmagazin.de\/dahme-heideseen\/#\/schema\/person\/c81c96c3a1f5ee7bffff8b8022c105f0"},"breadcrumb":{"@id":"https:\/\/www.naturparkmagazin.de\/dahme-heideseen\/wanderbereite-kroeten-sitzen-in-den-startloechern\/#breadcrumb"},"inLanguage":"de","potentialAction":[{"@type":"ReadAction","target":["https:\/\/www.naturparkmagazin.de\/dahme-heideseen\/wanderbereite-kroeten-sitzen-in-den-startloechern\/"]}]},{"@type":"BreadcrumbList","@id":"https:\/\/www.naturparkmagazin.de\/dahme-heideseen\/wanderbereite-kroeten-sitzen-in-den-startloechern\/#breadcrumb","itemListElement":[{"@type":"ListItem","position":1,"name":"Home","item":"https:\/\/www.naturparkmagazin.de\/dahme-heideseen\/"},{"@type":"ListItem","position":2,"name":"Wanderbereite Kr\u00f6ten sitzen in den Startl\u00f6chern"}]},{"@type":"WebSite","@id":"https:\/\/www.naturparkmagazin.de\/dahme-heideseen\/#website","url":"https:\/\/www.naturparkmagazin.de\/dahme-heideseen\/","name":"Naturpark Dahme-Heideseen","description":"","potentialAction":[{"@type":"SearchAction","target":{"@type":"EntryPoint","urlTemplate":"https:\/\/www.naturparkmagazin.de\/dahme-heideseen\/?s={search_term_string}"},"query-input":"required name=search_term_string"}],"inLanguage":"de"},{"@type":"Person","@id":"https:\/\/www.naturparkmagazin.de\/dahme-heideseen\/#\/schema\/person\/c81c96c3a1f5ee7bffff8b8022c105f0","name":"hanssonnenberg","url":"https:\/\/www.naturparkmagazin.de\/dahme-heideseen\/author\/hanssonnenberg\/"}]}},"_links":{"self":[{"href":"https:\/\/www.naturparkmagazin.de\/dahme-heideseen\/wp-json\/wp\/v2\/posts\/2450"}],"collection":[{"href":"https:\/\/www.naturparkmagazin.de\/dahme-heideseen\/wp-json\/wp\/v2\/posts"}],"about":[{"href":"https:\/\/www.naturparkmagazin.de\/dahme-heideseen\/wp-json\/wp\/v2\/types\/post"}],"author":[{"embeddable":true,"href":"https:\/\/www.naturparkmagazin.de\/dahme-heideseen\/wp-json\/wp\/v2\/users\/48"}],"replies":[{"embeddable":true,"href":"https:\/\/www.naturparkmagazin.de\/dahme-heideseen\/wp-json\/wp\/v2\/comments?post=2450"}],"version-history":[{"count":5,"href":"https:\/\/www.naturparkmagazin.de\/dahme-heideseen\/wp-json\/wp\/v2\/posts\/2450\/revisions"}],"predecessor-version":[{"id":2792,"href":"https:\/\/www.naturparkmagazin.de\/dahme-heideseen\/wp-json\/wp\/v2\/posts\/2450\/revisions\/2792"}],"wp:featuredmedia":[{"embeddable":true,"href":"https:\/\/www.naturparkmagazin.de\/dahme-heideseen\/wp-json\/wp\/v2\/media\/2451"}],"wp:attachment":[{"href":"https:\/\/www.naturparkmagazin.de\/dahme-heideseen\/wp-json\/wp\/v2\/media?parent=2450"}],"wp:term":[{"taxonomy":"category","embeddable":true,"href":"https:\/\/www.naturparkmagazin.de\/dahme-heideseen\/wp-json\/wp\/v2\/categories?post=2450"},{"taxonomy":"post_tag","embeddable":true,"href":"https:\/\/www.naturparkmagazin.de\/dahme-heideseen\/wp-json\/wp\/v2\/tags?post=2450"}],"curies":[{"name":"wp","href":"https:\/\/api.w.org\/{rel}","templated":true}]}}