{"id":2453,"date":"2018-03-15T22:28:06","date_gmt":"2018-03-15T21:28:06","guid":{"rendered":"http:\/\/www.naturparkmagazin.de\/dahme-heideseen\/?p=2453"},"modified":"2018-03-15T22:37:17","modified_gmt":"2018-03-15T21:37:17","slug":"wanderung-ins-dahmetal","status":"publish","type":"post","link":"https:\/\/www.naturparkmagazin.de\/dahme-heideseen\/wanderung-ins-dahmetal\/","title":{"rendered":"Wanderung ins Dahmetal am 6. April"},"content":{"rendered":"<p>Einf\u00fchrung in die FFH-Managementplanung -Wanderung von Briesen in das Dahmetal<!--more--><\/p>\n<p>Der Naturpark l\u00e4dt zu einer landschaftlich reizvollen Exkursion zu den noch urspr\u00fcnglichen und naturnahen M\u00e4andern des Dahmetals ein.<\/p>\n<p>6. April 2018 von 16:00 bis 18:00 Uhr<\/p>\n<p>Vom Treffpunkt in Briesen (Am Denkmal \u2013 Ecke Lindenstra\u00dfe) aus starten wir auf einem Rundwanderweg eine etwa zweist\u00fcndige Wanderung von knapp f\u00fcnf Kilometer L\u00e4nge. Anlass hierzu ist die in diesem Jahr beginnende Managementplanung f\u00fcr 28 Fauna-Flora-Habitat-Gebiete im Naturpark Dahme-Heideseen. Betroffene und Interessierte bekommen hier die Gelegenheit, die verantwortlichen Planer kennenzulernen und sich von ihnen und der Naturparkverwaltung die wertvollen Sch\u00e4tze eines beispielhaften FFH-Gebietes, dem Dahmetal, zeigen zu lassen.<\/p>\n<p>Die Ansprechpartner freuen sich auf den fachlichen Austausch mit Ihnen und gehen gerne auf alle Fragen rund ums Thema ein.<\/p>\n<div id=\"attachment_2455\" style=\"width: 630px\" class=\"wp-caption aligncenter\"><a href=\"https:\/\/www.naturparkmagazin.de\/dahme-heideseen\/wp-content\/uploads\/sites\/37\/npdh_buschwindroeschen_sonnenberg_384b7b8089.jpg\"><img aria-describedby=\"caption-attachment-2455\" decoding=\"async\" loading=\"lazy\" class=\"size-medium wp-image-2455\" src=\"https:\/\/www.naturparkmagazin.de\/dahme-heideseen\/wp-content\/uploads\/sites\/37\/npdh_buschwindroeschen_sonnenberg_384b7b8089-620x465.jpg\" alt=\"Buschwindr\u00f6schen \u00a9 Hans Sonnenberg\" width=\"620\" height=\"465\" srcset=\"https:\/\/www.naturparkmagazin.de\/dahme-heideseen\/wp-content\/uploads\/sites\/37\/npdh_buschwindroeschen_sonnenberg_384b7b8089-620x465.jpg 620w, https:\/\/www.naturparkmagazin.de\/dahme-heideseen\/wp-content\/uploads\/sites\/37\/npdh_buschwindroeschen_sonnenberg_384b7b8089-300x225.jpg 300w, https:\/\/www.naturparkmagazin.de\/dahme-heideseen\/wp-content\/uploads\/sites\/37\/npdh_buschwindroeschen_sonnenberg_384b7b8089-940x705.jpg 940w, https:\/\/www.naturparkmagazin.de\/dahme-heideseen\/wp-content\/uploads\/sites\/37\/npdh_buschwindroeschen_sonnenberg_384b7b8089-580x435.jpg 580w, https:\/\/www.naturparkmagazin.de\/dahme-heideseen\/wp-content\/uploads\/sites\/37\/npdh_buschwindroeschen_sonnenberg_384b7b8089-420x315.jpg 420w, https:\/\/www.naturparkmagazin.de\/dahme-heideseen\/wp-content\/uploads\/sites\/37\/npdh_buschwindroeschen_sonnenberg_384b7b8089-180x135.jpg 180w, https:\/\/www.naturparkmagazin.de\/dahme-heideseen\/wp-content\/uploads\/sites\/37\/npdh_buschwindroeschen_sonnenberg_384b7b8089-95x71.jpg 95w, https:\/\/www.naturparkmagazin.de\/dahme-heideseen\/wp-content\/uploads\/sites\/37\/npdh_buschwindroeschen_sonnenberg_384b7b8089-670x503.jpg 670w, https:\/\/www.naturparkmagazin.de\/dahme-heideseen\/wp-content\/uploads\/sites\/37\/npdh_buschwindroeschen_sonnenberg_384b7b8089-200x150.jpg 200w, https:\/\/www.naturparkmagazin.de\/dahme-heideseen\/wp-content\/uploads\/sites\/37\/npdh_buschwindroeschen_sonnenberg_384b7b8089.jpg 1000w\" sizes=\"(max-width: 620px) 100vw, 620px\" \/><\/a><p id=\"caption-attachment-2455\" class=\"wp-caption-text\">Buschwindr\u00f6schen \u00a9 Hans Sonnenberg<\/p><\/div>\n<p><a href=\"http:\/\/www.dahme-heideseen-naturpark.de\/unser-auftrag\/natura-2000\/\" target=\"_blank\">Managementplanung im Naturpark<\/a><\/p>\n<h3>Veranstaltungsort<\/h3>\n<p><strong>Am Denkmal in Briesen<\/strong>\nAm Denkmal\n15757 Briesen<\/p>\n<p>+49(0)33768 969 0<\/p>\n<p><a href=\"http:\/\/www.dahme-heideseen-naturpark.de\/service\/kontakt\/?tx_snmlugv_pi6%5Bcontact%5D=7292&amp;tx_snmlugv_pi6%5Bdate%5D=1\">np-dahme-heideseen@lfu.brandenburg.de<\/a><\/p>\n<h3>Veranstalter<\/h3>\n<p><strong>Naturpark Dahme-Heideseen<\/strong>\nLinad B\u00f6ckenhoff\nArnold-Breithor-Stra\u00dfe 8\n15754 Heidesee \/ OT Prieros<\/p>\n<p>+49(0)33768 969-13<\/p>\n<p><a href=\"http:\/\/www.dahme-heideseen-naturpark.de\/service\/kontakt\/?tx_snmlugv_pi6%5Bcontact%5D=7292&amp;tx_snmlugv_pi6%5Bdate%5D=1\">linda.boeckenhoff@lfu.brandenburg.de<\/a><\/p>\n<p>&nbsp;<\/p>\n","protected":false},"excerpt":{"rendered":"<p>Einf\u00fchrung in die FFH-Managementplanung -Wanderung von Briesen in das Dahmetal<\/p>\n","protected":false},"author":48,"featured_media":2454,"comment_status":"open","ping_status":"open","sticky":false,"template":"","format":"standard","meta":[],"categories":[11],"tags":[],"yoast_head":"<!-- This site is optimized with the Yoast SEO plugin v19.10 - https:\/\/yoast.com\/wordpress\/plugins\/seo\/ -->\n<title>Wanderung ins Dahmetal am 6. April - Naturpark Dahme-Heideseen<\/title>\n<meta name=\"robots\" content=\"index, follow, max-snippet:-1, max-image-preview:large, max-video-preview:-1\" \/>\n<link rel=\"canonical\" href=\"https:\/\/www.naturparkmagazin.de\/dahme-heideseen\/wanderung-ins-dahmetal\/\" \/>\n<meta property=\"og:locale\" content=\"de_DE\" \/>\n<meta property=\"og:type\" content=\"article\" \/>\n<meta property=\"og:title\" content=\"Wanderung ins Dahmetal am 6. April - Naturpark Dahme-Heideseen\" \/>\n<meta property=\"og:description\" content=\"Einf\u00fchrung in die FFH-Managementplanung -Wanderung von Briesen in das Dahmetal\" \/>\n<meta property=\"og:url\" content=\"https:\/\/www.naturparkmagazin.de\/dahme-heideseen\/wanderung-ins-dahmetal\/\" \/>\n<meta property=\"og:site_name\" content=\"Naturpark Dahme-Heideseen\" \/>\n<meta property=\"article:published_time\" content=\"2018-03-15T21:28:06+00:00\" \/>\n<meta property=\"article:modified_time\" content=\"2018-03-15T21:37:17+00:00\" \/>\n<meta property=\"og:image\" content=\"https:\/\/www.naturparkmagazin.de\/dahme-heideseen\/wp-content\/uploads\/sites\/37\/npdh_dahmetal_2_sonnenberg_3a8ff6ac0c.jpg\" \/>\n\t<meta property=\"og:image:width\" content=\"1000\" \/>\n\t<meta property=\"og:image:height\" content=\"669\" \/>\n\t<meta property=\"og:image:type\" content=\"image\/jpeg\" \/>\n<meta name=\"author\" content=\"hanssonnenberg\" \/>\n<meta name=\"twitter:label1\" content=\"Verfasst von\" \/>\n\t<meta name=\"twitter:data1\" content=\"hanssonnenberg\" \/>\n\t<meta name=\"twitter:label2\" content=\"Gesch\u00e4tzte Lesezeit\" \/>\n\t<meta name=\"twitter:data2\" content=\"1\u00a0Minute\" \/>\n<script type=\"application\/ld+json\" class=\"yoast-schema-graph\">{\"@context\":\"https:\/\/schema.org\",\"@graph\":[{\"@type\":\"WebPage\",\"@id\":\"https:\/\/www.naturparkmagazin.de\/dahme-heideseen\/wanderung-ins-dahmetal\/\",\"url\":\"https:\/\/www.naturparkmagazin.de\/dahme-heideseen\/wanderung-ins-dahmetal\/\",\"name\":\"Wanderung ins Dahmetal am 6. April - Naturpark Dahme-Heideseen\",\"isPartOf\":{\"@id\":\"https:\/\/www.naturparkmagazin.de\/dahme-heideseen\/#website\"},\"datePublished\":\"2018-03-15T21:28:06+00:00\",\"dateModified\":\"2018-03-15T21:37:17+00:00\",\"author\":{\"@id\":\"https:\/\/www.naturparkmagazin.de\/dahme-heideseen\/#\/schema\/person\/c81c96c3a1f5ee7bffff8b8022c105f0\"},\"breadcrumb\":{\"@id\":\"https:\/\/www.naturparkmagazin.de\/dahme-heideseen\/wanderung-ins-dahmetal\/#breadcrumb\"},\"inLanguage\":\"de\",\"potentialAction\":[{\"@type\":\"ReadAction\",\"target\":[\"https:\/\/www.naturparkmagazin.de\/dahme-heideseen\/wanderung-ins-dahmetal\/\"]}]},{\"@type\":\"BreadcrumbList\",\"@id\":\"https:\/\/www.naturparkmagazin.de\/dahme-heideseen\/wanderung-ins-dahmetal\/#breadcrumb\",\"itemListElement\":[{\"@type\":\"ListItem\",\"position\":1,\"name\":\"Home\",\"item\":\"https:\/\/www.naturparkmagazin.de\/dahme-heideseen\/\"},{\"@type\":\"ListItem\",\"position\":2,\"name\":\"Wanderung ins Dahmetal am 6. April\"}]},{\"@type\":\"WebSite\",\"@id\":\"https:\/\/www.naturparkmagazin.de\/dahme-heideseen\/#website\",\"url\":\"https:\/\/www.naturparkmagazin.de\/dahme-heideseen\/\",\"name\":\"Naturpark Dahme-Heideseen\",\"description\":\"\",\"potentialAction\":[{\"@type\":\"SearchAction\",\"target\":{\"@type\":\"EntryPoint\",\"urlTemplate\":\"https:\/\/www.naturparkmagazin.de\/dahme-heideseen\/?s={search_term_string}\"},\"query-input\":\"required name=search_term_string\"}],\"inLanguage\":\"de\"},{\"@type\":\"Person\",\"@id\":\"https:\/\/www.naturparkmagazin.de\/dahme-heideseen\/#\/schema\/person\/c81c96c3a1f5ee7bffff8b8022c105f0\",\"name\":\"hanssonnenberg\",\"url\":\"https:\/\/www.naturparkmagazin.de\/dahme-heideseen\/author\/hanssonnenberg\/\"}]}<\/script>\n<!-- \/ Yoast SEO plugin. -->","yoast_head_json":{"title":"Wanderung ins Dahmetal am 6. April - Naturpark Dahme-Heideseen","robots":{"index":"index","follow":"follow","max-snippet":"max-snippet:-1","max-image-preview":"max-image-preview:large","max-video-preview":"max-video-preview:-1"},"canonical":"https:\/\/www.naturparkmagazin.de\/dahme-heideseen\/wanderung-ins-dahmetal\/","og_locale":"de_DE","og_type":"article","og_title":"Wanderung ins Dahmetal am 6. April - Naturpark Dahme-Heideseen","og_description":"Einf\u00fchrung in die FFH-Managementplanung -Wanderung von Briesen in das Dahmetal","og_url":"https:\/\/www.naturparkmagazin.de\/dahme-heideseen\/wanderung-ins-dahmetal\/","og_site_name":"Naturpark Dahme-Heideseen","article_published_time":"2018-03-15T21:28:06+00:00","article_modified_time":"2018-03-15T21:37:17+00:00","og_image":[{"width":1000,"height":669,"url":"https:\/\/www.naturparkmagazin.de\/dahme-heideseen\/wp-content\/uploads\/sites\/37\/npdh_dahmetal_2_sonnenberg_3a8ff6ac0c.jpg","type":"image\/jpeg"}],"author":"hanssonnenberg","twitter_misc":{"Verfasst von":"hanssonnenberg","Gesch\u00e4tzte Lesezeit":"1\u00a0Minute"},"schema":{"@context":"https:\/\/schema.org","@graph":[{"@type":"WebPage","@id":"https:\/\/www.naturparkmagazin.de\/dahme-heideseen\/wanderung-ins-dahmetal\/","url":"https:\/\/www.naturparkmagazin.de\/dahme-heideseen\/wanderung-ins-dahmetal\/","name":"Wanderung ins Dahmetal am 6. April - Naturpark Dahme-Heideseen","isPartOf":{"@id":"https:\/\/www.naturparkmagazin.de\/dahme-heideseen\/#website"},"datePublished":"2018-03-15T21:28:06+00:00","dateModified":"2018-03-15T21:37:17+00:00","author":{"@id":"https:\/\/www.naturparkmagazin.de\/dahme-heideseen\/#\/schema\/person\/c81c96c3a1f5ee7bffff8b8022c105f0"},"breadcrumb":{"@id":"https:\/\/www.naturparkmagazin.de\/dahme-heideseen\/wanderung-ins-dahmetal\/#breadcrumb"},"inLanguage":"de","potentialAction":[{"@type":"ReadAction","target":["https:\/\/www.naturparkmagazin.de\/dahme-heideseen\/wanderung-ins-dahmetal\/"]}]},{"@type":"BreadcrumbList","@id":"https:\/\/www.naturparkmagazin.de\/dahme-heideseen\/wanderung-ins-dahmetal\/#breadcrumb","itemListElement":[{"@type":"ListItem","position":1,"name":"Home","item":"https:\/\/www.naturparkmagazin.de\/dahme-heideseen\/"},{"@type":"ListItem","position":2,"name":"Wanderung ins Dahmetal am 6. April"}]},{"@type":"WebSite","@id":"https:\/\/www.naturparkmagazin.de\/dahme-heideseen\/#website","url":"https:\/\/www.naturparkmagazin.de\/dahme-heideseen\/","name":"Naturpark Dahme-Heideseen","description":"","potentialAction":[{"@type":"SearchAction","target":{"@type":"EntryPoint","urlTemplate":"https:\/\/www.naturparkmagazin.de\/dahme-heideseen\/?s={search_term_string}"},"query-input":"required name=search_term_string"}],"inLanguage":"de"},{"@type":"Person","@id":"https:\/\/www.naturparkmagazin.de\/dahme-heideseen\/#\/schema\/person\/c81c96c3a1f5ee7bffff8b8022c105f0","name":"hanssonnenberg","url":"https:\/\/www.naturparkmagazin.de\/dahme-heideseen\/author\/hanssonnenberg\/"}]}},"_links":{"self":[{"href":"https:\/\/www.naturparkmagazin.de\/dahme-heideseen\/wp-json\/wp\/v2\/posts\/2453"}],"collection":[{"href":"https:\/\/www.naturparkmagazin.de\/dahme-heideseen\/wp-json\/wp\/v2\/posts"}],"about":[{"href":"https:\/\/www.naturparkmagazin.de\/dahme-heideseen\/wp-json\/wp\/v2\/types\/post"}],"author":[{"embeddable":true,"href":"https:\/\/www.naturparkmagazin.de\/dahme-heideseen\/wp-json\/wp\/v2\/users\/48"}],"replies":[{"embeddable":true,"href":"https:\/\/www.naturparkmagazin.de\/dahme-heideseen\/wp-json\/wp\/v2\/comments?post=2453"}],"version-history":[{"count":3,"href":"https:\/\/www.naturparkmagazin.de\/dahme-heideseen\/wp-json\/wp\/v2\/posts\/2453\/revisions"}],"predecessor-version":[{"id":2462,"href":"https:\/\/www.naturparkmagazin.de\/dahme-heideseen\/wp-json\/wp\/v2\/posts\/2453\/revisions\/2462"}],"wp:featuredmedia":[{"embeddable":true,"href":"https:\/\/www.naturparkmagazin.de\/dahme-heideseen\/wp-json\/wp\/v2\/media\/2454"}],"wp:attachment":[{"href":"https:\/\/www.naturparkmagazin.de\/dahme-heideseen\/wp-json\/wp\/v2\/media?parent=2453"}],"wp:term":[{"taxonomy":"category","embeddable":true,"href":"https:\/\/www.naturparkmagazin.de\/dahme-heideseen\/wp-json\/wp\/v2\/categories?post=2453"},{"taxonomy":"post_tag","embeddable":true,"href":"https:\/\/www.naturparkmagazin.de\/dahme-heideseen\/wp-json\/wp\/v2\/tags?post=2453"}],"curies":[{"name":"wp","href":"https:\/\/api.w.org\/{rel}","templated":true}]}}