{"id":2457,"date":"2018-03-15T22:45:06","date_gmt":"2018-03-15T21:45:06","guid":{"rendered":"http:\/\/www.naturparkmagazin.de\/dahme-heideseen\/?p=2457"},"modified":"2018-03-27T11:45:13","modified_gmt":"2018-03-27T09:45:13","slug":"eroeffnung-des-wanderlehrpfads-bugker-sahara","status":"publish","type":"post","link":"https:\/\/www.naturparkmagazin.de\/dahme-heideseen\/eroeffnung-des-wanderlehrpfads-bugker-sahara\/","title":{"rendered":"Er\u00f6ffnung des Wanderlehrpfads &#8222;Bugker Sahara&#8220; am 26. April"},"content":{"rendered":"<p>Im Rahmen des LIFE-Projekts Sandrasen wurde in Bugk ein neuer Wanderlehrpfad eingerichtet. Die Er\u00f6ffnung erfolgt im Rahmen der Jahrestagung der Gesch\u00e4ftsf\u00fchrer und Naturparkleiter im Verband Deutsche Naturparke.<!--more--><\/p>\n<p><strong>26.04.2018 &#8211; 10:00 Uhr<\/strong><\/p>\n<p>Westlich von Bugk (Stadt Storkow\/Mark) befindet sich die &#8222;Bugker Sahra&#8220;. Auf trockenem Sandboden kommen hier, oft unter krummen Kiefern, besondere Tier- und Pflanzenarten vor. Silbergras w\u00e4chst hier neben Isl\u00e4ndischem Moos. Sandlaufk\u00e4fer landen auf offenen Sandfl\u00e4chen. In kleinen Erdtrichtern warten Ameisenl\u00f6wen auf Beute.<\/p>\n<p>Das Gebiet ist Bestandteil des europaweiten LIFE-Natur-Projekts \u201eSandrasen im Dahme-Seengebiet\u201c. Ein neuer Wanderlehrpfad f\u00fchrt von Bugk zum Glienitzberg, zum Gro\u00dfen Wotzensee und in die Bugker Sahara.<\/p>\n<p>Die Er\u00f6ffnung des Wanderlehrpfades erfolgt im Rahmen der Jahrestagung der Gesch\u00e4ftsf\u00fchrer und Naturparkleiter im Verband Deutsche Naturparke.<\/p>\n<p>Innerhalb Europas haben trockene, kalkreiche Sandrasen einen Verbreitungsschwerpunkt in Brandenburg. Im Rahmen des LIFE-Natur-Projekts \u201eSandrasen im Dahme-Seengebiet\u201c werden von 2013 bis 2019 in Natura 2000-Gebieten im Dahme-Seengebiet Standorte von kalkreichen Sandtrockenrasen erhalten oder wiederhergestellt.<\/p>\n<div id=\"attachment_2458\" style=\"width: 630px\" class=\"wp-caption aligncenter\"><a href=\"https:\/\/www.naturparkmagazin.de\/dahme-heideseen\/wp-content\/uploads\/sites\/37\/bugker-sahra.jpg\"><img aria-describedby=\"caption-attachment-2458\" decoding=\"async\" loading=\"lazy\" class=\"size-medium wp-image-2458\" src=\"https:\/\/www.naturparkmagazin.de\/dahme-heideseen\/wp-content\/uploads\/sites\/37\/bugker-sahra-620x465.jpg\" alt=\"Sandoffenfl\u00e4che in der Bugker Sahara  @ Hans Sonnenberg\" width=\"620\" height=\"465\" srcset=\"https:\/\/www.naturparkmagazin.de\/dahme-heideseen\/wp-content\/uploads\/sites\/37\/bugker-sahra-620x465.jpg 620w, https:\/\/www.naturparkmagazin.de\/dahme-heideseen\/wp-content\/uploads\/sites\/37\/bugker-sahra-300x225.jpg 300w, https:\/\/www.naturparkmagazin.de\/dahme-heideseen\/wp-content\/uploads\/sites\/37\/bugker-sahra-940x705.jpg 940w, https:\/\/www.naturparkmagazin.de\/dahme-heideseen\/wp-content\/uploads\/sites\/37\/bugker-sahra-580x435.jpg 580w, https:\/\/www.naturparkmagazin.de\/dahme-heideseen\/wp-content\/uploads\/sites\/37\/bugker-sahra-420x315.jpg 420w, https:\/\/www.naturparkmagazin.de\/dahme-heideseen\/wp-content\/uploads\/sites\/37\/bugker-sahra-180x135.jpg 180w, https:\/\/www.naturparkmagazin.de\/dahme-heideseen\/wp-content\/uploads\/sites\/37\/bugker-sahra-95x71.jpg 95w, https:\/\/www.naturparkmagazin.de\/dahme-heideseen\/wp-content\/uploads\/sites\/37\/bugker-sahra-670x503.jpg 670w, https:\/\/www.naturparkmagazin.de\/dahme-heideseen\/wp-content\/uploads\/sites\/37\/bugker-sahra-200x150.jpg 200w, https:\/\/www.naturparkmagazin.de\/dahme-heideseen\/wp-content\/uploads\/sites\/37\/bugker-sahra.jpg 1000w\" sizes=\"(max-width: 620px) 100vw, 620px\" \/><\/a><p id=\"caption-attachment-2458\" class=\"wp-caption-text\">Sandoffenfl\u00e4che in der Bugker Sahara @ Hans Sonnenberg<\/p><\/div>\n<h3>Veranstaltungsort<\/h3>\n<p><strong>Bugk<\/strong>\nBugk Dorfplatz\nBugker Dorfstra\u00dfe\n15859 Bugk<\/p>\n<h3>Veranstalter<\/h3>\n<p><strong>Naturpark Dahme-Heideseen<\/strong>\nArnold-Breithor-Stra\u00dfe 8\n15754 Heidesee, OT Prieros<\/p>\n<p>+49 (0) 33768 969 0<\/p>\n<p><a href=\"http:\/\/www.dahme-heideseen-naturpark.de\/service\/kontakt\/?tx_snmlugv_pi6%5Bcontact%5D=7293&amp;tx_snmlugv_pi6%5Bdate%5D=1\">np-dahme-heideseen@lfu.brandenburg.de<\/a><\/p>\n<p><a href=\"http:\/\/www.dahme-heideseen-naturpark.de\/\" target=\"_blank\">www.dahme-heideseen-naturpark.de<\/a><\/p>\n","protected":false},"excerpt":{"rendered":"<p>Im Rahmen des LIFE-Projekts Sandrasen wurde in Bugk ein neuer Wanderlehrpfad eingerichtet.<\/p>\n","protected":false},"author":48,"featured_media":2458,"comment_status":"open","ping_status":"open","sticky":false,"template":"","format":"standard","meta":[],"categories":[7],"tags":[],"yoast_head":"<!-- This site is optimized with the Yoast SEO plugin v19.10 - https:\/\/yoast.com\/wordpress\/plugins\/seo\/ -->\n<title>Er\u00f6ffnung des Wanderlehrpfads &quot;Bugker Sahara&quot; am 26. April - Naturpark Dahme-Heideseen<\/title>\n<meta name=\"robots\" content=\"index, follow, max-snippet:-1, max-image-preview:large, max-video-preview:-1\" \/>\n<link rel=\"canonical\" href=\"https:\/\/www.naturparkmagazin.de\/dahme-heideseen\/eroeffnung-des-wanderlehrpfads-bugker-sahara\/\" \/>\n<meta property=\"og:locale\" content=\"de_DE\" \/>\n<meta property=\"og:type\" content=\"article\" \/>\n<meta property=\"og:title\" content=\"Er\u00f6ffnung des Wanderlehrpfads &quot;Bugker Sahara&quot; am 26. April - Naturpark Dahme-Heideseen\" \/>\n<meta property=\"og:description\" content=\"Im Rahmen des LIFE-Projekts Sandrasen wurde in Bugk ein neuer Wanderlehrpfad eingerichtet.\" \/>\n<meta property=\"og:url\" content=\"https:\/\/www.naturparkmagazin.de\/dahme-heideseen\/eroeffnung-des-wanderlehrpfads-bugker-sahara\/\" \/>\n<meta property=\"og:site_name\" content=\"Naturpark Dahme-Heideseen\" \/>\n<meta property=\"article:published_time\" content=\"2018-03-15T21:45:06+00:00\" \/>\n<meta property=\"article:modified_time\" content=\"2018-03-27T09:45:13+00:00\" \/>\n<meta property=\"og:image\" content=\"https:\/\/www.naturparkmagazin.de\/dahme-heideseen\/wp-content\/uploads\/sites\/37\/bugker-sahra.jpg\" \/>\n\t<meta property=\"og:image:width\" content=\"1000\" \/>\n\t<meta property=\"og:image:height\" content=\"750\" \/>\n\t<meta property=\"og:image:type\" content=\"image\/jpeg\" \/>\n<meta name=\"author\" content=\"hanssonnenberg\" \/>\n<meta name=\"twitter:label1\" content=\"Verfasst von\" \/>\n\t<meta name=\"twitter:data1\" content=\"hanssonnenberg\" \/>\n\t<meta name=\"twitter:label2\" content=\"Gesch\u00e4tzte Lesezeit\" \/>\n\t<meta name=\"twitter:data2\" content=\"1\u00a0Minute\" \/>\n<script type=\"application\/ld+json\" class=\"yoast-schema-graph\">{\"@context\":\"https:\/\/schema.org\",\"@graph\":[{\"@type\":\"WebPage\",\"@id\":\"https:\/\/www.naturparkmagazin.de\/dahme-heideseen\/eroeffnung-des-wanderlehrpfads-bugker-sahara\/\",\"url\":\"https:\/\/www.naturparkmagazin.de\/dahme-heideseen\/eroeffnung-des-wanderlehrpfads-bugker-sahara\/\",\"name\":\"Er\u00f6ffnung des Wanderlehrpfads \\\"Bugker Sahara\\\" am 26. April - Naturpark Dahme-Heideseen\",\"isPartOf\":{\"@id\":\"https:\/\/www.naturparkmagazin.de\/dahme-heideseen\/#website\"},\"datePublished\":\"2018-03-15T21:45:06+00:00\",\"dateModified\":\"2018-03-27T09:45:13+00:00\",\"author\":{\"@id\":\"https:\/\/www.naturparkmagazin.de\/dahme-heideseen\/#\/schema\/person\/c81c96c3a1f5ee7bffff8b8022c105f0\"},\"breadcrumb\":{\"@id\":\"https:\/\/www.naturparkmagazin.de\/dahme-heideseen\/eroeffnung-des-wanderlehrpfads-bugker-sahara\/#breadcrumb\"},\"inLanguage\":\"de\",\"potentialAction\":[{\"@type\":\"ReadAction\",\"target\":[\"https:\/\/www.naturparkmagazin.de\/dahme-heideseen\/eroeffnung-des-wanderlehrpfads-bugker-sahara\/\"]}]},{\"@type\":\"BreadcrumbList\",\"@id\":\"https:\/\/www.naturparkmagazin.de\/dahme-heideseen\/eroeffnung-des-wanderlehrpfads-bugker-sahara\/#breadcrumb\",\"itemListElement\":[{\"@type\":\"ListItem\",\"position\":1,\"name\":\"Home\",\"item\":\"https:\/\/www.naturparkmagazin.de\/dahme-heideseen\/\"},{\"@type\":\"ListItem\",\"position\":2,\"name\":\"Er\u00f6ffnung des Wanderlehrpfads &#8222;Bugker Sahara&#8220; am 26. April\"}]},{\"@type\":\"WebSite\",\"@id\":\"https:\/\/www.naturparkmagazin.de\/dahme-heideseen\/#website\",\"url\":\"https:\/\/www.naturparkmagazin.de\/dahme-heideseen\/\",\"name\":\"Naturpark Dahme-Heideseen\",\"description\":\"\",\"potentialAction\":[{\"@type\":\"SearchAction\",\"target\":{\"@type\":\"EntryPoint\",\"urlTemplate\":\"https:\/\/www.naturparkmagazin.de\/dahme-heideseen\/?s={search_term_string}\"},\"query-input\":\"required name=search_term_string\"}],\"inLanguage\":\"de\"},{\"@type\":\"Person\",\"@id\":\"https:\/\/www.naturparkmagazin.de\/dahme-heideseen\/#\/schema\/person\/c81c96c3a1f5ee7bffff8b8022c105f0\",\"name\":\"hanssonnenberg\",\"url\":\"https:\/\/www.naturparkmagazin.de\/dahme-heideseen\/author\/hanssonnenberg\/\"}]}<\/script>\n<!-- \/ Yoast SEO plugin. -->","yoast_head_json":{"title":"Er\u00f6ffnung des Wanderlehrpfads \"Bugker Sahara\" am 26. April - Naturpark Dahme-Heideseen","robots":{"index":"index","follow":"follow","max-snippet":"max-snippet:-1","max-image-preview":"max-image-preview:large","max-video-preview":"max-video-preview:-1"},"canonical":"https:\/\/www.naturparkmagazin.de\/dahme-heideseen\/eroeffnung-des-wanderlehrpfads-bugker-sahara\/","og_locale":"de_DE","og_type":"article","og_title":"Er\u00f6ffnung des Wanderlehrpfads \"Bugker Sahara\" am 26. April - Naturpark Dahme-Heideseen","og_description":"Im Rahmen des LIFE-Projekts Sandrasen wurde in Bugk ein neuer Wanderlehrpfad eingerichtet.","og_url":"https:\/\/www.naturparkmagazin.de\/dahme-heideseen\/eroeffnung-des-wanderlehrpfads-bugker-sahara\/","og_site_name":"Naturpark Dahme-Heideseen","article_published_time":"2018-03-15T21:45:06+00:00","article_modified_time":"2018-03-27T09:45:13+00:00","og_image":[{"width":1000,"height":750,"url":"https:\/\/www.naturparkmagazin.de\/dahme-heideseen\/wp-content\/uploads\/sites\/37\/bugker-sahra.jpg","type":"image\/jpeg"}],"author":"hanssonnenberg","twitter_misc":{"Verfasst von":"hanssonnenberg","Gesch\u00e4tzte Lesezeit":"1\u00a0Minute"},"schema":{"@context":"https:\/\/schema.org","@graph":[{"@type":"WebPage","@id":"https:\/\/www.naturparkmagazin.de\/dahme-heideseen\/eroeffnung-des-wanderlehrpfads-bugker-sahara\/","url":"https:\/\/www.naturparkmagazin.de\/dahme-heideseen\/eroeffnung-des-wanderlehrpfads-bugker-sahara\/","name":"Er\u00f6ffnung des Wanderlehrpfads \"Bugker Sahara\" am 26. April - Naturpark Dahme-Heideseen","isPartOf":{"@id":"https:\/\/www.naturparkmagazin.de\/dahme-heideseen\/#website"},"datePublished":"2018-03-15T21:45:06+00:00","dateModified":"2018-03-27T09:45:13+00:00","author":{"@id":"https:\/\/www.naturparkmagazin.de\/dahme-heideseen\/#\/schema\/person\/c81c96c3a1f5ee7bffff8b8022c105f0"},"breadcrumb":{"@id":"https:\/\/www.naturparkmagazin.de\/dahme-heideseen\/eroeffnung-des-wanderlehrpfads-bugker-sahara\/#breadcrumb"},"inLanguage":"de","potentialAction":[{"@type":"ReadAction","target":["https:\/\/www.naturparkmagazin.de\/dahme-heideseen\/eroeffnung-des-wanderlehrpfads-bugker-sahara\/"]}]},{"@type":"BreadcrumbList","@id":"https:\/\/www.naturparkmagazin.de\/dahme-heideseen\/eroeffnung-des-wanderlehrpfads-bugker-sahara\/#breadcrumb","itemListElement":[{"@type":"ListItem","position":1,"name":"Home","item":"https:\/\/www.naturparkmagazin.de\/dahme-heideseen\/"},{"@type":"ListItem","position":2,"name":"Er\u00f6ffnung des Wanderlehrpfads &#8222;Bugker Sahara&#8220; am 26. April"}]},{"@type":"WebSite","@id":"https:\/\/www.naturparkmagazin.de\/dahme-heideseen\/#website","url":"https:\/\/www.naturparkmagazin.de\/dahme-heideseen\/","name":"Naturpark Dahme-Heideseen","description":"","potentialAction":[{"@type":"SearchAction","target":{"@type":"EntryPoint","urlTemplate":"https:\/\/www.naturparkmagazin.de\/dahme-heideseen\/?s={search_term_string}"},"query-input":"required name=search_term_string"}],"inLanguage":"de"},{"@type":"Person","@id":"https:\/\/www.naturparkmagazin.de\/dahme-heideseen\/#\/schema\/person\/c81c96c3a1f5ee7bffff8b8022c105f0","name":"hanssonnenberg","url":"https:\/\/www.naturparkmagazin.de\/dahme-heideseen\/author\/hanssonnenberg\/"}]}},"_links":{"self":[{"href":"https:\/\/www.naturparkmagazin.de\/dahme-heideseen\/wp-json\/wp\/v2\/posts\/2457"}],"collection":[{"href":"https:\/\/www.naturparkmagazin.de\/dahme-heideseen\/wp-json\/wp\/v2\/posts"}],"about":[{"href":"https:\/\/www.naturparkmagazin.de\/dahme-heideseen\/wp-json\/wp\/v2\/types\/post"}],"author":[{"embeddable":true,"href":"https:\/\/www.naturparkmagazin.de\/dahme-heideseen\/wp-json\/wp\/v2\/users\/48"}],"replies":[{"embeddable":true,"href":"https:\/\/www.naturparkmagazin.de\/dahme-heideseen\/wp-json\/wp\/v2\/comments?post=2457"}],"version-history":[{"count":5,"href":"https:\/\/www.naturparkmagazin.de\/dahme-heideseen\/wp-json\/wp\/v2\/posts\/2457\/revisions"}],"predecessor-version":[{"id":2791,"href":"https:\/\/www.naturparkmagazin.de\/dahme-heideseen\/wp-json\/wp\/v2\/posts\/2457\/revisions\/2791"}],"wp:featuredmedia":[{"embeddable":true,"href":"https:\/\/www.naturparkmagazin.de\/dahme-heideseen\/wp-json\/wp\/v2\/media\/2458"}],"wp:attachment":[{"href":"https:\/\/www.naturparkmagazin.de\/dahme-heideseen\/wp-json\/wp\/v2\/media?parent=2457"}],"wp:term":[{"taxonomy":"category","embeddable":true,"href":"https:\/\/www.naturparkmagazin.de\/dahme-heideseen\/wp-json\/wp\/v2\/categories?post=2457"},{"taxonomy":"post_tag","embeddable":true,"href":"https:\/\/www.naturparkmagazin.de\/dahme-heideseen\/wp-json\/wp\/v2\/tags?post=2457"}],"curies":[{"name":"wp","href":"https:\/\/api.w.org\/{rel}","templated":true}]}}