{"id":2464,"date":"2018-03-15T22:43:03","date_gmt":"2018-03-15T21:43:03","guid":{"rendered":"http:\/\/www.naturparkmagazin.de\/dahme-heideseen\/?p=2464"},"modified":"2018-03-15T22:43:03","modified_gmt":"2018-03-15T21:43:03","slug":"ein-ranger-erzaehlt-die-dubrow-im-wandel","status":"publish","type":"post","link":"https:\/\/www.naturparkmagazin.de\/dahme-heideseen\/ein-ranger-erzaehlt-die-dubrow-im-wandel\/","title":{"rendered":"Ein Ranger erz\u00e4hlt &#8211; Die Dubrow im Wandel"},"content":{"rendered":"<p>Vortrag am 8. April in Halbe<!--more--><\/p>\n<p>Die Dubrow &#8211; das ist das ausgedehnte Waldgebiet bei Gr\u00e4bendorf, in dem schon die Preussenk\u00f6nige gern zur Jagd gingen. Viel hat sich dort seitdem ver\u00e4ndert.<\/p>\n<p>Wie und was, dar\u00fcber berichtet der Naturpark-Ranger Hannes Hause im Rahmen eines bebilderten Vortrages mit aktuellen und seltenen historischen Aufnahmen.<\/p>\n<p>\u00dcbrigens: Der Name Dubrow stammt aus dem Slawischen und bedeutet Eiche.<\/p>\n<p>Wie immer gibt es Kaffee und selbst gebackenen Kuchen.<\/p>\n<div id=\"attachment_2132\" style=\"width: 630px\" class=\"wp-caption aligncenter\"><a href=\"https:\/\/www.naturparkmagazin.de\/dahme-heideseen\/wp-content\/uploads\/sites\/37\/npdh_K\u00f6nigseiche_neujahr.jpg\"><img aria-describedby=\"caption-attachment-2132\" decoding=\"async\" loading=\"lazy\" class=\"size-medium wp-image-2132\" src=\"https:\/\/www.naturparkmagazin.de\/dahme-heideseen\/wp-content\/uploads\/sites\/37\/npdh_K\u00f6nigseiche_neujahr-620x465.jpg\" alt=\"Die K\u00f6nigseiche - ein Baum in Ver\u00e4nderung (\u00a9 Neujahr)\" width=\"620\" height=\"465\" srcset=\"https:\/\/www.naturparkmagazin.de\/dahme-heideseen\/wp-content\/uploads\/sites\/37\/npdh_K\u00f6nigseiche_neujahr-620x465.jpg 620w, https:\/\/www.naturparkmagazin.de\/dahme-heideseen\/wp-content\/uploads\/sites\/37\/npdh_K\u00f6nigseiche_neujahr-300x225.jpg 300w, https:\/\/www.naturparkmagazin.de\/dahme-heideseen\/wp-content\/uploads\/sites\/37\/npdh_K\u00f6nigseiche_neujahr-580x435.jpg 580w, https:\/\/www.naturparkmagazin.de\/dahme-heideseen\/wp-content\/uploads\/sites\/37\/npdh_K\u00f6nigseiche_neujahr-420x315.jpg 420w, https:\/\/www.naturparkmagazin.de\/dahme-heideseen\/wp-content\/uploads\/sites\/37\/npdh_K\u00f6nigseiche_neujahr-180x135.jpg 180w, https:\/\/www.naturparkmagazin.de\/dahme-heideseen\/wp-content\/uploads\/sites\/37\/npdh_K\u00f6nigseiche_neujahr-95x71.jpg 95w, https:\/\/www.naturparkmagazin.de\/dahme-heideseen\/wp-content\/uploads\/sites\/37\/npdh_K\u00f6nigseiche_neujahr-200x150.jpg 200w, https:\/\/www.naturparkmagazin.de\/dahme-heideseen\/wp-content\/uploads\/sites\/37\/npdh_K\u00f6nigseiche_neujahr.jpg 640w\" sizes=\"(max-width: 620px) 100vw, 620px\" \/><\/a><p id=\"caption-attachment-2132\" class=\"wp-caption-text\">Die K\u00f6nigseiche &#8211; ein Baum in Ver\u00e4nderung (\u00a9 Neujahr)<\/p><\/div>\n<h3>Veranstaltungsort<\/h3>\n<p><strong>Halbe<\/strong>\nDankeskirche Halbe, Gemeindesaal\nKirchstra\u00dfe 7\n15757 Halbe<\/p>\n<h3>Veranstalter<\/h3>\n<p><strong>F\u00f6rderverein Dankeskirche Halbe e. V.<\/strong>\nEckart K\u00f6the<\/p>\n<p>+49 (0)33765 84962<\/p>\n<p><a href=\"http:\/\/www.dahme-heideseen-naturpark.de\/service\/kontakt\/?tx_snmlugv_pi6%5Bcontact%5D=7275&amp;tx_snmlugv_pi6%5Bdate%5D=1\">eckart.koethe@freizeitheim-halbe.de<\/a><\/p>\n<p><a href=\"http:\/\/www.dankeskirche-halbe.de\/\" target=\"_blank\">F\u00f6rderverein Dankeskirche Halbe e. V.<\/a><\/p>\n<p><a href=\"http:\/\/www.dahme-heideseen-naturpark.de\/\" target=\"_blank\">Naturpark Dahme-Heideseen<\/a><\/p>\n<p>&nbsp;<\/p>\n","protected":false},"excerpt":{"rendered":"<p>Vortrag am 8. April in Halbe<\/p>\n","protected":false},"author":48,"featured_media":2132,"comment_status":"open","ping_status":"open","sticky":false,"template":"","format":"standard","meta":[],"categories":[11],"tags":[],"yoast_head":"<!-- This site is optimized with the Yoast SEO plugin v19.10 - https:\/\/yoast.com\/wordpress\/plugins\/seo\/ -->\n<title>Ein Ranger erz\u00e4hlt - Die Dubrow im Wandel - Naturpark Dahme-Heideseen<\/title>\n<meta name=\"robots\" content=\"index, follow, max-snippet:-1, max-image-preview:large, max-video-preview:-1\" \/>\n<link rel=\"canonical\" href=\"https:\/\/www.naturparkmagazin.de\/dahme-heideseen\/ein-ranger-erzaehlt-die-dubrow-im-wandel\/\" \/>\n<meta property=\"og:locale\" content=\"de_DE\" \/>\n<meta property=\"og:type\" content=\"article\" \/>\n<meta property=\"og:title\" content=\"Ein Ranger erz\u00e4hlt - Die Dubrow im Wandel - Naturpark Dahme-Heideseen\" \/>\n<meta property=\"og:description\" content=\"Vortrag am 8. April in Halbe\" \/>\n<meta property=\"og:url\" content=\"https:\/\/www.naturparkmagazin.de\/dahme-heideseen\/ein-ranger-erzaehlt-die-dubrow-im-wandel\/\" \/>\n<meta property=\"og:site_name\" content=\"Naturpark Dahme-Heideseen\" \/>\n<meta property=\"article:published_time\" content=\"2018-03-15T21:43:03+00:00\" \/>\n<meta property=\"og:image\" content=\"https:\/\/www.naturparkmagazin.de\/dahme-heideseen\/wp-content\/uploads\/sites\/37\/npdh_K\u00f6nigseiche_neujahr.jpg\" \/>\n\t<meta property=\"og:image:width\" content=\"640\" \/>\n\t<meta property=\"og:image:height\" content=\"480\" \/>\n\t<meta property=\"og:image:type\" content=\"image\/jpeg\" \/>\n<meta name=\"author\" content=\"hanssonnenberg\" \/>\n<meta name=\"twitter:label1\" content=\"Verfasst von\" \/>\n\t<meta name=\"twitter:data1\" content=\"hanssonnenberg\" \/>\n\t<meta name=\"twitter:label2\" content=\"Gesch\u00e4tzte Lesezeit\" \/>\n\t<meta name=\"twitter:data2\" content=\"1\u00a0Minute\" \/>\n<script type=\"application\/ld+json\" class=\"yoast-schema-graph\">{\"@context\":\"https:\/\/schema.org\",\"@graph\":[{\"@type\":\"WebPage\",\"@id\":\"https:\/\/www.naturparkmagazin.de\/dahme-heideseen\/ein-ranger-erzaehlt-die-dubrow-im-wandel\/\",\"url\":\"https:\/\/www.naturparkmagazin.de\/dahme-heideseen\/ein-ranger-erzaehlt-die-dubrow-im-wandel\/\",\"name\":\"Ein Ranger erz\u00e4hlt - Die Dubrow im Wandel - Naturpark Dahme-Heideseen\",\"isPartOf\":{\"@id\":\"https:\/\/www.naturparkmagazin.de\/dahme-heideseen\/#website\"},\"datePublished\":\"2018-03-15T21:43:03+00:00\",\"dateModified\":\"2018-03-15T21:43:03+00:00\",\"author\":{\"@id\":\"https:\/\/www.naturparkmagazin.de\/dahme-heideseen\/#\/schema\/person\/c81c96c3a1f5ee7bffff8b8022c105f0\"},\"breadcrumb\":{\"@id\":\"https:\/\/www.naturparkmagazin.de\/dahme-heideseen\/ein-ranger-erzaehlt-die-dubrow-im-wandel\/#breadcrumb\"},\"inLanguage\":\"de\",\"potentialAction\":[{\"@type\":\"ReadAction\",\"target\":[\"https:\/\/www.naturparkmagazin.de\/dahme-heideseen\/ein-ranger-erzaehlt-die-dubrow-im-wandel\/\"]}]},{\"@type\":\"BreadcrumbList\",\"@id\":\"https:\/\/www.naturparkmagazin.de\/dahme-heideseen\/ein-ranger-erzaehlt-die-dubrow-im-wandel\/#breadcrumb\",\"itemListElement\":[{\"@type\":\"ListItem\",\"position\":1,\"name\":\"Home\",\"item\":\"https:\/\/www.naturparkmagazin.de\/dahme-heideseen\/\"},{\"@type\":\"ListItem\",\"position\":2,\"name\":\"Ein Ranger erz\u00e4hlt &#8211; Die Dubrow im Wandel\"}]},{\"@type\":\"WebSite\",\"@id\":\"https:\/\/www.naturparkmagazin.de\/dahme-heideseen\/#website\",\"url\":\"https:\/\/www.naturparkmagazin.de\/dahme-heideseen\/\",\"name\":\"Naturpark Dahme-Heideseen\",\"description\":\"\",\"potentialAction\":[{\"@type\":\"SearchAction\",\"target\":{\"@type\":\"EntryPoint\",\"urlTemplate\":\"https:\/\/www.naturparkmagazin.de\/dahme-heideseen\/?s={search_term_string}\"},\"query-input\":\"required name=search_term_string\"}],\"inLanguage\":\"de\"},{\"@type\":\"Person\",\"@id\":\"https:\/\/www.naturparkmagazin.de\/dahme-heideseen\/#\/schema\/person\/c81c96c3a1f5ee7bffff8b8022c105f0\",\"name\":\"hanssonnenberg\",\"url\":\"https:\/\/www.naturparkmagazin.de\/dahme-heideseen\/author\/hanssonnenberg\/\"}]}<\/script>\n<!-- \/ Yoast SEO plugin. -->","yoast_head_json":{"title":"Ein Ranger erz\u00e4hlt - Die Dubrow im Wandel - Naturpark Dahme-Heideseen","robots":{"index":"index","follow":"follow","max-snippet":"max-snippet:-1","max-image-preview":"max-image-preview:large","max-video-preview":"max-video-preview:-1"},"canonical":"https:\/\/www.naturparkmagazin.de\/dahme-heideseen\/ein-ranger-erzaehlt-die-dubrow-im-wandel\/","og_locale":"de_DE","og_type":"article","og_title":"Ein Ranger erz\u00e4hlt - Die Dubrow im Wandel - Naturpark Dahme-Heideseen","og_description":"Vortrag am 8. April in Halbe","og_url":"https:\/\/www.naturparkmagazin.de\/dahme-heideseen\/ein-ranger-erzaehlt-die-dubrow-im-wandel\/","og_site_name":"Naturpark Dahme-Heideseen","article_published_time":"2018-03-15T21:43:03+00:00","og_image":[{"width":640,"height":480,"url":"https:\/\/www.naturparkmagazin.de\/dahme-heideseen\/wp-content\/uploads\/sites\/37\/npdh_K\u00f6nigseiche_neujahr.jpg","type":"image\/jpeg"}],"author":"hanssonnenberg","twitter_misc":{"Verfasst von":"hanssonnenberg","Gesch\u00e4tzte Lesezeit":"1\u00a0Minute"},"schema":{"@context":"https:\/\/schema.org","@graph":[{"@type":"WebPage","@id":"https:\/\/www.naturparkmagazin.de\/dahme-heideseen\/ein-ranger-erzaehlt-die-dubrow-im-wandel\/","url":"https:\/\/www.naturparkmagazin.de\/dahme-heideseen\/ein-ranger-erzaehlt-die-dubrow-im-wandel\/","name":"Ein Ranger erz\u00e4hlt - Die Dubrow im Wandel - Naturpark Dahme-Heideseen","isPartOf":{"@id":"https:\/\/www.naturparkmagazin.de\/dahme-heideseen\/#website"},"datePublished":"2018-03-15T21:43:03+00:00","dateModified":"2018-03-15T21:43:03+00:00","author":{"@id":"https:\/\/www.naturparkmagazin.de\/dahme-heideseen\/#\/schema\/person\/c81c96c3a1f5ee7bffff8b8022c105f0"},"breadcrumb":{"@id":"https:\/\/www.naturparkmagazin.de\/dahme-heideseen\/ein-ranger-erzaehlt-die-dubrow-im-wandel\/#breadcrumb"},"inLanguage":"de","potentialAction":[{"@type":"ReadAction","target":["https:\/\/www.naturparkmagazin.de\/dahme-heideseen\/ein-ranger-erzaehlt-die-dubrow-im-wandel\/"]}]},{"@type":"BreadcrumbList","@id":"https:\/\/www.naturparkmagazin.de\/dahme-heideseen\/ein-ranger-erzaehlt-die-dubrow-im-wandel\/#breadcrumb","itemListElement":[{"@type":"ListItem","position":1,"name":"Home","item":"https:\/\/www.naturparkmagazin.de\/dahme-heideseen\/"},{"@type":"ListItem","position":2,"name":"Ein Ranger erz\u00e4hlt &#8211; Die Dubrow im Wandel"}]},{"@type":"WebSite","@id":"https:\/\/www.naturparkmagazin.de\/dahme-heideseen\/#website","url":"https:\/\/www.naturparkmagazin.de\/dahme-heideseen\/","name":"Naturpark Dahme-Heideseen","description":"","potentialAction":[{"@type":"SearchAction","target":{"@type":"EntryPoint","urlTemplate":"https:\/\/www.naturparkmagazin.de\/dahme-heideseen\/?s={search_term_string}"},"query-input":"required name=search_term_string"}],"inLanguage":"de"},{"@type":"Person","@id":"https:\/\/www.naturparkmagazin.de\/dahme-heideseen\/#\/schema\/person\/c81c96c3a1f5ee7bffff8b8022c105f0","name":"hanssonnenberg","url":"https:\/\/www.naturparkmagazin.de\/dahme-heideseen\/author\/hanssonnenberg\/"}]}},"_links":{"self":[{"href":"https:\/\/www.naturparkmagazin.de\/dahme-heideseen\/wp-json\/wp\/v2\/posts\/2464"}],"collection":[{"href":"https:\/\/www.naturparkmagazin.de\/dahme-heideseen\/wp-json\/wp\/v2\/posts"}],"about":[{"href":"https:\/\/www.naturparkmagazin.de\/dahme-heideseen\/wp-json\/wp\/v2\/types\/post"}],"author":[{"embeddable":true,"href":"https:\/\/www.naturparkmagazin.de\/dahme-heideseen\/wp-json\/wp\/v2\/users\/48"}],"replies":[{"embeddable":true,"href":"https:\/\/www.naturparkmagazin.de\/dahme-heideseen\/wp-json\/wp\/v2\/comments?post=2464"}],"version-history":[{"count":1,"href":"https:\/\/www.naturparkmagazin.de\/dahme-heideseen\/wp-json\/wp\/v2\/posts\/2464\/revisions"}],"predecessor-version":[{"id":2465,"href":"https:\/\/www.naturparkmagazin.de\/dahme-heideseen\/wp-json\/wp\/v2\/posts\/2464\/revisions\/2465"}],"wp:featuredmedia":[{"embeddable":true,"href":"https:\/\/www.naturparkmagazin.de\/dahme-heideseen\/wp-json\/wp\/v2\/media\/2132"}],"wp:attachment":[{"href":"https:\/\/www.naturparkmagazin.de\/dahme-heideseen\/wp-json\/wp\/v2\/media?parent=2464"}],"wp:term":[{"taxonomy":"category","embeddable":true,"href":"https:\/\/www.naturparkmagazin.de\/dahme-heideseen\/wp-json\/wp\/v2\/categories?post=2464"},{"taxonomy":"post_tag","embeddable":true,"href":"https:\/\/www.naturparkmagazin.de\/dahme-heideseen\/wp-json\/wp\/v2\/tags?post=2464"}],"curies":[{"name":"wp","href":"https:\/\/api.w.org\/{rel}","templated":true}]}}