{"id":2516,"date":"2018-05-11T14:10:02","date_gmt":"2018-05-11T12:10:02","guid":{"rendered":"http:\/\/www.naturparkmagazin.de\/dahme-heideseen\/?p=2516"},"modified":"2018-05-11T14:22:57","modified_gmt":"2018-05-11T12:22:57","slug":"du-und-dein-garten-im-naturpark-dahme-heideseen","status":"publish","type":"post","link":"https:\/\/www.naturparkmagazin.de\/dahme-heideseen\/du-und-dein-garten-im-naturpark-dahme-heideseen\/","title":{"rendered":"Du und dein Garten im Naturpark Dahme-Heideseen"},"content":{"rendered":"<p>Das BIZ des Naturparks Dahme-Heideseen pr\u00e4sentiert die Veranstaltungsreihe \u201eDu und Dein Garten im Naturpark\u201c<!--more--><\/p>\n<p>&#8222;Besondere Gem\u00fcse- und Obstsorten, Mischkultur und biologischer Pflanzenschutz&#8220;<\/p>\n<dl class=\"date\">\n<dt>Alte und vergessene Sorten sind oft widerstandsf\u00e4higer und robuster als moderne Hochleistungssorten und sch\u00fctzen sich gegenseitig vor Krankheiten und Sch\u00e4dlingen, ganz ohne den Einsatz chemischer Pflanzenschutzpr\u00e4parate. Informationen, Anbautipps und Pflanzenempfehlungen.Referent: Franz Heitzendorfer, Biogarten Prieros<\/p>\n<\/dt>\n<dt>Veranstaltungsbeginn: 06.06.2018 &#8211; 18:00 Uhr<\/dt>\n<dt>Veranstaltungsende: 06.06.2018 &#8211; 20:30 Uhr<\/dt>\n<\/dl>\n<p>Anmeldung erbeten bis sp\u00e4testens einen Tag vor der Veranstaltung<\/p>\n<div id=\"attachment_2515\" style=\"width: 578px\" class=\"wp-caption aligncenter\"><a href=\"https:\/\/www.naturparkmagazin.de\/dahme-heideseen\/wp-content\/uploads\/sites\/37\/npdh_Duunddeingartenimnaturpark_bizstorkow.jpg\"><img aria-describedby=\"caption-attachment-2515\" decoding=\"async\" loading=\"lazy\" class=\"size-full wp-image-2515\" src=\"https:\/\/www.naturparkmagazin.de\/dahme-heideseen\/wp-content\/uploads\/sites\/37\/npdh_Duunddeingartenimnaturpark_bizstorkow.jpg\" alt=\"Du und dein Garten im naturpark (Foto: BIZ Storkow)\" width=\"568\" height=\"480\" srcset=\"https:\/\/www.naturparkmagazin.de\/dahme-heideseen\/wp-content\/uploads\/sites\/37\/npdh_Duunddeingartenimnaturpark_bizstorkow.jpg 568w, https:\/\/www.naturparkmagazin.de\/dahme-heideseen\/wp-content\/uploads\/sites\/37\/npdh_Duunddeingartenimnaturpark_bizstorkow-300x254.jpg 300w, https:\/\/www.naturparkmagazin.de\/dahme-heideseen\/wp-content\/uploads\/sites\/37\/npdh_Duunddeingartenimnaturpark_bizstorkow-200x169.jpg 200w\" sizes=\"(max-width: 568px) 100vw, 568px\" \/><\/a><p id=\"caption-attachment-2515\" class=\"wp-caption-text\">Du und dein Garten im naturpark (Foto: BIZ Storkow)<\/p><\/div>\n<p>Weitere Termine 2018:<\/p>\n<p>&nbsp;<\/p>\n<p>20.06.: Volksheilkunde \u2013 Mitsommerblumen und Kr\u00e4uter auf der Blumenwiese<\/p>\n<p>&nbsp;<\/p>\n<p>27.06.: Honig von der Wabe bis ins Glas \u2013 Die Honigernter von A- Z<\/p>\n<p>&nbsp;<\/p>\n<p>18.07.: Kr\u00e4uterwanderung und Produktherstellung<\/p>\n<p>&nbsp;<\/p>\n<p>15.08.: Komme in meinen Garten<\/p>\n<p>&nbsp;<\/p>\n<p>22.08.: Bienen &#8211; Hummeln &#8211; Schmetterlinge<\/p>\n<p>&nbsp;<\/p>\n<p>29.08.: Unsere einheimischen Insekten und ihre Bedeutung f\u00fcr das Gleichgewicht der Natur<\/p>\n<p>&nbsp;<\/p>\n<p>10.09.: \u201eBiotop mit Menschen\u201c<\/p>\n<p>&nbsp;<\/p>\n<p>12.09.: Kr\u00e4uter f\u00fcr die Erk\u00e4ltungszeit \u2013 Schniefnase, nein Danke<\/p>\n<h3>Preis<\/h3>\n<p>5,00 \u20ac je Veranstaltung<\/p>\n<h3>Veranstaltungsort<\/h3>\n<p><strong>Storkow (Mark) (15859)<\/strong>\nBesucherzentrum Burg Storkow\nSchlo\u00dfstra\u00dfe 6\n15859 Storkow (Mark)<\/p>\n<dl class=\"contact\">\n<dt class=\"phone\"><span class=\"accessibility\">Telefon<\/span><\/dt>\n<dd>+49(0)33678 73228<\/dd>\n<dt class=\"mail\"><span class=\"accessibility\">E-Mail<\/span><\/dt>\n<dd><a href=\"http:\/\/www.dahme-heideseen-naturpark.de\/service\/kontakt\/?tx_snmlugv_pi6%5Bcontact%5D=7468&amp;tx_snmlugv_pi6%5Bdate%5D=1\"> Besucherzentrum(at)storkow(dot)de <\/a><\/dd>\n<\/dl>\n<dl class=\"contact\">\n<dt class=\"phone\"><span class=\"accessibility\">Telefon<\/span><\/dt>\n<dd>+49 (0)33678 73108<\/dd>\n<dt class=\"mail\"><span class=\"accessibility\">E-Mail<\/span><\/dt>\n<dd><a href=\"http:\/\/www.dahme-heideseen-naturpark.de\/service\/kontakt\/?tx_snmlugv_pi6%5Bcontact%5D=7468&amp;tx_snmlugv_pi6%5Bdate%5D=1\"> besucherzentrum(at)storkow(dot)de <\/a><\/dd>\n<\/dl>\n<h3>Weitere Links<\/h3>\n<dl class=\"contact\">\n<dt class=\"www\"><span class=\"accessibility\">Internet<\/span><\/dt>\n<dd><a href=\"http:\/\/www.dahme-heideseen-naturpark.de\/\" target=\"_blank\">Naturpark Dahme-Heideseen<\/a><\/dd>\n<dt class=\"www\"><span class=\"accessibility\">Internet<\/span><\/dt>\n<dd><a href=\"http:\/\/www.dahme-heideseen-naturpark.de\/fileadmin\/user_upload\/PDF\/Dahme-Heideseen\/Externe_PDF\/Naturpark_Du_und_Dein_Garten_2018.pdf\" target=\"_blank\">Flyer &#8222;Du und dein Garten&#8230;&#8220; mit allen Terminen (PDF)<\/a><\/dd>\n<\/dl>\n","protected":false},"excerpt":{"rendered":"<p>Das BIZ des Naturparks Dahme-Heideseen pr\u00e4sentiert die Veranstaltungsreihe \u201eDu und Dein Garten im Naturpark\u201c<\/p>\n","protected":false},"author":48,"featured_media":2515,"comment_status":"open","ping_status":"open","sticky":false,"template":"","format":"standard","meta":[],"categories":[1,11],"tags":[],"yoast_head":"<!-- This site is optimized with the Yoast SEO plugin v19.10 - https:\/\/yoast.com\/wordpress\/plugins\/seo\/ -->\n<title>Du und dein Garten im Naturpark Dahme-Heideseen - Naturpark Dahme-Heideseen<\/title>\n<meta name=\"robots\" content=\"index, follow, max-snippet:-1, max-image-preview:large, max-video-preview:-1\" \/>\n<link rel=\"canonical\" href=\"https:\/\/www.naturparkmagazin.de\/dahme-heideseen\/du-und-dein-garten-im-naturpark-dahme-heideseen\/\" \/>\n<meta property=\"og:locale\" content=\"de_DE\" \/>\n<meta property=\"og:type\" content=\"article\" \/>\n<meta property=\"og:title\" content=\"Du und dein Garten im Naturpark Dahme-Heideseen - Naturpark Dahme-Heideseen\" \/>\n<meta property=\"og:description\" content=\"Das BIZ des Naturparks Dahme-Heideseen pr\u00e4sentiert die Veranstaltungsreihe \u201eDu und Dein Garten im Naturpark\u201c\" \/>\n<meta property=\"og:url\" content=\"https:\/\/www.naturparkmagazin.de\/dahme-heideseen\/du-und-dein-garten-im-naturpark-dahme-heideseen\/\" \/>\n<meta property=\"og:site_name\" content=\"Naturpark Dahme-Heideseen\" \/>\n<meta property=\"article:published_time\" content=\"2018-05-11T12:10:02+00:00\" \/>\n<meta property=\"article:modified_time\" content=\"2018-05-11T12:22:57+00:00\" \/>\n<meta property=\"og:image\" content=\"https:\/\/www.naturparkmagazin.de\/dahme-heideseen\/wp-content\/uploads\/sites\/37\/npdh_Duunddeingartenimnaturpark_bizstorkow.jpg\" \/>\n\t<meta property=\"og:image:width\" content=\"568\" \/>\n\t<meta property=\"og:image:height\" content=\"480\" \/>\n\t<meta property=\"og:image:type\" content=\"image\/jpeg\" \/>\n<meta name=\"author\" content=\"hanssonnenberg\" \/>\n<meta name=\"twitter:label1\" content=\"Verfasst von\" \/>\n\t<meta name=\"twitter:data1\" content=\"hanssonnenberg\" \/>\n\t<meta name=\"twitter:label2\" content=\"Gesch\u00e4tzte Lesezeit\" \/>\n\t<meta name=\"twitter:data2\" content=\"1\u00a0Minute\" \/>\n<script type=\"application\/ld+json\" class=\"yoast-schema-graph\">{\"@context\":\"https:\/\/schema.org\",\"@graph\":[{\"@type\":\"WebPage\",\"@id\":\"https:\/\/www.naturparkmagazin.de\/dahme-heideseen\/du-und-dein-garten-im-naturpark-dahme-heideseen\/\",\"url\":\"https:\/\/www.naturparkmagazin.de\/dahme-heideseen\/du-und-dein-garten-im-naturpark-dahme-heideseen\/\",\"name\":\"Du und dein Garten im Naturpark Dahme-Heideseen - Naturpark Dahme-Heideseen\",\"isPartOf\":{\"@id\":\"https:\/\/www.naturparkmagazin.de\/dahme-heideseen\/#website\"},\"datePublished\":\"2018-05-11T12:10:02+00:00\",\"dateModified\":\"2018-05-11T12:22:57+00:00\",\"author\":{\"@id\":\"https:\/\/www.naturparkmagazin.de\/dahme-heideseen\/#\/schema\/person\/c81c96c3a1f5ee7bffff8b8022c105f0\"},\"breadcrumb\":{\"@id\":\"https:\/\/www.naturparkmagazin.de\/dahme-heideseen\/du-und-dein-garten-im-naturpark-dahme-heideseen\/#breadcrumb\"},\"inLanguage\":\"de\",\"potentialAction\":[{\"@type\":\"ReadAction\",\"target\":[\"https:\/\/www.naturparkmagazin.de\/dahme-heideseen\/du-und-dein-garten-im-naturpark-dahme-heideseen\/\"]}]},{\"@type\":\"BreadcrumbList\",\"@id\":\"https:\/\/www.naturparkmagazin.de\/dahme-heideseen\/du-und-dein-garten-im-naturpark-dahme-heideseen\/#breadcrumb\",\"itemListElement\":[{\"@type\":\"ListItem\",\"position\":1,\"name\":\"Home\",\"item\":\"https:\/\/www.naturparkmagazin.de\/dahme-heideseen\/\"},{\"@type\":\"ListItem\",\"position\":2,\"name\":\"Du und dein Garten im Naturpark Dahme-Heideseen\"}]},{\"@type\":\"WebSite\",\"@id\":\"https:\/\/www.naturparkmagazin.de\/dahme-heideseen\/#website\",\"url\":\"https:\/\/www.naturparkmagazin.de\/dahme-heideseen\/\",\"name\":\"Naturpark Dahme-Heideseen\",\"description\":\"\",\"potentialAction\":[{\"@type\":\"SearchAction\",\"target\":{\"@type\":\"EntryPoint\",\"urlTemplate\":\"https:\/\/www.naturparkmagazin.de\/dahme-heideseen\/?s={search_term_string}\"},\"query-input\":\"required name=search_term_string\"}],\"inLanguage\":\"de\"},{\"@type\":\"Person\",\"@id\":\"https:\/\/www.naturparkmagazin.de\/dahme-heideseen\/#\/schema\/person\/c81c96c3a1f5ee7bffff8b8022c105f0\",\"name\":\"hanssonnenberg\",\"url\":\"https:\/\/www.naturparkmagazin.de\/dahme-heideseen\/author\/hanssonnenberg\/\"}]}<\/script>\n<!-- \/ Yoast SEO plugin. -->","yoast_head_json":{"title":"Du und dein Garten im Naturpark Dahme-Heideseen - Naturpark Dahme-Heideseen","robots":{"index":"index","follow":"follow","max-snippet":"max-snippet:-1","max-image-preview":"max-image-preview:large","max-video-preview":"max-video-preview:-1"},"canonical":"https:\/\/www.naturparkmagazin.de\/dahme-heideseen\/du-und-dein-garten-im-naturpark-dahme-heideseen\/","og_locale":"de_DE","og_type":"article","og_title":"Du und dein Garten im Naturpark Dahme-Heideseen - Naturpark Dahme-Heideseen","og_description":"Das BIZ des Naturparks Dahme-Heideseen pr\u00e4sentiert die Veranstaltungsreihe \u201eDu und Dein Garten im Naturpark\u201c","og_url":"https:\/\/www.naturparkmagazin.de\/dahme-heideseen\/du-und-dein-garten-im-naturpark-dahme-heideseen\/","og_site_name":"Naturpark Dahme-Heideseen","article_published_time":"2018-05-11T12:10:02+00:00","article_modified_time":"2018-05-11T12:22:57+00:00","og_image":[{"width":568,"height":480,"url":"https:\/\/www.naturparkmagazin.de\/dahme-heideseen\/wp-content\/uploads\/sites\/37\/npdh_Duunddeingartenimnaturpark_bizstorkow.jpg","type":"image\/jpeg"}],"author":"hanssonnenberg","twitter_misc":{"Verfasst von":"hanssonnenberg","Gesch\u00e4tzte Lesezeit":"1\u00a0Minute"},"schema":{"@context":"https:\/\/schema.org","@graph":[{"@type":"WebPage","@id":"https:\/\/www.naturparkmagazin.de\/dahme-heideseen\/du-und-dein-garten-im-naturpark-dahme-heideseen\/","url":"https:\/\/www.naturparkmagazin.de\/dahme-heideseen\/du-und-dein-garten-im-naturpark-dahme-heideseen\/","name":"Du und dein Garten im Naturpark Dahme-Heideseen - Naturpark Dahme-Heideseen","isPartOf":{"@id":"https:\/\/www.naturparkmagazin.de\/dahme-heideseen\/#website"},"datePublished":"2018-05-11T12:10:02+00:00","dateModified":"2018-05-11T12:22:57+00:00","author":{"@id":"https:\/\/www.naturparkmagazin.de\/dahme-heideseen\/#\/schema\/person\/c81c96c3a1f5ee7bffff8b8022c105f0"},"breadcrumb":{"@id":"https:\/\/www.naturparkmagazin.de\/dahme-heideseen\/du-und-dein-garten-im-naturpark-dahme-heideseen\/#breadcrumb"},"inLanguage":"de","potentialAction":[{"@type":"ReadAction","target":["https:\/\/www.naturparkmagazin.de\/dahme-heideseen\/du-und-dein-garten-im-naturpark-dahme-heideseen\/"]}]},{"@type":"BreadcrumbList","@id":"https:\/\/www.naturparkmagazin.de\/dahme-heideseen\/du-und-dein-garten-im-naturpark-dahme-heideseen\/#breadcrumb","itemListElement":[{"@type":"ListItem","position":1,"name":"Home","item":"https:\/\/www.naturparkmagazin.de\/dahme-heideseen\/"},{"@type":"ListItem","position":2,"name":"Du und dein Garten im Naturpark Dahme-Heideseen"}]},{"@type":"WebSite","@id":"https:\/\/www.naturparkmagazin.de\/dahme-heideseen\/#website","url":"https:\/\/www.naturparkmagazin.de\/dahme-heideseen\/","name":"Naturpark Dahme-Heideseen","description":"","potentialAction":[{"@type":"SearchAction","target":{"@type":"EntryPoint","urlTemplate":"https:\/\/www.naturparkmagazin.de\/dahme-heideseen\/?s={search_term_string}"},"query-input":"required name=search_term_string"}],"inLanguage":"de"},{"@type":"Person","@id":"https:\/\/www.naturparkmagazin.de\/dahme-heideseen\/#\/schema\/person\/c81c96c3a1f5ee7bffff8b8022c105f0","name":"hanssonnenberg","url":"https:\/\/www.naturparkmagazin.de\/dahme-heideseen\/author\/hanssonnenberg\/"}]}},"_links":{"self":[{"href":"https:\/\/www.naturparkmagazin.de\/dahme-heideseen\/wp-json\/wp\/v2\/posts\/2516"}],"collection":[{"href":"https:\/\/www.naturparkmagazin.de\/dahme-heideseen\/wp-json\/wp\/v2\/posts"}],"about":[{"href":"https:\/\/www.naturparkmagazin.de\/dahme-heideseen\/wp-json\/wp\/v2\/types\/post"}],"author":[{"embeddable":true,"href":"https:\/\/www.naturparkmagazin.de\/dahme-heideseen\/wp-json\/wp\/v2\/users\/48"}],"replies":[{"embeddable":true,"href":"https:\/\/www.naturparkmagazin.de\/dahme-heideseen\/wp-json\/wp\/v2\/comments?post=2516"}],"version-history":[{"count":3,"href":"https:\/\/www.naturparkmagazin.de\/dahme-heideseen\/wp-json\/wp\/v2\/posts\/2516\/revisions"}],"predecessor-version":[{"id":2540,"href":"https:\/\/www.naturparkmagazin.de\/dahme-heideseen\/wp-json\/wp\/v2\/posts\/2516\/revisions\/2540"}],"wp:featuredmedia":[{"embeddable":true,"href":"https:\/\/www.naturparkmagazin.de\/dahme-heideseen\/wp-json\/wp\/v2\/media\/2515"}],"wp:attachment":[{"href":"https:\/\/www.naturparkmagazin.de\/dahme-heideseen\/wp-json\/wp\/v2\/media?parent=2516"}],"wp:term":[{"taxonomy":"category","embeddable":true,"href":"https:\/\/www.naturparkmagazin.de\/dahme-heideseen\/wp-json\/wp\/v2\/categories?post=2516"},{"taxonomy":"post_tag","embeddable":true,"href":"https:\/\/www.naturparkmagazin.de\/dahme-heideseen\/wp-json\/wp\/v2\/tags?post=2516"}],"curies":[{"name":"wp","href":"https:\/\/api.w.org\/{rel}","templated":true}]}}