{"id":2535,"date":"2018-05-11T14:20:50","date_gmt":"2018-05-11T12:20:50","guid":{"rendered":"http:\/\/www.naturparkmagazin.de\/dahme-heideseen\/?p=2535"},"modified":"2018-05-29T15:19:40","modified_gmt":"2018-05-29T13:19:40","slug":"naturparkvertreter-eroeffneten-wanderweg-und-pflanzten-obstbaum","status":"publish","type":"post","link":"https:\/\/www.naturparkmagazin.de\/dahme-heideseen\/naturparkvertreter-eroeffneten-wanderweg-und-pflanzten-obstbaum\/","title":{"rendered":"Naturparkvertreter er\u00f6ffneten Wanderweg und pflanzten Obstbaum"},"content":{"rendered":"<p>Ein neuer Rundwanderweg \u201eBugk und seine Sahara\u201c wurde am Donnerstag, 26 April 2018 mit dem symbolischen Durchschneiden eines Faltterbandes eingeweiht. Die Er\u00f6ffnung des Wanderlehrpfades erfolgt im Rahmen der Jahrestagung der Gesch\u00e4ftsf\u00fchrer und Naturparkleiter im Verband Deutscher Naturparke.<!--more--><\/p>\n<p>Der Weg f\u00fchrt auf knapp drei Kilometern an abwechslungsreichen Kulturlandschaften vorbei: Einem M\u00e4rchenwald voller Flechten und knorrigen Kiefern, dem Glienitzberg mit seinen steilen Trockenh\u00e4ngen, dem gro\u00dfen Wucksee und an Unmengen von Sand in der Bugker Sahara. Der NaturSchutzFonds Brandenburg hat im Projekt LIFE Sandrasen die Sahara wieder aktiviert. Nun k\u00f6nnen Besucher und Naturfreunde beobachten, wie sich die Sandlandschaften um Bugk in den n\u00e4chsten Jahren entwickeln werden.<\/p>\n<p>N\u00e4chste Sation war am &#8222;Ministersortengarten&#8220; auf der Streuobstwiese bei Philadelphia. Fast w\u00e4re der Stopp hier ausgefallen, hatte sich der Reisebus der Tagungsteilnehmer doch im &#8222;W\u00fcstensand&#8220; in Bugk fest gefahren.\u00a0 Hier konnte nur die Storkower Feuerwehr mit R\u00fcstwagen und Seilzug helfen. Die Hilfsaktion war ein unfreiwilliger Tagesordnungspunkt, der jedoch sicher bei allen Teilnehmern in lebhafter Erinnerung bleibt.<\/p>\n<p>Trotz dieser Einlage rechtzeitig konnte VDN-Pr\u00e4sident Dr. Michael Arndt dann doch noch einen Appfelbaum der\u00a0 Sorte &#8222;Kaiser Wilhelm&#8220; im &#8222;Ministersortengarten&#8220; pflanzen.<\/p>\n<p>Auf Initiative des Naturparks und des Vereins \u00c4pfel und Konsorten e.V. entstand hier in Philadelphia im Rahmen der 88. Umweltministerkonferenz 2017 am Rande einer alten Streuobstwiese der &#8222;Ministersortengarten&#8220;.<\/p>\n<div id=\"attachment_2536\" style=\"width: 630px\" class=\"wp-caption aligncenter\"><a href=\"https:\/\/www.naturparkmagazin.de\/dahme-heideseen\/wp-content\/uploads\/sites\/37\/npdh_baumpflanzung_apfelkonsorten.jpg\"><img aria-describedby=\"caption-attachment-2536\" decoding=\"async\" loading=\"lazy\" class=\"size-medium wp-image-2536\" src=\"https:\/\/www.naturparkmagazin.de\/dahme-heideseen\/wp-content\/uploads\/sites\/37\/npdh_baumpflanzung_apfelkonsorten-620x414.jpg\" alt=\"Obstbaumpflanzung in Philadelphia \u00a9 \u00c4pfel &amp; Konsorten\" width=\"620\" height=\"414\" srcset=\"https:\/\/www.naturparkmagazin.de\/dahme-heideseen\/wp-content\/uploads\/sites\/37\/npdh_baumpflanzung_apfelkonsorten-620x414.jpg 620w, https:\/\/www.naturparkmagazin.de\/dahme-heideseen\/wp-content\/uploads\/sites\/37\/npdh_baumpflanzung_apfelkonsorten-300x200.jpg 300w, https:\/\/www.naturparkmagazin.de\/dahme-heideseen\/wp-content\/uploads\/sites\/37\/npdh_baumpflanzung_apfelkonsorten-200x133.jpg 200w, https:\/\/www.naturparkmagazin.de\/dahme-heideseen\/wp-content\/uploads\/sites\/37\/npdh_baumpflanzung_apfelkonsorten.jpg 640w\" sizes=\"(max-width: 620px) 100vw, 620px\" \/><\/a><p id=\"caption-attachment-2536\" class=\"wp-caption-text\">Obstbaumpflanzung in Philadelphia \u00a9 \u00c4pfel &amp; Konsorten<\/p><\/div>\n<div id=\"attachment_2538\" style=\"width: 630px\" class=\"wp-caption aligncenter\"><a href=\"https:\/\/www.naturparkmagazin.de\/dahme-heideseen\/wp-content\/uploads\/sites\/37\/npd_er\u00f6ffnung_bugk_sonnenberg.jpg\"><img aria-describedby=\"caption-attachment-2538\" decoding=\"async\" loading=\"lazy\" class=\"size-medium wp-image-2538\" src=\"https:\/\/www.naturparkmagazin.de\/dahme-heideseen\/wp-content\/uploads\/sites\/37\/npd_er\u00f6ffnung_bugk_sonnenberg-620x415.jpg\" alt=\"Er\u00f6ffnung des Wanderwegs bei Bugk \u00a9 Sonnenberg\" width=\"620\" height=\"415\" srcset=\"https:\/\/www.naturparkmagazin.de\/dahme-heideseen\/wp-content\/uploads\/sites\/37\/npd_er\u00f6ffnung_bugk_sonnenberg-620x415.jpg 620w, https:\/\/www.naturparkmagazin.de\/dahme-heideseen\/wp-content\/uploads\/sites\/37\/npd_er\u00f6ffnung_bugk_sonnenberg-300x201.jpg 300w, https:\/\/www.naturparkmagazin.de\/dahme-heideseen\/wp-content\/uploads\/sites\/37\/npd_er\u00f6ffnung_bugk_sonnenberg-200x134.jpg 200w, https:\/\/www.naturparkmagazin.de\/dahme-heideseen\/wp-content\/uploads\/sites\/37\/npd_er\u00f6ffnung_bugk_sonnenberg.jpg 640w\" sizes=\"(max-width: 620px) 100vw, 620px\" \/><\/a><p id=\"caption-attachment-2538\" class=\"wp-caption-text\">Er\u00f6ffnung des Wanderwegs bei Bugk \u00a9 Sonnenberg<\/p><\/div>\n<p><a class=\"external-link-new-window\" title=\"Opens internal link in current window\" href=\"https:\/\/www.naturparke.de\/service\/presse\/pressemitteilungen\/nachricht\/ein-kaiser-fuer-die-naturparke-naturparkvertreter-pflanzten-alte-obstbaumsorte-im-ministersorteng.html\" target=\"_blank\">\u201eEin Kaiser f\u00fcr die Naturparke\u201c\u00a0 &#8211; Pressemeldung des VDN<\/a><\/p>\n<p><a class=\"external-link-new-window\" title=\"Opens internal link in current window\" href=\"https:\/\/www.moz.de\/landkreise\/oder-spree\/beeskow\/artikel2\/dg\/0\/1\/1653493\/\" target=\"_blank\">Beitrag in der M\u00e4rkischen Oderzeitung (MOZ) vom 27.04.2018<\/a><\/p>\n<p><a class=\"external-link-new-window\" title=\"Opens internal link in current window\" href=\"http:\/\/www.sandrasen.de\/projekttagebuch\/wanderlehrpfad-bugker-sahara\/\" target=\"_blank\">Aktuelles aus dem Life-Projekt &#8222;Sandrasen&#8220;<\/a><\/p>\n<p><a class=\"external-link-new-window\" title=\"Opens internal link in current window\" href=\"https:\/\/www.aepfelundkonsorten.org\/\" target=\"_blank\">Verein \u00c4pfel und Konsorten<\/a><\/p>\n","protected":false},"excerpt":{"rendered":"<p>Ein neuer Rundwanderweg \u201eBugk und seine Sahara\u201c wurde am Donnerstag, 26 April 2018 mit dem symbolischen Durchschneiden eines Faltterbandes eingeweiht. <\/p>\n","protected":false},"author":48,"featured_media":2536,"comment_status":"open","ping_status":"open","sticky":false,"template":"","format":"standard","meta":[],"categories":[7],"tags":[],"yoast_head":"<!-- This site is optimized with the Yoast SEO plugin v19.10 - https:\/\/yoast.com\/wordpress\/plugins\/seo\/ -->\n<title>Naturparkvertreter er\u00f6ffneten Wanderweg und pflanzten Obstbaum - Naturpark Dahme-Heideseen<\/title>\n<meta name=\"robots\" content=\"index, follow, max-snippet:-1, max-image-preview:large, max-video-preview:-1\" \/>\n<link rel=\"canonical\" href=\"https:\/\/www.naturparkmagazin.de\/dahme-heideseen\/naturparkvertreter-eroeffneten-wanderweg-und-pflanzten-obstbaum\/\" \/>\n<meta property=\"og:locale\" content=\"de_DE\" \/>\n<meta property=\"og:type\" content=\"article\" \/>\n<meta property=\"og:title\" content=\"Naturparkvertreter er\u00f6ffneten Wanderweg und pflanzten Obstbaum - Naturpark Dahme-Heideseen\" \/>\n<meta property=\"og:description\" content=\"Ein neuer Rundwanderweg \u201eBugk und seine Sahara\u201c wurde am Donnerstag, 26 April 2018 mit dem symbolischen Durchschneiden eines Faltterbandes eingeweiht.\" \/>\n<meta property=\"og:url\" content=\"https:\/\/www.naturparkmagazin.de\/dahme-heideseen\/naturparkvertreter-eroeffneten-wanderweg-und-pflanzten-obstbaum\/\" \/>\n<meta property=\"og:site_name\" content=\"Naturpark Dahme-Heideseen\" \/>\n<meta property=\"article:published_time\" content=\"2018-05-11T12:20:50+00:00\" \/>\n<meta property=\"article:modified_time\" content=\"2018-05-29T13:19:40+00:00\" \/>\n<meta property=\"og:image\" content=\"https:\/\/www.naturparkmagazin.de\/dahme-heideseen\/wp-content\/uploads\/sites\/37\/npdh_baumpflanzung_apfelkonsorten.jpg\" \/>\n\t<meta property=\"og:image:width\" content=\"640\" \/>\n\t<meta property=\"og:image:height\" content=\"427\" \/>\n\t<meta property=\"og:image:type\" content=\"image\/jpeg\" \/>\n<meta name=\"author\" content=\"hanssonnenberg\" \/>\n<meta name=\"twitter:label1\" content=\"Verfasst von\" \/>\n\t<meta name=\"twitter:data1\" content=\"hanssonnenberg\" \/>\n\t<meta name=\"twitter:label2\" content=\"Gesch\u00e4tzte Lesezeit\" \/>\n\t<meta name=\"twitter:data2\" content=\"1\u00a0Minute\" \/>\n<script type=\"application\/ld+json\" class=\"yoast-schema-graph\">{\"@context\":\"https:\/\/schema.org\",\"@graph\":[{\"@type\":\"WebPage\",\"@id\":\"https:\/\/www.naturparkmagazin.de\/dahme-heideseen\/naturparkvertreter-eroeffneten-wanderweg-und-pflanzten-obstbaum\/\",\"url\":\"https:\/\/www.naturparkmagazin.de\/dahme-heideseen\/naturparkvertreter-eroeffneten-wanderweg-und-pflanzten-obstbaum\/\",\"name\":\"Naturparkvertreter er\u00f6ffneten Wanderweg und pflanzten Obstbaum - Naturpark Dahme-Heideseen\",\"isPartOf\":{\"@id\":\"https:\/\/www.naturparkmagazin.de\/dahme-heideseen\/#website\"},\"datePublished\":\"2018-05-11T12:20:50+00:00\",\"dateModified\":\"2018-05-29T13:19:40+00:00\",\"author\":{\"@id\":\"https:\/\/www.naturparkmagazin.de\/dahme-heideseen\/#\/schema\/person\/c81c96c3a1f5ee7bffff8b8022c105f0\"},\"breadcrumb\":{\"@id\":\"https:\/\/www.naturparkmagazin.de\/dahme-heideseen\/naturparkvertreter-eroeffneten-wanderweg-und-pflanzten-obstbaum\/#breadcrumb\"},\"inLanguage\":\"de\",\"potentialAction\":[{\"@type\":\"ReadAction\",\"target\":[\"https:\/\/www.naturparkmagazin.de\/dahme-heideseen\/naturparkvertreter-eroeffneten-wanderweg-und-pflanzten-obstbaum\/\"]}]},{\"@type\":\"BreadcrumbList\",\"@id\":\"https:\/\/www.naturparkmagazin.de\/dahme-heideseen\/naturparkvertreter-eroeffneten-wanderweg-und-pflanzten-obstbaum\/#breadcrumb\",\"itemListElement\":[{\"@type\":\"ListItem\",\"position\":1,\"name\":\"Home\",\"item\":\"https:\/\/www.naturparkmagazin.de\/dahme-heideseen\/\"},{\"@type\":\"ListItem\",\"position\":2,\"name\":\"Naturparkvertreter er\u00f6ffneten Wanderweg und pflanzten Obstbaum\"}]},{\"@type\":\"WebSite\",\"@id\":\"https:\/\/www.naturparkmagazin.de\/dahme-heideseen\/#website\",\"url\":\"https:\/\/www.naturparkmagazin.de\/dahme-heideseen\/\",\"name\":\"Naturpark Dahme-Heideseen\",\"description\":\"\",\"potentialAction\":[{\"@type\":\"SearchAction\",\"target\":{\"@type\":\"EntryPoint\",\"urlTemplate\":\"https:\/\/www.naturparkmagazin.de\/dahme-heideseen\/?s={search_term_string}\"},\"query-input\":\"required name=search_term_string\"}],\"inLanguage\":\"de\"},{\"@type\":\"Person\",\"@id\":\"https:\/\/www.naturparkmagazin.de\/dahme-heideseen\/#\/schema\/person\/c81c96c3a1f5ee7bffff8b8022c105f0\",\"name\":\"hanssonnenberg\",\"url\":\"https:\/\/www.naturparkmagazin.de\/dahme-heideseen\/author\/hanssonnenberg\/\"}]}<\/script>\n<!-- \/ Yoast SEO plugin. -->","yoast_head_json":{"title":"Naturparkvertreter er\u00f6ffneten Wanderweg und pflanzten Obstbaum - Naturpark Dahme-Heideseen","robots":{"index":"index","follow":"follow","max-snippet":"max-snippet:-1","max-image-preview":"max-image-preview:large","max-video-preview":"max-video-preview:-1"},"canonical":"https:\/\/www.naturparkmagazin.de\/dahme-heideseen\/naturparkvertreter-eroeffneten-wanderweg-und-pflanzten-obstbaum\/","og_locale":"de_DE","og_type":"article","og_title":"Naturparkvertreter er\u00f6ffneten Wanderweg und pflanzten Obstbaum - Naturpark Dahme-Heideseen","og_description":"Ein neuer Rundwanderweg \u201eBugk und seine Sahara\u201c wurde am Donnerstag, 26 April 2018 mit dem symbolischen Durchschneiden eines Faltterbandes eingeweiht.","og_url":"https:\/\/www.naturparkmagazin.de\/dahme-heideseen\/naturparkvertreter-eroeffneten-wanderweg-und-pflanzten-obstbaum\/","og_site_name":"Naturpark Dahme-Heideseen","article_published_time":"2018-05-11T12:20:50+00:00","article_modified_time":"2018-05-29T13:19:40+00:00","og_image":[{"width":640,"height":427,"url":"https:\/\/www.naturparkmagazin.de\/dahme-heideseen\/wp-content\/uploads\/sites\/37\/npdh_baumpflanzung_apfelkonsorten.jpg","type":"image\/jpeg"}],"author":"hanssonnenberg","twitter_misc":{"Verfasst von":"hanssonnenberg","Gesch\u00e4tzte Lesezeit":"1\u00a0Minute"},"schema":{"@context":"https:\/\/schema.org","@graph":[{"@type":"WebPage","@id":"https:\/\/www.naturparkmagazin.de\/dahme-heideseen\/naturparkvertreter-eroeffneten-wanderweg-und-pflanzten-obstbaum\/","url":"https:\/\/www.naturparkmagazin.de\/dahme-heideseen\/naturparkvertreter-eroeffneten-wanderweg-und-pflanzten-obstbaum\/","name":"Naturparkvertreter er\u00f6ffneten Wanderweg und pflanzten Obstbaum - Naturpark Dahme-Heideseen","isPartOf":{"@id":"https:\/\/www.naturparkmagazin.de\/dahme-heideseen\/#website"},"datePublished":"2018-05-11T12:20:50+00:00","dateModified":"2018-05-29T13:19:40+00:00","author":{"@id":"https:\/\/www.naturparkmagazin.de\/dahme-heideseen\/#\/schema\/person\/c81c96c3a1f5ee7bffff8b8022c105f0"},"breadcrumb":{"@id":"https:\/\/www.naturparkmagazin.de\/dahme-heideseen\/naturparkvertreter-eroeffneten-wanderweg-und-pflanzten-obstbaum\/#breadcrumb"},"inLanguage":"de","potentialAction":[{"@type":"ReadAction","target":["https:\/\/www.naturparkmagazin.de\/dahme-heideseen\/naturparkvertreter-eroeffneten-wanderweg-und-pflanzten-obstbaum\/"]}]},{"@type":"BreadcrumbList","@id":"https:\/\/www.naturparkmagazin.de\/dahme-heideseen\/naturparkvertreter-eroeffneten-wanderweg-und-pflanzten-obstbaum\/#breadcrumb","itemListElement":[{"@type":"ListItem","position":1,"name":"Home","item":"https:\/\/www.naturparkmagazin.de\/dahme-heideseen\/"},{"@type":"ListItem","position":2,"name":"Naturparkvertreter er\u00f6ffneten Wanderweg und pflanzten Obstbaum"}]},{"@type":"WebSite","@id":"https:\/\/www.naturparkmagazin.de\/dahme-heideseen\/#website","url":"https:\/\/www.naturparkmagazin.de\/dahme-heideseen\/","name":"Naturpark Dahme-Heideseen","description":"","potentialAction":[{"@type":"SearchAction","target":{"@type":"EntryPoint","urlTemplate":"https:\/\/www.naturparkmagazin.de\/dahme-heideseen\/?s={search_term_string}"},"query-input":"required name=search_term_string"}],"inLanguage":"de"},{"@type":"Person","@id":"https:\/\/www.naturparkmagazin.de\/dahme-heideseen\/#\/schema\/person\/c81c96c3a1f5ee7bffff8b8022c105f0","name":"hanssonnenberg","url":"https:\/\/www.naturparkmagazin.de\/dahme-heideseen\/author\/hanssonnenberg\/"}]}},"_links":{"self":[{"href":"https:\/\/www.naturparkmagazin.de\/dahme-heideseen\/wp-json\/wp\/v2\/posts\/2535"}],"collection":[{"href":"https:\/\/www.naturparkmagazin.de\/dahme-heideseen\/wp-json\/wp\/v2\/posts"}],"about":[{"href":"https:\/\/www.naturparkmagazin.de\/dahme-heideseen\/wp-json\/wp\/v2\/types\/post"}],"author":[{"embeddable":true,"href":"https:\/\/www.naturparkmagazin.de\/dahme-heideseen\/wp-json\/wp\/v2\/users\/48"}],"replies":[{"embeddable":true,"href":"https:\/\/www.naturparkmagazin.de\/dahme-heideseen\/wp-json\/wp\/v2\/comments?post=2535"}],"version-history":[{"count":4,"href":"https:\/\/www.naturparkmagazin.de\/dahme-heideseen\/wp-json\/wp\/v2\/posts\/2535\/revisions"}],"predecessor-version":[{"id":2785,"href":"https:\/\/www.naturparkmagazin.de\/dahme-heideseen\/wp-json\/wp\/v2\/posts\/2535\/revisions\/2785"}],"wp:featuredmedia":[{"embeddable":true,"href":"https:\/\/www.naturparkmagazin.de\/dahme-heideseen\/wp-json\/wp\/v2\/media\/2536"}],"wp:attachment":[{"href":"https:\/\/www.naturparkmagazin.de\/dahme-heideseen\/wp-json\/wp\/v2\/media?parent=2535"}],"wp:term":[{"taxonomy":"category","embeddable":true,"href":"https:\/\/www.naturparkmagazin.de\/dahme-heideseen\/wp-json\/wp\/v2\/categories?post=2535"},{"taxonomy":"post_tag","embeddable":true,"href":"https:\/\/www.naturparkmagazin.de\/dahme-heideseen\/wp-json\/wp\/v2\/tags?post=2535"}],"curies":[{"name":"wp","href":"https:\/\/api.w.org\/{rel}","templated":true}]}}