{"id":2546,"date":"2018-05-11T14:31:48","date_gmt":"2018-05-11T12:31:48","guid":{"rendered":"http:\/\/www.naturparkmagazin.de\/dahme-heideseen\/?p=2546"},"modified":"2018-05-11T14:31:48","modified_gmt":"2018-05-11T12:31:48","slug":"tage-der-offenen-gaerten-am-18-und-19-august-teilnahme-erwuenscht","status":"publish","type":"post","link":"https:\/\/www.naturparkmagazin.de\/dahme-heideseen\/tage-der-offenen-gaerten-am-18-und-19-august-teilnahme-erwuenscht\/","title":{"rendered":"Tage der offenen G\u00e4rten am 18. und 19. August &#8211; Teilnahme erw\u00fcnscht"},"content":{"rendered":"<p>Teilen Sie Ihr naturnahes, gr\u00fcnes Paradies mit anderen Garten- und Naturfans!<!--more--><\/p>\n<p>Am 18. und 19. August finden die Tage der offenen G\u00e4rten in der Region Dahme-Spreewald \/ Dahme Heideseen statt. Von K\u00f6nigs Wusterhausen bis Luckau gibt es f\u00fcr die Besucher 20 unterschiedlich sch\u00f6ne und besondere G\u00e4rten zu entdecken, deren Gestaltung ist sehr vielf\u00e4ltig \u2013 es gibt Themen-, Haus-, Stein-, Stauden-, Bio und Waldg\u00e4rten mit vielen verschiedenen Pflanzen mal mit Teich, mal mit Obstbaumwiese oder Kakteensammlung.<\/p>\n<p><strong>Anmeldeschluss ist der 31. Juli 2018.<\/strong><\/p>\n<p>Wenn Sie Fragen haben, Ihren Garten f\u00fcr Besucher \u00f6ffnen m\u00f6chten oder wenn Sie im August die Teilnehmerliste bekommen m\u00f6chten, wenden Sie sich bitte an die Ansprechpartner der Volkshochschule.<\/p>\n<div id=\"attachment_1942\" style=\"width: 630px\" class=\"wp-caption aligncenter\"><a href=\"https:\/\/www.naturparkmagazin.de\/dahme-heideseen\/wp-content\/uploads\/sites\/37\/npdh_aster_und_Pfauenauge_sonnenberg.jpg\"><img aria-describedby=\"caption-attachment-1942\" decoding=\"async\" loading=\"lazy\" class=\"size-medium wp-image-1942\" src=\"https:\/\/www.naturparkmagazin.de\/dahme-heideseen\/wp-content\/uploads\/sites\/37\/npdh_aster_und_Pfauenauge_sonnenberg-620x465.jpg\" alt=\"Besuch im Garten - Schmetterling auf Asternbl\u00fcten (Foto: Kamilla Sonnenberg)\" width=\"620\" height=\"465\" srcset=\"https:\/\/www.naturparkmagazin.de\/dahme-heideseen\/wp-content\/uploads\/sites\/37\/npdh_aster_und_Pfauenauge_sonnenberg-620x465.jpg 620w, https:\/\/www.naturparkmagazin.de\/dahme-heideseen\/wp-content\/uploads\/sites\/37\/npdh_aster_und_Pfauenauge_sonnenberg-300x225.jpg 300w, https:\/\/www.naturparkmagazin.de\/dahme-heideseen\/wp-content\/uploads\/sites\/37\/npdh_aster_und_Pfauenauge_sonnenberg-940x705.jpg 940w, https:\/\/www.naturparkmagazin.de\/dahme-heideseen\/wp-content\/uploads\/sites\/37\/npdh_aster_und_Pfauenauge_sonnenberg-580x435.jpg 580w, https:\/\/www.naturparkmagazin.de\/dahme-heideseen\/wp-content\/uploads\/sites\/37\/npdh_aster_und_Pfauenauge_sonnenberg-420x315.jpg 420w, https:\/\/www.naturparkmagazin.de\/dahme-heideseen\/wp-content\/uploads\/sites\/37\/npdh_aster_und_Pfauenauge_sonnenberg-180x135.jpg 180w, https:\/\/www.naturparkmagazin.de\/dahme-heideseen\/wp-content\/uploads\/sites\/37\/npdh_aster_und_Pfauenauge_sonnenberg-95x71.jpg 95w, https:\/\/www.naturparkmagazin.de\/dahme-heideseen\/wp-content\/uploads\/sites\/37\/npdh_aster_und_Pfauenauge_sonnenberg-670x503.jpg 670w, https:\/\/www.naturparkmagazin.de\/dahme-heideseen\/wp-content\/uploads\/sites\/37\/npdh_aster_und_Pfauenauge_sonnenberg-200x150.jpg 200w, https:\/\/www.naturparkmagazin.de\/dahme-heideseen\/wp-content\/uploads\/sites\/37\/npdh_aster_und_Pfauenauge_sonnenberg.jpg 1000w\" sizes=\"(max-width: 620px) 100vw, 620px\" \/><\/a><p id=\"caption-attachment-1942\" class=\"wp-caption-text\">Besuch im Garten &#8211; Schmetterling auf Asternbl\u00fcten (Foto: Kamilla Sonnenberg)<\/p><\/div>\n<section>\n<h4>Ansprechpartner <strong>Volkshochschule Dahme-Spreewald<\/strong><\/h4>\n<p>+49 (0) 3546 20 1060<\/section>\n<section><a href=\"http:\/\/www.dahme-heideseen-naturpark.de\/service\/kontakt\/?tx_snmlugv_pi6%5Bcontact%5D=1336\">vhs@dahme-spreewald.de<\/a><\/section>\n<section><a href=\"http:\/\/www.vhs-dahme-spreewald.de\" target=\"_blank\">www.vhs-dahme-spreewald.de<\/a><\/section>\n<section><\/section>\n<p><a class=\"download\" title=\"Opens internal link in current window\" href=\"http:\/\/www.dahme-heideseen-naturpark.de\/fileadmin\/user_upload\/PDF\/Dahme-Heideseen\/Temoraere_pdf\/Anmeldung2018.pdf\">Anmeldeformular &#8211; Tage der offenen G\u00e4rten 2018<\/a><\/p>\n<p><a class=\"download\" title=\"Opens internal link in current window\" href=\"http:\/\/www.dahme-heideseen-naturpark.de\/fileadmin\/user_upload\/PDF\/Dahme-Heideseen\/Temoraere_pdf\/Ausschreibung_18.pdf\">Infoplakat &#8211; Tage der offenen G\u00e4rten 2018<\/a><\/p>\n","protected":false},"excerpt":{"rendered":"<p>Teilen Sie Ihr naturnahes, gr\u00fcnes Paradies mit anderen Garten- und Naturfans!<\/p>\n","protected":false},"author":48,"featured_media":1942,"comment_status":"open","ping_status":"open","sticky":false,"template":"","format":"standard","meta":[],"categories":[7],"tags":[],"yoast_head":"<!-- This site is optimized with the Yoast SEO plugin v19.10 - https:\/\/yoast.com\/wordpress\/plugins\/seo\/ -->\n<title>Tage der offenen G\u00e4rten am 18. und 19. August - Teilnahme erw\u00fcnscht - Naturpark Dahme-Heideseen<\/title>\n<meta name=\"robots\" content=\"index, follow, max-snippet:-1, max-image-preview:large, max-video-preview:-1\" \/>\n<link rel=\"canonical\" href=\"https:\/\/www.naturparkmagazin.de\/dahme-heideseen\/tage-der-offenen-gaerten-am-18-und-19-august-teilnahme-erwuenscht\/\" \/>\n<meta property=\"og:locale\" content=\"de_DE\" \/>\n<meta property=\"og:type\" content=\"article\" \/>\n<meta property=\"og:title\" content=\"Tage der offenen G\u00e4rten am 18. und 19. August - Teilnahme erw\u00fcnscht - Naturpark Dahme-Heideseen\" \/>\n<meta property=\"og:description\" content=\"Teilen Sie Ihr naturnahes, gr\u00fcnes Paradies mit anderen Garten- und Naturfans!\" \/>\n<meta property=\"og:url\" content=\"https:\/\/www.naturparkmagazin.de\/dahme-heideseen\/tage-der-offenen-gaerten-am-18-und-19-august-teilnahme-erwuenscht\/\" \/>\n<meta property=\"og:site_name\" content=\"Naturpark Dahme-Heideseen\" \/>\n<meta property=\"article:published_time\" content=\"2018-05-11T12:31:48+00:00\" \/>\n<meta property=\"og:image\" content=\"https:\/\/www.naturparkmagazin.de\/dahme-heideseen\/wp-content\/uploads\/sites\/37\/npdh_aster_und_Pfauenauge_sonnenberg.jpg\" \/>\n\t<meta property=\"og:image:width\" content=\"1000\" \/>\n\t<meta property=\"og:image:height\" content=\"750\" \/>\n\t<meta property=\"og:image:type\" content=\"image\/jpeg\" \/>\n<meta name=\"author\" content=\"hanssonnenberg\" \/>\n<meta name=\"twitter:label1\" content=\"Verfasst von\" \/>\n\t<meta name=\"twitter:data1\" content=\"hanssonnenberg\" \/>\n\t<meta name=\"twitter:label2\" content=\"Gesch\u00e4tzte Lesezeit\" \/>\n\t<meta name=\"twitter:data2\" content=\"1\u00a0Minute\" \/>\n<script type=\"application\/ld+json\" class=\"yoast-schema-graph\">{\"@context\":\"https:\/\/schema.org\",\"@graph\":[{\"@type\":\"WebPage\",\"@id\":\"https:\/\/www.naturparkmagazin.de\/dahme-heideseen\/tage-der-offenen-gaerten-am-18-und-19-august-teilnahme-erwuenscht\/\",\"url\":\"https:\/\/www.naturparkmagazin.de\/dahme-heideseen\/tage-der-offenen-gaerten-am-18-und-19-august-teilnahme-erwuenscht\/\",\"name\":\"Tage der offenen G\u00e4rten am 18. und 19. August - Teilnahme erw\u00fcnscht - Naturpark Dahme-Heideseen\",\"isPartOf\":{\"@id\":\"https:\/\/www.naturparkmagazin.de\/dahme-heideseen\/#website\"},\"datePublished\":\"2018-05-11T12:31:48+00:00\",\"dateModified\":\"2018-05-11T12:31:48+00:00\",\"author\":{\"@id\":\"https:\/\/www.naturparkmagazin.de\/dahme-heideseen\/#\/schema\/person\/c81c96c3a1f5ee7bffff8b8022c105f0\"},\"breadcrumb\":{\"@id\":\"https:\/\/www.naturparkmagazin.de\/dahme-heideseen\/tage-der-offenen-gaerten-am-18-und-19-august-teilnahme-erwuenscht\/#breadcrumb\"},\"inLanguage\":\"de\",\"potentialAction\":[{\"@type\":\"ReadAction\",\"target\":[\"https:\/\/www.naturparkmagazin.de\/dahme-heideseen\/tage-der-offenen-gaerten-am-18-und-19-august-teilnahme-erwuenscht\/\"]}]},{\"@type\":\"BreadcrumbList\",\"@id\":\"https:\/\/www.naturparkmagazin.de\/dahme-heideseen\/tage-der-offenen-gaerten-am-18-und-19-august-teilnahme-erwuenscht\/#breadcrumb\",\"itemListElement\":[{\"@type\":\"ListItem\",\"position\":1,\"name\":\"Home\",\"item\":\"https:\/\/www.naturparkmagazin.de\/dahme-heideseen\/\"},{\"@type\":\"ListItem\",\"position\":2,\"name\":\"Tage der offenen G\u00e4rten am 18. und 19. August &#8211; Teilnahme erw\u00fcnscht\"}]},{\"@type\":\"WebSite\",\"@id\":\"https:\/\/www.naturparkmagazin.de\/dahme-heideseen\/#website\",\"url\":\"https:\/\/www.naturparkmagazin.de\/dahme-heideseen\/\",\"name\":\"Naturpark Dahme-Heideseen\",\"description\":\"\",\"potentialAction\":[{\"@type\":\"SearchAction\",\"target\":{\"@type\":\"EntryPoint\",\"urlTemplate\":\"https:\/\/www.naturparkmagazin.de\/dahme-heideseen\/?s={search_term_string}\"},\"query-input\":\"required name=search_term_string\"}],\"inLanguage\":\"de\"},{\"@type\":\"Person\",\"@id\":\"https:\/\/www.naturparkmagazin.de\/dahme-heideseen\/#\/schema\/person\/c81c96c3a1f5ee7bffff8b8022c105f0\",\"name\":\"hanssonnenberg\",\"url\":\"https:\/\/www.naturparkmagazin.de\/dahme-heideseen\/author\/hanssonnenberg\/\"}]}<\/script>\n<!-- \/ Yoast SEO plugin. -->","yoast_head_json":{"title":"Tage der offenen G\u00e4rten am 18. und 19. August - Teilnahme erw\u00fcnscht - Naturpark Dahme-Heideseen","robots":{"index":"index","follow":"follow","max-snippet":"max-snippet:-1","max-image-preview":"max-image-preview:large","max-video-preview":"max-video-preview:-1"},"canonical":"https:\/\/www.naturparkmagazin.de\/dahme-heideseen\/tage-der-offenen-gaerten-am-18-und-19-august-teilnahme-erwuenscht\/","og_locale":"de_DE","og_type":"article","og_title":"Tage der offenen G\u00e4rten am 18. und 19. August - Teilnahme erw\u00fcnscht - Naturpark Dahme-Heideseen","og_description":"Teilen Sie Ihr naturnahes, gr\u00fcnes Paradies mit anderen Garten- und Naturfans!","og_url":"https:\/\/www.naturparkmagazin.de\/dahme-heideseen\/tage-der-offenen-gaerten-am-18-und-19-august-teilnahme-erwuenscht\/","og_site_name":"Naturpark Dahme-Heideseen","article_published_time":"2018-05-11T12:31:48+00:00","og_image":[{"width":1000,"height":750,"url":"https:\/\/www.naturparkmagazin.de\/dahme-heideseen\/wp-content\/uploads\/sites\/37\/npdh_aster_und_Pfauenauge_sonnenberg.jpg","type":"image\/jpeg"}],"author":"hanssonnenberg","twitter_misc":{"Verfasst von":"hanssonnenberg","Gesch\u00e4tzte Lesezeit":"1\u00a0Minute"},"schema":{"@context":"https:\/\/schema.org","@graph":[{"@type":"WebPage","@id":"https:\/\/www.naturparkmagazin.de\/dahme-heideseen\/tage-der-offenen-gaerten-am-18-und-19-august-teilnahme-erwuenscht\/","url":"https:\/\/www.naturparkmagazin.de\/dahme-heideseen\/tage-der-offenen-gaerten-am-18-und-19-august-teilnahme-erwuenscht\/","name":"Tage der offenen G\u00e4rten am 18. und 19. August - Teilnahme erw\u00fcnscht - Naturpark Dahme-Heideseen","isPartOf":{"@id":"https:\/\/www.naturparkmagazin.de\/dahme-heideseen\/#website"},"datePublished":"2018-05-11T12:31:48+00:00","dateModified":"2018-05-11T12:31:48+00:00","author":{"@id":"https:\/\/www.naturparkmagazin.de\/dahme-heideseen\/#\/schema\/person\/c81c96c3a1f5ee7bffff8b8022c105f0"},"breadcrumb":{"@id":"https:\/\/www.naturparkmagazin.de\/dahme-heideseen\/tage-der-offenen-gaerten-am-18-und-19-august-teilnahme-erwuenscht\/#breadcrumb"},"inLanguage":"de","potentialAction":[{"@type":"ReadAction","target":["https:\/\/www.naturparkmagazin.de\/dahme-heideseen\/tage-der-offenen-gaerten-am-18-und-19-august-teilnahme-erwuenscht\/"]}]},{"@type":"BreadcrumbList","@id":"https:\/\/www.naturparkmagazin.de\/dahme-heideseen\/tage-der-offenen-gaerten-am-18-und-19-august-teilnahme-erwuenscht\/#breadcrumb","itemListElement":[{"@type":"ListItem","position":1,"name":"Home","item":"https:\/\/www.naturparkmagazin.de\/dahme-heideseen\/"},{"@type":"ListItem","position":2,"name":"Tage der offenen G\u00e4rten am 18. und 19. August &#8211; Teilnahme erw\u00fcnscht"}]},{"@type":"WebSite","@id":"https:\/\/www.naturparkmagazin.de\/dahme-heideseen\/#website","url":"https:\/\/www.naturparkmagazin.de\/dahme-heideseen\/","name":"Naturpark Dahme-Heideseen","description":"","potentialAction":[{"@type":"SearchAction","target":{"@type":"EntryPoint","urlTemplate":"https:\/\/www.naturparkmagazin.de\/dahme-heideseen\/?s={search_term_string}"},"query-input":"required name=search_term_string"}],"inLanguage":"de"},{"@type":"Person","@id":"https:\/\/www.naturparkmagazin.de\/dahme-heideseen\/#\/schema\/person\/c81c96c3a1f5ee7bffff8b8022c105f0","name":"hanssonnenberg","url":"https:\/\/www.naturparkmagazin.de\/dahme-heideseen\/author\/hanssonnenberg\/"}]}},"_links":{"self":[{"href":"https:\/\/www.naturparkmagazin.de\/dahme-heideseen\/wp-json\/wp\/v2\/posts\/2546"}],"collection":[{"href":"https:\/\/www.naturparkmagazin.de\/dahme-heideseen\/wp-json\/wp\/v2\/posts"}],"about":[{"href":"https:\/\/www.naturparkmagazin.de\/dahme-heideseen\/wp-json\/wp\/v2\/types\/post"}],"author":[{"embeddable":true,"href":"https:\/\/www.naturparkmagazin.de\/dahme-heideseen\/wp-json\/wp\/v2\/users\/48"}],"replies":[{"embeddable":true,"href":"https:\/\/www.naturparkmagazin.de\/dahme-heideseen\/wp-json\/wp\/v2\/comments?post=2546"}],"version-history":[{"count":1,"href":"https:\/\/www.naturparkmagazin.de\/dahme-heideseen\/wp-json\/wp\/v2\/posts\/2546\/revisions"}],"predecessor-version":[{"id":2547,"href":"https:\/\/www.naturparkmagazin.de\/dahme-heideseen\/wp-json\/wp\/v2\/posts\/2546\/revisions\/2547"}],"wp:featuredmedia":[{"embeddable":true,"href":"https:\/\/www.naturparkmagazin.de\/dahme-heideseen\/wp-json\/wp\/v2\/media\/1942"}],"wp:attachment":[{"href":"https:\/\/www.naturparkmagazin.de\/dahme-heideseen\/wp-json\/wp\/v2\/media?parent=2546"}],"wp:term":[{"taxonomy":"category","embeddable":true,"href":"https:\/\/www.naturparkmagazin.de\/dahme-heideseen\/wp-json\/wp\/v2\/categories?post=2546"},{"taxonomy":"post_tag","embeddable":true,"href":"https:\/\/www.naturparkmagazin.de\/dahme-heideseen\/wp-json\/wp\/v2\/tags?post=2546"}],"curies":[{"name":"wp","href":"https:\/\/api.w.org\/{rel}","templated":true}]}}