{"id":2567,"date":"2018-06-18T12:50:43","date_gmt":"2018-06-18T10:50:43","guid":{"rendered":"https:\/\/www.naturparkmagazin.de\/dahme-heideseen\/?p=2567"},"modified":"2018-06-27T14:17:01","modified_gmt":"2018-06-27T12:17:01","slug":"naturpark-schule-in-halbe","status":"publish","type":"post","link":"https:\/\/www.naturparkmagazin.de\/dahme-heideseen\/naturpark-schule-in-halbe\/","title":{"rendered":"Naturpark-Schule in Halbe"},"content":{"rendered":"<div id=\"attachment_2586\" style=\"width: 510px\" class=\"wp-caption aligncenter\"><a href=\"https:\/\/www.naturparkmagazin.de\/dahme-heideseen\/wp-content\/uploads\/sites\/37\/Elisabeth_von_Schlieben_Grundschule_Halbe_Foto_1_Heidrun_Voigt_Beitrag.jpg\"><img aria-describedby=\"caption-attachment-2586\" decoding=\"async\" loading=\"lazy\" class=\"wp-image-2586 size-full\" src=\"https:\/\/www.naturparkmagazin.de\/dahme-heideseen\/wp-content\/uploads\/sites\/37\/Elisabeth_von_Schlieben_Grundschule_Halbe_Foto_1_Heidrun_Voigt_Beitrag.jpg\" alt=\"Als Naturpark-Schule ist die Elisabeth von Schlieben Grundschule in Halbe eingebunden in die Umweltaktionstage 2018, einer Initiative von VDN und Kaufland zur Unterst\u00fctzung der Naturparke in Deutschland - Foto: Heidrun Voigt\" width=\"500\" height=\"300\" srcset=\"https:\/\/www.naturparkmagazin.de\/dahme-heideseen\/wp-content\/uploads\/sites\/37\/Elisabeth_von_Schlieben_Grundschule_Halbe_Foto_1_Heidrun_Voigt_Beitrag.jpg 500w, https:\/\/www.naturparkmagazin.de\/dahme-heideseen\/wp-content\/uploads\/sites\/37\/Elisabeth_von_Schlieben_Grundschule_Halbe_Foto_1_Heidrun_Voigt_Beitrag-300x180.jpg 300w, https:\/\/www.naturparkmagazin.de\/dahme-heideseen\/wp-content\/uploads\/sites\/37\/Elisabeth_von_Schlieben_Grundschule_Halbe_Foto_1_Heidrun_Voigt_Beitrag-200x120.jpg 200w\" sizes=\"(max-width: 500px) 100vw, 500px\" \/><\/a><p id=\"caption-attachment-2586\" class=\"wp-caption-text\">Als Naturpark-Schule ist die Elisabeth von Schlieben Grundschule in Halbe eingebunden in die Umweltaktionstage 2018, einer Initiative von VDN und Kaufland zur Unterst\u00fctzung der Naturparke in Deutschland &#8211; Foto: Heidrun Voigt<\/p><\/div>\n<p>Durch verschiedene Projekte, wie Umweltaktionstage, die Einrichtung eines gr\u00fcnen Klassenzimmers, den Bau von Bienenk\u00e4sten und verschiedenen Exkursionen zB in die Gl\u00e4sernen Molkerei leistet sie eine nachhaltige Bildungsarbeit und erf\u00fcllt damit die notwendigen Voraussetzungen zur Auszeichnung als Naturpark-Schule. Zum Schuljahresende findet am 04.07.2018 die feierliche \u00dcbergabe der Plakette durch den Naturparkleiter Gunnar Heyne statt.<\/p>\n<p><a href=\"https:\/\/www.naturparkmagazin.de\/dahme-heideseen\/wp-content\/uploads\/sites\/37\/Naturpark-Schulen-Plakette_Dahme-Heideseeb.jpeg\"><img decoding=\"async\" loading=\"lazy\" class=\"aligncenter size-full wp-image-2569\" src=\"https:\/\/www.naturparkmagazin.de\/dahme-heideseen\/wp-content\/uploads\/sites\/37\/Naturpark-Schulen-Plakette_Dahme-Heideseeb.jpeg\" alt=\"Naturpark-Schulen-Plakette_Dahme-Heideseeb\" width=\"300\" height=\"501\" srcset=\"https:\/\/www.naturparkmagazin.de\/dahme-heideseen\/wp-content\/uploads\/sites\/37\/Naturpark-Schulen-Plakette_Dahme-Heideseeb.jpeg 300w, https:\/\/www.naturparkmagazin.de\/dahme-heideseen\/wp-content\/uploads\/sites\/37\/Naturpark-Schulen-Plakette_Dahme-Heideseeb-200x334.jpeg 200w\" sizes=\"(max-width: 300px) 100vw, 300px\" \/><\/a><\/p>\n<p>Die Auszeichnung \u201eNaturpark-Schule\u201c wird f\u00fcr einen Zeitraum von f\u00fcnf Jahren auf der Basis eines bundesweiten Kriterienkatalogs verliehen. Alle f\u00fcnf Jahre \u00fcberpr\u00fcft der Naturpark, ob die vom Verband Deutscher Naturparke in Zusammenarbeit mit Naturparken und Schulen aufgestellten Kriterien f\u00fcr die Auszeichnung f\u00fcr weitere f\u00fcnf Jahre als \u201eNaturpark-Schule\u201c erf\u00fcllt sind.<\/p>\n<p><u>Die Leitidee f\u00fcr Naturpark-Schulen:<\/u><\/p>\n<ul>\n<li>Ein Naturpark ist ein vielf\u00e4ltiger Lern- und Erfahrungsort<\/li>\n<li>Natur und Kultur im Umfeld der Schule werden f\u00fcr die Sch\u00fcler\/innen erlebbar<\/li>\n<li>Sch\u00fcler\/innen werden f\u00fcr die Besonderheiten der Heimat sensibilisiert<\/li>\n<li>Es entsteht ein regionaler Bezug zum Bildungsplan<\/li>\n<li>Naturpark-Schulen sind ein Beitrag\u00a0 zur Bildung f\u00fcr nachhaltige Entwicklung (BNE)<\/li>\n<li>F\u00fcr eine Naturpark-Schule ist eine gute Zusammenarbeit von Schule, Naturpark und Schultr\u00e4ger\/Gemeinde wichtig<\/li>\n<li>ebenso wie eine Kooperation mit au\u00dferschulischen Projektpartnern wie Forstamt, Handwerker, K\u00fcnstler, Landwirte, Vereine, Museen, interessierte Privatpersonen<\/li>\n<\/ul>\n<p>&nbsp;<\/p>\n<p>&nbsp;<\/p>\n","protected":false},"excerpt":{"rendered":"<p>Die Elisabeth-von-Schlieben-Grundschule in Halbe wird die erste Naturparkschule ihrer Region.<\/p>\n","protected":false},"author":73,"featured_media":2585,"comment_status":"open","ping_status":"open","sticky":false,"template":"","format":"standard","meta":[],"categories":[7],"tags":[],"yoast_head":"<!-- This site is optimized with the Yoast SEO plugin v19.10 - https:\/\/yoast.com\/wordpress\/plugins\/seo\/ -->\n<title>Naturpark-Schule in Halbe - Naturpark Dahme-Heideseen<\/title>\n<meta name=\"robots\" content=\"index, follow, max-snippet:-1, max-image-preview:large, max-video-preview:-1\" \/>\n<link rel=\"canonical\" href=\"https:\/\/www.naturparkmagazin.de\/dahme-heideseen\/naturpark-schule-in-halbe\/\" \/>\n<meta property=\"og:locale\" content=\"de_DE\" \/>\n<meta property=\"og:type\" content=\"article\" \/>\n<meta property=\"og:title\" content=\"Naturpark-Schule in Halbe - Naturpark Dahme-Heideseen\" \/>\n<meta property=\"og:description\" content=\"Die Elisabeth-von-Schlieben-Grundschule in Halbe wird die erste Naturparkschule ihrer Region.\" \/>\n<meta property=\"og:url\" content=\"https:\/\/www.naturparkmagazin.de\/dahme-heideseen\/naturpark-schule-in-halbe\/\" \/>\n<meta property=\"og:site_name\" content=\"Naturpark Dahme-Heideseen\" \/>\n<meta property=\"article:published_time\" content=\"2018-06-18T10:50:43+00:00\" \/>\n<meta property=\"article:modified_time\" content=\"2018-06-27T12:17:01+00:00\" \/>\n<meta property=\"og:image\" content=\"https:\/\/www.naturparkmagazin.de\/dahme-heideseen\/wp-content\/uploads\/sites\/37\/Elisabeth_von_Schlieben_Grundschule_Halbe_Foto_1_Heidrun_Voigt_Beitragsbild.jpg\" \/>\n\t<meta property=\"og:image:width\" content=\"200\" \/>\n\t<meta property=\"og:image:height\" content=\"200\" \/>\n\t<meta property=\"og:image:type\" content=\"image\/jpeg\" \/>\n<meta name=\"author\" content=\"manuelamerz\" \/>\n<meta name=\"twitter:label1\" content=\"Verfasst von\" \/>\n\t<meta name=\"twitter:data1\" content=\"manuelamerz\" \/>\n\t<meta name=\"twitter:label2\" content=\"Gesch\u00e4tzte Lesezeit\" \/>\n\t<meta name=\"twitter:data2\" content=\"1\u00a0Minute\" \/>\n<script type=\"application\/ld+json\" class=\"yoast-schema-graph\">{\"@context\":\"https:\/\/schema.org\",\"@graph\":[{\"@type\":\"WebPage\",\"@id\":\"https:\/\/www.naturparkmagazin.de\/dahme-heideseen\/naturpark-schule-in-halbe\/\",\"url\":\"https:\/\/www.naturparkmagazin.de\/dahme-heideseen\/naturpark-schule-in-halbe\/\",\"name\":\"Naturpark-Schule in Halbe - Naturpark Dahme-Heideseen\",\"isPartOf\":{\"@id\":\"https:\/\/www.naturparkmagazin.de\/dahme-heideseen\/#website\"},\"datePublished\":\"2018-06-18T10:50:43+00:00\",\"dateModified\":\"2018-06-27T12:17:01+00:00\",\"author\":{\"@id\":\"https:\/\/www.naturparkmagazin.de\/dahme-heideseen\/#\/schema\/person\/3cff9b8773ed55f0189255fa9adfd57c\"},\"breadcrumb\":{\"@id\":\"https:\/\/www.naturparkmagazin.de\/dahme-heideseen\/naturpark-schule-in-halbe\/#breadcrumb\"},\"inLanguage\":\"de\",\"potentialAction\":[{\"@type\":\"ReadAction\",\"target\":[\"https:\/\/www.naturparkmagazin.de\/dahme-heideseen\/naturpark-schule-in-halbe\/\"]}]},{\"@type\":\"BreadcrumbList\",\"@id\":\"https:\/\/www.naturparkmagazin.de\/dahme-heideseen\/naturpark-schule-in-halbe\/#breadcrumb\",\"itemListElement\":[{\"@type\":\"ListItem\",\"position\":1,\"name\":\"Home\",\"item\":\"https:\/\/www.naturparkmagazin.de\/dahme-heideseen\/\"},{\"@type\":\"ListItem\",\"position\":2,\"name\":\"Naturpark-Schule in Halbe\"}]},{\"@type\":\"WebSite\",\"@id\":\"https:\/\/www.naturparkmagazin.de\/dahme-heideseen\/#website\",\"url\":\"https:\/\/www.naturparkmagazin.de\/dahme-heideseen\/\",\"name\":\"Naturpark Dahme-Heideseen\",\"description\":\"\",\"potentialAction\":[{\"@type\":\"SearchAction\",\"target\":{\"@type\":\"EntryPoint\",\"urlTemplate\":\"https:\/\/www.naturparkmagazin.de\/dahme-heideseen\/?s={search_term_string}\"},\"query-input\":\"required name=search_term_string\"}],\"inLanguage\":\"de\"},{\"@type\":\"Person\",\"@id\":\"https:\/\/www.naturparkmagazin.de\/dahme-heideseen\/#\/schema\/person\/3cff9b8773ed55f0189255fa9adfd57c\",\"name\":\"manuelamerz\",\"url\":\"https:\/\/www.naturparkmagazin.de\/dahme-heideseen\/author\/manuelamerz\/\"}]}<\/script>\n<!-- \/ Yoast SEO plugin. -->","yoast_head_json":{"title":"Naturpark-Schule in Halbe - Naturpark Dahme-Heideseen","robots":{"index":"index","follow":"follow","max-snippet":"max-snippet:-1","max-image-preview":"max-image-preview:large","max-video-preview":"max-video-preview:-1"},"canonical":"https:\/\/www.naturparkmagazin.de\/dahme-heideseen\/naturpark-schule-in-halbe\/","og_locale":"de_DE","og_type":"article","og_title":"Naturpark-Schule in Halbe - Naturpark Dahme-Heideseen","og_description":"Die Elisabeth-von-Schlieben-Grundschule in Halbe wird die erste Naturparkschule ihrer Region.","og_url":"https:\/\/www.naturparkmagazin.de\/dahme-heideseen\/naturpark-schule-in-halbe\/","og_site_name":"Naturpark Dahme-Heideseen","article_published_time":"2018-06-18T10:50:43+00:00","article_modified_time":"2018-06-27T12:17:01+00:00","og_image":[{"width":200,"height":200,"url":"https:\/\/www.naturparkmagazin.de\/dahme-heideseen\/wp-content\/uploads\/sites\/37\/Elisabeth_von_Schlieben_Grundschule_Halbe_Foto_1_Heidrun_Voigt_Beitragsbild.jpg","type":"image\/jpeg"}],"author":"manuelamerz","twitter_misc":{"Verfasst von":"manuelamerz","Gesch\u00e4tzte Lesezeit":"1\u00a0Minute"},"schema":{"@context":"https:\/\/schema.org","@graph":[{"@type":"WebPage","@id":"https:\/\/www.naturparkmagazin.de\/dahme-heideseen\/naturpark-schule-in-halbe\/","url":"https:\/\/www.naturparkmagazin.de\/dahme-heideseen\/naturpark-schule-in-halbe\/","name":"Naturpark-Schule in Halbe - Naturpark Dahme-Heideseen","isPartOf":{"@id":"https:\/\/www.naturparkmagazin.de\/dahme-heideseen\/#website"},"datePublished":"2018-06-18T10:50:43+00:00","dateModified":"2018-06-27T12:17:01+00:00","author":{"@id":"https:\/\/www.naturparkmagazin.de\/dahme-heideseen\/#\/schema\/person\/3cff9b8773ed55f0189255fa9adfd57c"},"breadcrumb":{"@id":"https:\/\/www.naturparkmagazin.de\/dahme-heideseen\/naturpark-schule-in-halbe\/#breadcrumb"},"inLanguage":"de","potentialAction":[{"@type":"ReadAction","target":["https:\/\/www.naturparkmagazin.de\/dahme-heideseen\/naturpark-schule-in-halbe\/"]}]},{"@type":"BreadcrumbList","@id":"https:\/\/www.naturparkmagazin.de\/dahme-heideseen\/naturpark-schule-in-halbe\/#breadcrumb","itemListElement":[{"@type":"ListItem","position":1,"name":"Home","item":"https:\/\/www.naturparkmagazin.de\/dahme-heideseen\/"},{"@type":"ListItem","position":2,"name":"Naturpark-Schule in Halbe"}]},{"@type":"WebSite","@id":"https:\/\/www.naturparkmagazin.de\/dahme-heideseen\/#website","url":"https:\/\/www.naturparkmagazin.de\/dahme-heideseen\/","name":"Naturpark Dahme-Heideseen","description":"","potentialAction":[{"@type":"SearchAction","target":{"@type":"EntryPoint","urlTemplate":"https:\/\/www.naturparkmagazin.de\/dahme-heideseen\/?s={search_term_string}"},"query-input":"required name=search_term_string"}],"inLanguage":"de"},{"@type":"Person","@id":"https:\/\/www.naturparkmagazin.de\/dahme-heideseen\/#\/schema\/person\/3cff9b8773ed55f0189255fa9adfd57c","name":"manuelamerz","url":"https:\/\/www.naturparkmagazin.de\/dahme-heideseen\/author\/manuelamerz\/"}]}},"_links":{"self":[{"href":"https:\/\/www.naturparkmagazin.de\/dahme-heideseen\/wp-json\/wp\/v2\/posts\/2567"}],"collection":[{"href":"https:\/\/www.naturparkmagazin.de\/dahme-heideseen\/wp-json\/wp\/v2\/posts"}],"about":[{"href":"https:\/\/www.naturparkmagazin.de\/dahme-heideseen\/wp-json\/wp\/v2\/types\/post"}],"author":[{"embeddable":true,"href":"https:\/\/www.naturparkmagazin.de\/dahme-heideseen\/wp-json\/wp\/v2\/users\/73"}],"replies":[{"embeddable":true,"href":"https:\/\/www.naturparkmagazin.de\/dahme-heideseen\/wp-json\/wp\/v2\/comments?post=2567"}],"version-history":[{"count":3,"href":"https:\/\/www.naturparkmagazin.de\/dahme-heideseen\/wp-json\/wp\/v2\/posts\/2567\/revisions"}],"predecessor-version":[{"id":2587,"href":"https:\/\/www.naturparkmagazin.de\/dahme-heideseen\/wp-json\/wp\/v2\/posts\/2567\/revisions\/2587"}],"wp:featuredmedia":[{"embeddable":true,"href":"https:\/\/www.naturparkmagazin.de\/dahme-heideseen\/wp-json\/wp\/v2\/media\/2585"}],"wp:attachment":[{"href":"https:\/\/www.naturparkmagazin.de\/dahme-heideseen\/wp-json\/wp\/v2\/media?parent=2567"}],"wp:term":[{"taxonomy":"category","embeddable":true,"href":"https:\/\/www.naturparkmagazin.de\/dahme-heideseen\/wp-json\/wp\/v2\/categories?post=2567"},{"taxonomy":"post_tag","embeddable":true,"href":"https:\/\/www.naturparkmagazin.de\/dahme-heideseen\/wp-json\/wp\/v2\/tags?post=2567"}],"curies":[{"name":"wp","href":"https:\/\/api.w.org\/{rel}","templated":true}]}}