{"id":2593,"date":"2018-07-20T12:09:23","date_gmt":"2018-07-20T10:09:23","guid":{"rendered":"https:\/\/www.naturparkmagazin.de\/dahme-heideseen\/?p=2593"},"modified":"2018-07-25T11:40:56","modified_gmt":"2018-07-25T09:40:56","slug":"lange-naturwachtnacht-in-gross-schauen-am-17-august","status":"publish","type":"post","link":"https:\/\/www.naturparkmagazin.de\/dahme-heideseen\/lange-naturwachtnacht-in-gross-schauen-am-17-august\/","title":{"rendered":"Lange Naturwachtnacht in Gro\u00df Schauen am 17. August"},"content":{"rendered":"<p>Ab 18 Uhr dreht sich in Gro\u00df Schauen alles um Flederm\u00e4use. Rund um die Fachwerkkirche kann man sich \u00fcber die n\u00e4chtlichen Lebewesen informieren und ein Fledermaus-Sommerquartier bauen.<\/p>\n<p>Ab etwa 21 Uhr k\u00f6nnen beim Netzfang echte Flederm\u00e4use erlebt werden. Mausohr-Experten versuchen mit einem haarfeinen Netz, einzelne Tiere zu bestimmen und deren pers\u00f6nliche Daten zu ermitteln. Daneben wird eine Lichtfalle das Beutespektrum der Flederm\u00e4use anlocken, Schw\u00e4rmer und Eulen aus der Familie der Insekten. Diese sind nicht zum Verf\u00fcttern, sondern zum Beobachten f\u00fcr die interessierten G\u00e4ste!<\/p>\n<p>Zur Umrahmung der Veranstaltung wird es W\u00fcrstchen vom Grill und Getr\u00e4nke geben.<\/p>\n<p><a href=\"https:\/\/www.dahme-heideseen-naturpark.de\/veranstaltungen\/nachtschwaermer-willkommen\/\" target=\"_blank\">Hier<\/a> k\u00f6nnen Sie sich n\u00e4her \u00fcber die Veranstaltung informieren.<\/p>\n<p>&nbsp;<\/p>\n","protected":false},"excerpt":{"rendered":"<p>Ab 18 Uhr dreht sich in Gro\u00df Schauen alles um Flederm\u00e4use. Rund um die Fachwerkkirche kann man sich \u00fcber die n\u00e4chtlichen Lebewesen informieren und ein Fledermaus-Sommerquartier bauen.<\/p>\n","protected":false},"author":83,"featured_media":2601,"comment_status":"open","ping_status":"open","sticky":false,"template":"","format":"standard","meta":[],"categories":[11],"tags":[1069,592],"yoast_head":"<!-- This site is optimized with the Yoast SEO plugin v19.10 - https:\/\/yoast.com\/wordpress\/plugins\/seo\/ -->\n<title>Lange Naturwachtnacht in Gro\u00df Schauen am 17. August - Naturpark Dahme-Heideseen<\/title>\n<meta name=\"robots\" content=\"index, follow, max-snippet:-1, max-image-preview:large, max-video-preview:-1\" \/>\n<link rel=\"canonical\" href=\"https:\/\/www.naturparkmagazin.de\/dahme-heideseen\/lange-naturwachtnacht-in-gross-schauen-am-17-august\/\" \/>\n<meta property=\"og:locale\" content=\"de_DE\" \/>\n<meta property=\"og:type\" content=\"article\" \/>\n<meta property=\"og:title\" content=\"Lange Naturwachtnacht in Gro\u00df Schauen am 17. August - Naturpark Dahme-Heideseen\" \/>\n<meta property=\"og:description\" content=\"Ab 18 Uhr dreht sich in Gro\u00df Schauen alles um Flederm\u00e4use. Rund um die Fachwerkkirche kann man sich \u00fcber die n\u00e4chtlichen Lebewesen informieren und ein Fledermaus-Sommerquartier bauen.\" \/>\n<meta property=\"og:url\" content=\"https:\/\/www.naturparkmagazin.de\/dahme-heideseen\/lange-naturwachtnacht-in-gross-schauen-am-17-august\/\" \/>\n<meta property=\"og:site_name\" content=\"Naturpark Dahme-Heideseen\" \/>\n<meta property=\"article:published_time\" content=\"2018-07-20T10:09:23+00:00\" \/>\n<meta property=\"article:modified_time\" content=\"2018-07-25T09:40:56+00:00\" \/>\n<meta property=\"og:image\" content=\"https:\/\/www.naturparkmagazin.de\/dahme-heideseen\/wp-content\/uploads\/sites\/37\/Gro\u00dfe-Abendsegler-in-einer-Fledermaush\u00f6hle.jpg\" \/>\n\t<meta property=\"og:image:width\" content=\"3264\" \/>\n\t<meta property=\"og:image:height\" content=\"2448\" \/>\n\t<meta property=\"og:image:type\" content=\"image\/jpeg\" \/>\n<meta name=\"author\" content=\"Astrid Osenbr\u00fcck\" \/>\n<meta name=\"twitter:label1\" content=\"Verfasst von\" \/>\n\t<meta name=\"twitter:data1\" content=\"Astrid Osenbr\u00fcck\" \/>\n\t<meta name=\"twitter:label2\" content=\"Gesch\u00e4tzte Lesezeit\" \/>\n\t<meta name=\"twitter:data2\" content=\"1\u00a0Minute\" \/>\n<script type=\"application\/ld+json\" class=\"yoast-schema-graph\">{\"@context\":\"https:\/\/schema.org\",\"@graph\":[{\"@type\":\"WebPage\",\"@id\":\"https:\/\/www.naturparkmagazin.de\/dahme-heideseen\/lange-naturwachtnacht-in-gross-schauen-am-17-august\/\",\"url\":\"https:\/\/www.naturparkmagazin.de\/dahme-heideseen\/lange-naturwachtnacht-in-gross-schauen-am-17-august\/\",\"name\":\"Lange Naturwachtnacht in Gro\u00df Schauen am 17. August - Naturpark Dahme-Heideseen\",\"isPartOf\":{\"@id\":\"https:\/\/www.naturparkmagazin.de\/dahme-heideseen\/#website\"},\"datePublished\":\"2018-07-20T10:09:23+00:00\",\"dateModified\":\"2018-07-25T09:40:56+00:00\",\"author\":{\"@id\":\"https:\/\/www.naturparkmagazin.de\/dahme-heideseen\/#\/schema\/person\/a0510aafafdf8183c95fc98faf0c9f21\"},\"breadcrumb\":{\"@id\":\"https:\/\/www.naturparkmagazin.de\/dahme-heideseen\/lange-naturwachtnacht-in-gross-schauen-am-17-august\/#breadcrumb\"},\"inLanguage\":\"de\",\"potentialAction\":[{\"@type\":\"ReadAction\",\"target\":[\"https:\/\/www.naturparkmagazin.de\/dahme-heideseen\/lange-naturwachtnacht-in-gross-schauen-am-17-august\/\"]}]},{\"@type\":\"BreadcrumbList\",\"@id\":\"https:\/\/www.naturparkmagazin.de\/dahme-heideseen\/lange-naturwachtnacht-in-gross-schauen-am-17-august\/#breadcrumb\",\"itemListElement\":[{\"@type\":\"ListItem\",\"position\":1,\"name\":\"Home\",\"item\":\"https:\/\/www.naturparkmagazin.de\/dahme-heideseen\/\"},{\"@type\":\"ListItem\",\"position\":2,\"name\":\"Lange Naturwachtnacht in Gro\u00df Schauen am 17. August\"}]},{\"@type\":\"WebSite\",\"@id\":\"https:\/\/www.naturparkmagazin.de\/dahme-heideseen\/#website\",\"url\":\"https:\/\/www.naturparkmagazin.de\/dahme-heideseen\/\",\"name\":\"Naturpark Dahme-Heideseen\",\"description\":\"\",\"potentialAction\":[{\"@type\":\"SearchAction\",\"target\":{\"@type\":\"EntryPoint\",\"urlTemplate\":\"https:\/\/www.naturparkmagazin.de\/dahme-heideseen\/?s={search_term_string}\"},\"query-input\":\"required name=search_term_string\"}],\"inLanguage\":\"de\"},{\"@type\":\"Person\",\"@id\":\"https:\/\/www.naturparkmagazin.de\/dahme-heideseen\/#\/schema\/person\/a0510aafafdf8183c95fc98faf0c9f21\",\"name\":\"Astrid Osenbr\u00fcck\",\"sameAs\":[\"http:\/\/www.dahme-heideseen-naturpark.de\"],\"url\":\"https:\/\/www.naturparkmagazin.de\/dahme-heideseen\/author\/astridosenbrueck\/\"}]}<\/script>\n<!-- \/ Yoast SEO plugin. -->","yoast_head_json":{"title":"Lange Naturwachtnacht in Gro\u00df Schauen am 17. August - Naturpark Dahme-Heideseen","robots":{"index":"index","follow":"follow","max-snippet":"max-snippet:-1","max-image-preview":"max-image-preview:large","max-video-preview":"max-video-preview:-1"},"canonical":"https:\/\/www.naturparkmagazin.de\/dahme-heideseen\/lange-naturwachtnacht-in-gross-schauen-am-17-august\/","og_locale":"de_DE","og_type":"article","og_title":"Lange Naturwachtnacht in Gro\u00df Schauen am 17. August - Naturpark Dahme-Heideseen","og_description":"Ab 18 Uhr dreht sich in Gro\u00df Schauen alles um Flederm\u00e4use. Rund um die Fachwerkkirche kann man sich \u00fcber die n\u00e4chtlichen Lebewesen informieren und ein Fledermaus-Sommerquartier bauen.","og_url":"https:\/\/www.naturparkmagazin.de\/dahme-heideseen\/lange-naturwachtnacht-in-gross-schauen-am-17-august\/","og_site_name":"Naturpark Dahme-Heideseen","article_published_time":"2018-07-20T10:09:23+00:00","article_modified_time":"2018-07-25T09:40:56+00:00","og_image":[{"width":3264,"height":2448,"url":"https:\/\/www.naturparkmagazin.de\/dahme-heideseen\/wp-content\/uploads\/sites\/37\/Gro\u00dfe-Abendsegler-in-einer-Fledermaush\u00f6hle.jpg","type":"image\/jpeg"}],"author":"Astrid Osenbr\u00fcck","twitter_misc":{"Verfasst von":"Astrid Osenbr\u00fcck","Gesch\u00e4tzte Lesezeit":"1\u00a0Minute"},"schema":{"@context":"https:\/\/schema.org","@graph":[{"@type":"WebPage","@id":"https:\/\/www.naturparkmagazin.de\/dahme-heideseen\/lange-naturwachtnacht-in-gross-schauen-am-17-august\/","url":"https:\/\/www.naturparkmagazin.de\/dahme-heideseen\/lange-naturwachtnacht-in-gross-schauen-am-17-august\/","name":"Lange Naturwachtnacht in Gro\u00df Schauen am 17. August - Naturpark Dahme-Heideseen","isPartOf":{"@id":"https:\/\/www.naturparkmagazin.de\/dahme-heideseen\/#website"},"datePublished":"2018-07-20T10:09:23+00:00","dateModified":"2018-07-25T09:40:56+00:00","author":{"@id":"https:\/\/www.naturparkmagazin.de\/dahme-heideseen\/#\/schema\/person\/a0510aafafdf8183c95fc98faf0c9f21"},"breadcrumb":{"@id":"https:\/\/www.naturparkmagazin.de\/dahme-heideseen\/lange-naturwachtnacht-in-gross-schauen-am-17-august\/#breadcrumb"},"inLanguage":"de","potentialAction":[{"@type":"ReadAction","target":["https:\/\/www.naturparkmagazin.de\/dahme-heideseen\/lange-naturwachtnacht-in-gross-schauen-am-17-august\/"]}]},{"@type":"BreadcrumbList","@id":"https:\/\/www.naturparkmagazin.de\/dahme-heideseen\/lange-naturwachtnacht-in-gross-schauen-am-17-august\/#breadcrumb","itemListElement":[{"@type":"ListItem","position":1,"name":"Home","item":"https:\/\/www.naturparkmagazin.de\/dahme-heideseen\/"},{"@type":"ListItem","position":2,"name":"Lange Naturwachtnacht in Gro\u00df Schauen am 17. August"}]},{"@type":"WebSite","@id":"https:\/\/www.naturparkmagazin.de\/dahme-heideseen\/#website","url":"https:\/\/www.naturparkmagazin.de\/dahme-heideseen\/","name":"Naturpark Dahme-Heideseen","description":"","potentialAction":[{"@type":"SearchAction","target":{"@type":"EntryPoint","urlTemplate":"https:\/\/www.naturparkmagazin.de\/dahme-heideseen\/?s={search_term_string}"},"query-input":"required name=search_term_string"}],"inLanguage":"de"},{"@type":"Person","@id":"https:\/\/www.naturparkmagazin.de\/dahme-heideseen\/#\/schema\/person\/a0510aafafdf8183c95fc98faf0c9f21","name":"Astrid Osenbr\u00fcck","sameAs":["http:\/\/www.dahme-heideseen-naturpark.de"],"url":"https:\/\/www.naturparkmagazin.de\/dahme-heideseen\/author\/astridosenbrueck\/"}]}},"_links":{"self":[{"href":"https:\/\/www.naturparkmagazin.de\/dahme-heideseen\/wp-json\/wp\/v2\/posts\/2593"}],"collection":[{"href":"https:\/\/www.naturparkmagazin.de\/dahme-heideseen\/wp-json\/wp\/v2\/posts"}],"about":[{"href":"https:\/\/www.naturparkmagazin.de\/dahme-heideseen\/wp-json\/wp\/v2\/types\/post"}],"author":[{"embeddable":true,"href":"https:\/\/www.naturparkmagazin.de\/dahme-heideseen\/wp-json\/wp\/v2\/users\/83"}],"replies":[{"embeddable":true,"href":"https:\/\/www.naturparkmagazin.de\/dahme-heideseen\/wp-json\/wp\/v2\/comments?post=2593"}],"version-history":[{"count":7,"href":"https:\/\/www.naturparkmagazin.de\/dahme-heideseen\/wp-json\/wp\/v2\/posts\/2593\/revisions"}],"predecessor-version":[{"id":2638,"href":"https:\/\/www.naturparkmagazin.de\/dahme-heideseen\/wp-json\/wp\/v2\/posts\/2593\/revisions\/2638"}],"wp:featuredmedia":[{"embeddable":true,"href":"https:\/\/www.naturparkmagazin.de\/dahme-heideseen\/wp-json\/wp\/v2\/media\/2601"}],"wp:attachment":[{"href":"https:\/\/www.naturparkmagazin.de\/dahme-heideseen\/wp-json\/wp\/v2\/media?parent=2593"}],"wp:term":[{"taxonomy":"category","embeddable":true,"href":"https:\/\/www.naturparkmagazin.de\/dahme-heideseen\/wp-json\/wp\/v2\/categories?post=2593"},{"taxonomy":"post_tag","embeddable":true,"href":"https:\/\/www.naturparkmagazin.de\/dahme-heideseen\/wp-json\/wp\/v2\/tags?post=2593"}],"curies":[{"name":"wp","href":"https:\/\/api.w.org\/{rel}","templated":true}]}}