{"id":260,"date":"2013-11-27T10:23:30","date_gmt":"2013-11-27T08:23:30","guid":{"rendered":"http:\/\/www.naturparkmagazin.de\/dahme-heideseen\/?p=260"},"modified":"2013-12-18T14:52:36","modified_gmt":"2013-12-18T12:52:36","slug":"weihnachtsbaeume-im-dahmeland","status":"publish","type":"post","link":"https:\/\/www.naturparkmagazin.de\/dahme-heideseen\/weihnachtsbaeume-im-dahmeland\/","title":{"rendered":"Liebe Leser,"},"content":{"rendered":"<p>Wir sind im Dezember, wir sind in der Adventszeit. Das ist bekanntlich die\u00a0 Zeit der Besinnlichkeit vor dem Weihnachtsfest. Leider gibt es f\u00fcr die meisten von uns gerade in dieser Zeit keine Besinnlichkeit. So vieles muss noch vor dem Fest erledigt werden!\u00a0 Dazu geh\u00f6rt auch die Auswahl des richtigen Weihnachtsbaums. Diese Aufgabe k\u00f6nnen wir Ihnen leider nicht abnehmen.<\/p>\n<p>Wir k\u00f6nnen Ihnen nur Zeit w\u00fcnschen. Zeit, die Sie sich einfach nehmen! \u00a0Sei es vor, w\u00e4hrend oder nach dem Fest. Zeit, in der Sie die W\u00e4lder des Naturparks Dahme-Heideseen durchstreifen. Hier k\u00f6nnen Sie dann den einen oder anderen alten Baumriesen finden. Die markantesten sind als Naturdenkmal gesch\u00fctzt, wie die alte Kiefer bei Streganz. Sie ist ein eindrucksvoller Weihnachtsbaum, ganz ohne Lichter und bunte Kugeln.<\/p>\n<p>Viel Spa\u00df beim Lesen w\u00fcnscht Ihnen<\/p>\n<p>Hans Sonnenberg<\/p>\n","protected":false},"excerpt":{"rendered":"<p>Wir sind im Dezember, wir sind in der Adventszeit. Das ist bekanntlich die\u00a0 Zeit der Besinnlichkeit vor dem Weihnachtsfest. Leider gibt es f\u00fcr die meisten von uns gerade in dieser Zeit keine Besinnlichkeit. So vieles muss noch vor dem Fest erledigt werden!\u00a0 Dazu geh\u00f6rt auch die Auswahl des richtigen Weihnachtsbaums. Diese Aufgabe k\u00f6nnen wir Ihnen<\/p>\n","protected":false},"author":48,"featured_media":261,"comment_status":"open","ping_status":"open","sticky":false,"template":"","format":"standard","meta":[],"categories":[52],"tags":[],"yoast_head":"<!-- This site is optimized with the Yoast SEO plugin v19.10 - https:\/\/yoast.com\/wordpress\/plugins\/seo\/ -->\n<title>Liebe Leser, - Naturpark Dahme-Heideseen<\/title>\n<meta name=\"robots\" content=\"index, follow, max-snippet:-1, max-image-preview:large, max-video-preview:-1\" \/>\n<link rel=\"canonical\" href=\"https:\/\/www.naturparkmagazin.de\/dahme-heideseen\/weihnachtsbaeume-im-dahmeland\/\" \/>\n<meta property=\"og:locale\" content=\"de_DE\" \/>\n<meta property=\"og:type\" content=\"article\" \/>\n<meta property=\"og:title\" content=\"Liebe Leser, - Naturpark Dahme-Heideseen\" \/>\n<meta property=\"og:description\" content=\"Wir sind im Dezember, wir sind in der Adventszeit. Das ist bekanntlich die\u00a0 Zeit der Besinnlichkeit vor dem Weihnachtsfest. Leider gibt es f\u00fcr die meisten von uns gerade in dieser Zeit keine Besinnlichkeit. So vieles muss noch vor dem Fest erledigt werden!\u00a0 Dazu geh\u00f6rt auch die Auswahl des richtigen Weihnachtsbaums. Diese Aufgabe k\u00f6nnen wir Ihnen\" \/>\n<meta property=\"og:url\" content=\"https:\/\/www.naturparkmagazin.de\/dahme-heideseen\/weihnachtsbaeume-im-dahmeland\/\" \/>\n<meta property=\"og:site_name\" content=\"Naturpark Dahme-Heideseen\" \/>\n<meta property=\"article:published_time\" content=\"2013-11-27T08:23:30+00:00\" \/>\n<meta property=\"article:modified_time\" content=\"2013-12-18T12:52:36+00:00\" \/>\n<meta property=\"og:image\" content=\"https:\/\/www.naturparkmagazin.de\/dahme-heideseen\/wp-content\/uploads\/sites\/37\/DSC_0032.jpg\" \/>\n\t<meta property=\"og:image:width\" content=\"2506\" \/>\n\t<meta property=\"og:image:height\" content=\"1880\" \/>\n\t<meta property=\"og:image:type\" content=\"image\/jpeg\" \/>\n<meta name=\"author\" content=\"hanssonnenberg\" \/>\n<meta name=\"twitter:label1\" content=\"Verfasst von\" \/>\n\t<meta name=\"twitter:data1\" content=\"hanssonnenberg\" \/>\n\t<meta name=\"twitter:label2\" content=\"Gesch\u00e4tzte Lesezeit\" \/>\n\t<meta name=\"twitter:data2\" content=\"1\u00a0Minute\" \/>\n<script type=\"application\/ld+json\" class=\"yoast-schema-graph\">{\"@context\":\"https:\/\/schema.org\",\"@graph\":[{\"@type\":\"WebPage\",\"@id\":\"https:\/\/www.naturparkmagazin.de\/dahme-heideseen\/weihnachtsbaeume-im-dahmeland\/\",\"url\":\"https:\/\/www.naturparkmagazin.de\/dahme-heideseen\/weihnachtsbaeume-im-dahmeland\/\",\"name\":\"Liebe Leser, - Naturpark Dahme-Heideseen\",\"isPartOf\":{\"@id\":\"https:\/\/www.naturparkmagazin.de\/dahme-heideseen\/#website\"},\"datePublished\":\"2013-11-27T08:23:30+00:00\",\"dateModified\":\"2013-12-18T12:52:36+00:00\",\"author\":{\"@id\":\"https:\/\/www.naturparkmagazin.de\/dahme-heideseen\/#\/schema\/person\/c81c96c3a1f5ee7bffff8b8022c105f0\"},\"breadcrumb\":{\"@id\":\"https:\/\/www.naturparkmagazin.de\/dahme-heideseen\/weihnachtsbaeume-im-dahmeland\/#breadcrumb\"},\"inLanguage\":\"de\",\"potentialAction\":[{\"@type\":\"ReadAction\",\"target\":[\"https:\/\/www.naturparkmagazin.de\/dahme-heideseen\/weihnachtsbaeume-im-dahmeland\/\"]}]},{\"@type\":\"BreadcrumbList\",\"@id\":\"https:\/\/www.naturparkmagazin.de\/dahme-heideseen\/weihnachtsbaeume-im-dahmeland\/#breadcrumb\",\"itemListElement\":[{\"@type\":\"ListItem\",\"position\":1,\"name\":\"Home\",\"item\":\"https:\/\/www.naturparkmagazin.de\/dahme-heideseen\/\"},{\"@type\":\"ListItem\",\"position\":2,\"name\":\"Liebe Leser,\"}]},{\"@type\":\"WebSite\",\"@id\":\"https:\/\/www.naturparkmagazin.de\/dahme-heideseen\/#website\",\"url\":\"https:\/\/www.naturparkmagazin.de\/dahme-heideseen\/\",\"name\":\"Naturpark Dahme-Heideseen\",\"description\":\"\",\"potentialAction\":[{\"@type\":\"SearchAction\",\"target\":{\"@type\":\"EntryPoint\",\"urlTemplate\":\"https:\/\/www.naturparkmagazin.de\/dahme-heideseen\/?s={search_term_string}\"},\"query-input\":\"required name=search_term_string\"}],\"inLanguage\":\"de\"},{\"@type\":\"Person\",\"@id\":\"https:\/\/www.naturparkmagazin.de\/dahme-heideseen\/#\/schema\/person\/c81c96c3a1f5ee7bffff8b8022c105f0\",\"name\":\"hanssonnenberg\",\"url\":\"https:\/\/www.naturparkmagazin.de\/dahme-heideseen\/author\/hanssonnenberg\/\"}]}<\/script>\n<!-- \/ Yoast SEO plugin. -->","yoast_head_json":{"title":"Liebe Leser, - Naturpark Dahme-Heideseen","robots":{"index":"index","follow":"follow","max-snippet":"max-snippet:-1","max-image-preview":"max-image-preview:large","max-video-preview":"max-video-preview:-1"},"canonical":"https:\/\/www.naturparkmagazin.de\/dahme-heideseen\/weihnachtsbaeume-im-dahmeland\/","og_locale":"de_DE","og_type":"article","og_title":"Liebe Leser, - Naturpark Dahme-Heideseen","og_description":"Wir sind im Dezember, wir sind in der Adventszeit. Das ist bekanntlich die\u00a0 Zeit der Besinnlichkeit vor dem Weihnachtsfest. Leider gibt es f\u00fcr die meisten von uns gerade in dieser Zeit keine Besinnlichkeit. So vieles muss noch vor dem Fest erledigt werden!\u00a0 Dazu geh\u00f6rt auch die Auswahl des richtigen Weihnachtsbaums. Diese Aufgabe k\u00f6nnen wir Ihnen","og_url":"https:\/\/www.naturparkmagazin.de\/dahme-heideseen\/weihnachtsbaeume-im-dahmeland\/","og_site_name":"Naturpark Dahme-Heideseen","article_published_time":"2013-11-27T08:23:30+00:00","article_modified_time":"2013-12-18T12:52:36+00:00","og_image":[{"width":2506,"height":1880,"url":"https:\/\/www.naturparkmagazin.de\/dahme-heideseen\/wp-content\/uploads\/sites\/37\/DSC_0032.jpg","type":"image\/jpeg"}],"author":"hanssonnenberg","twitter_misc":{"Verfasst von":"hanssonnenberg","Gesch\u00e4tzte Lesezeit":"1\u00a0Minute"},"schema":{"@context":"https:\/\/schema.org","@graph":[{"@type":"WebPage","@id":"https:\/\/www.naturparkmagazin.de\/dahme-heideseen\/weihnachtsbaeume-im-dahmeland\/","url":"https:\/\/www.naturparkmagazin.de\/dahme-heideseen\/weihnachtsbaeume-im-dahmeland\/","name":"Liebe Leser, - Naturpark Dahme-Heideseen","isPartOf":{"@id":"https:\/\/www.naturparkmagazin.de\/dahme-heideseen\/#website"},"datePublished":"2013-11-27T08:23:30+00:00","dateModified":"2013-12-18T12:52:36+00:00","author":{"@id":"https:\/\/www.naturparkmagazin.de\/dahme-heideseen\/#\/schema\/person\/c81c96c3a1f5ee7bffff8b8022c105f0"},"breadcrumb":{"@id":"https:\/\/www.naturparkmagazin.de\/dahme-heideseen\/weihnachtsbaeume-im-dahmeland\/#breadcrumb"},"inLanguage":"de","potentialAction":[{"@type":"ReadAction","target":["https:\/\/www.naturparkmagazin.de\/dahme-heideseen\/weihnachtsbaeume-im-dahmeland\/"]}]},{"@type":"BreadcrumbList","@id":"https:\/\/www.naturparkmagazin.de\/dahme-heideseen\/weihnachtsbaeume-im-dahmeland\/#breadcrumb","itemListElement":[{"@type":"ListItem","position":1,"name":"Home","item":"https:\/\/www.naturparkmagazin.de\/dahme-heideseen\/"},{"@type":"ListItem","position":2,"name":"Liebe Leser,"}]},{"@type":"WebSite","@id":"https:\/\/www.naturparkmagazin.de\/dahme-heideseen\/#website","url":"https:\/\/www.naturparkmagazin.de\/dahme-heideseen\/","name":"Naturpark Dahme-Heideseen","description":"","potentialAction":[{"@type":"SearchAction","target":{"@type":"EntryPoint","urlTemplate":"https:\/\/www.naturparkmagazin.de\/dahme-heideseen\/?s={search_term_string}"},"query-input":"required name=search_term_string"}],"inLanguage":"de"},{"@type":"Person","@id":"https:\/\/www.naturparkmagazin.de\/dahme-heideseen\/#\/schema\/person\/c81c96c3a1f5ee7bffff8b8022c105f0","name":"hanssonnenberg","url":"https:\/\/www.naturparkmagazin.de\/dahme-heideseen\/author\/hanssonnenberg\/"}]}},"_links":{"self":[{"href":"https:\/\/www.naturparkmagazin.de\/dahme-heideseen\/wp-json\/wp\/v2\/posts\/260"}],"collection":[{"href":"https:\/\/www.naturparkmagazin.de\/dahme-heideseen\/wp-json\/wp\/v2\/posts"}],"about":[{"href":"https:\/\/www.naturparkmagazin.de\/dahme-heideseen\/wp-json\/wp\/v2\/types\/post"}],"author":[{"embeddable":true,"href":"https:\/\/www.naturparkmagazin.de\/dahme-heideseen\/wp-json\/wp\/v2\/users\/48"}],"replies":[{"embeddable":true,"href":"https:\/\/www.naturparkmagazin.de\/dahme-heideseen\/wp-json\/wp\/v2\/comments?post=260"}],"version-history":[{"count":4,"href":"https:\/\/www.naturparkmagazin.de\/dahme-heideseen\/wp-json\/wp\/v2\/posts\/260\/revisions"}],"predecessor-version":[{"id":275,"href":"https:\/\/www.naturparkmagazin.de\/dahme-heideseen\/wp-json\/wp\/v2\/posts\/260\/revisions\/275"}],"wp:featuredmedia":[{"embeddable":true,"href":"https:\/\/www.naturparkmagazin.de\/dahme-heideseen\/wp-json\/wp\/v2\/media\/261"}],"wp:attachment":[{"href":"https:\/\/www.naturparkmagazin.de\/dahme-heideseen\/wp-json\/wp\/v2\/media?parent=260"}],"wp:term":[{"taxonomy":"category","embeddable":true,"href":"https:\/\/www.naturparkmagazin.de\/dahme-heideseen\/wp-json\/wp\/v2\/categories?post=260"},{"taxonomy":"post_tag","embeddable":true,"href":"https:\/\/www.naturparkmagazin.de\/dahme-heideseen\/wp-json\/wp\/v2\/tags?post=260"}],"curies":[{"name":"wp","href":"https:\/\/api.w.org\/{rel}","templated":true}]}}