{"id":2603,"date":"2018-07-20T11:40:18","date_gmt":"2018-07-20T09:40:18","guid":{"rendered":"https:\/\/www.naturparkmagazin.de\/dahme-heideseen\/?p=2603"},"modified":"2018-07-25T09:52:21","modified_gmt":"2018-07-25T07:52:21","slug":"ausstellungseroeffnung-im-naturkundemuseum-potsdam","status":"publish","type":"post","link":"https:\/\/www.naturparkmagazin.de\/dahme-heideseen\/ausstellungseroeffnung-im-naturkundemuseum-potsdam\/","title":{"rendered":"Ausstellungser\u00f6ffnung &#8222;Vom Gl\u00fcck die Natur zu entdecken&#8220; im Naturkundemuseum Potsdam"},"content":{"rendered":"<p>Der Naturpark Dahme-Heideseen feiert dieses Jahr sein 20j\u00e4hriges Bestehen. Anl\u00e4sslich dieses Jubil\u00e4ums pr\u00e4sentiert sich der Naturpark mit der Sonderausstellung &#8222;Vom Gl\u00fcck, die Natur zu entdecken&#8220; im Naturkundemuseum Potsdam.<\/p>\n<p>Die Ausstellung\u00a0 dreht sich um das Leben und Wirken von Walter Kirsche. Walter Kirsche (1920-2008) war ein vielseitig interessierter und engagierter Mediziner, dessen besonderes Anliegen die Erforschung und der Schutz der heimischen Lebensvielfalt war. Er hinterl\u00e4sst ein reiches geistiges Erbe, dem sich Mediziner und Biologen, Pal\u00e4ontologen und Historiker, Natur- und Kunstfreunde, Denkmalpfleger und Umweltsch\u00fctzer verpflichtet f\u00fchlen.<\/p>\n<p>Neben spannenden naturkundlichen Funde Kirsches werden die heutigen Naturerlebnisbereiche des Naturparks dargestellt und erlebbar gemacht.<\/p>\n<p>Er\u00f6ffnet wird die Ausstellung am 1. September um 12Uhr. Besucher k\u00f6nnen sich bis zum 25. August 2019 \u00fcber Ausstellungsst\u00fccke und Infotafeln in der Treppenhausgalerie des Naturkundemuseums freuen.<\/p>\n<p><a href=\"https:\/\/www.naturparkmagazin.de\/dahme-heideseen\/wp-content\/uploads\/sites\/37\/Flyer-Dahme-Heideseen-WEB.jpg\"><img decoding=\"async\" loading=\"lazy\" class=\"alignnone size-medium wp-image-2604\" src=\"https:\/\/www.naturparkmagazin.de\/dahme-heideseen\/wp-content\/uploads\/sites\/37\/Flyer-Dahme-Heideseen-WEB-620x1329.jpg\" alt=\"Flyer Dahme-Heideseen WEB\" width=\"620\" height=\"1329\" \/><\/a><\/p>\n<p><a href=\"https:\/\/www.naturparkmagazin.de\/dahme-heideseen\/wp-content\/uploads\/sites\/37\/Flyer-Dahme-Heideseen-WEB-2.jpg\"><img decoding=\"async\" loading=\"lazy\" class=\"alignnone size-medium wp-image-2605\" src=\"https:\/\/www.naturparkmagazin.de\/dahme-heideseen\/wp-content\/uploads\/sites\/37\/Flyer-Dahme-Heideseen-WEB-2-620x1329.jpg\" alt=\"Flyer Dahme-Heideseen WEB-2\" width=\"620\" height=\"1329\" srcset=\"https:\/\/www.naturparkmagazin.de\/dahme-heideseen\/wp-content\/uploads\/sites\/37\/Flyer-Dahme-Heideseen-WEB-2-620x1329.jpg 620w, https:\/\/www.naturparkmagazin.de\/dahme-heideseen\/wp-content\/uploads\/sites\/37\/Flyer-Dahme-Heideseen-WEB-2-300x643.jpg 300w, https:\/\/www.naturparkmagazin.de\/dahme-heideseen\/wp-content\/uploads\/sites\/37\/Flyer-Dahme-Heideseen-WEB-2-940x2015.jpg 940w, https:\/\/www.naturparkmagazin.de\/dahme-heideseen\/wp-content\/uploads\/sites\/37\/Flyer-Dahme-Heideseen-WEB-2-670x1436.jpg 670w, https:\/\/www.naturparkmagazin.de\/dahme-heideseen\/wp-content\/uploads\/sites\/37\/Flyer-Dahme-Heideseen-WEB-2-200x429.jpg 200w, https:\/\/www.naturparkmagazin.de\/dahme-heideseen\/wp-content\/uploads\/sites\/37\/Flyer-Dahme-Heideseen-WEB-2.jpg 1157w\" sizes=\"(max-width: 620px) 100vw, 620px\" \/><\/a><\/p>\n","protected":false},"excerpt":{"rendered":"<p>Der Naturpark Dahme-Heideseen feiert dieses Jahr sein 20j\u00e4hriges Bestehen. Anl\u00e4sslich dieses Jubil\u00e4ums pr\u00e4sentiert sich der Naturpark mit der Sonderausstellung &#8222;Vom Gl\u00fcck, die Natur zu entdecken&#8220; im Naturkundemuseum Potsdam.<\/p>\n","protected":false},"author":83,"featured_media":2637,"comment_status":"open","ping_status":"open","sticky":false,"template":"","format":"standard","meta":[],"categories":[7],"tags":[1069],"yoast_head":"<!-- This site is optimized with the Yoast SEO plugin v19.10 - https:\/\/yoast.com\/wordpress\/plugins\/seo\/ -->\n<title>Ausstellungser\u00f6ffnung &quot;Vom Gl\u00fcck die Natur zu entdecken&quot; im Naturkundemuseum Potsdam - Naturpark Dahme-Heideseen<\/title>\n<meta name=\"robots\" content=\"index, follow, max-snippet:-1, max-image-preview:large, max-video-preview:-1\" \/>\n<link rel=\"canonical\" href=\"https:\/\/www.naturparkmagazin.de\/dahme-heideseen\/ausstellungseroeffnung-im-naturkundemuseum-potsdam\/\" \/>\n<meta property=\"og:locale\" content=\"de_DE\" \/>\n<meta property=\"og:type\" content=\"article\" \/>\n<meta property=\"og:title\" content=\"Ausstellungser\u00f6ffnung &quot;Vom Gl\u00fcck die Natur zu entdecken&quot; im Naturkundemuseum Potsdam - Naturpark Dahme-Heideseen\" \/>\n<meta property=\"og:description\" content=\"Der Naturpark Dahme-Heideseen feiert dieses Jahr sein 20j\u00e4hriges Bestehen. Anl\u00e4sslich dieses Jubil\u00e4ums pr\u00e4sentiert sich der Naturpark mit der Sonderausstellung &quot;Vom Gl\u00fcck, die Natur zu entdecken&quot; im Naturkundemuseum Potsdam.\" \/>\n<meta property=\"og:url\" content=\"https:\/\/www.naturparkmagazin.de\/dahme-heideseen\/ausstellungseroeffnung-im-naturkundemuseum-potsdam\/\" \/>\n<meta property=\"og:site_name\" content=\"Naturpark Dahme-Heideseen\" \/>\n<meta property=\"article:published_time\" content=\"2018-07-20T09:40:18+00:00\" \/>\n<meta property=\"article:modified_time\" content=\"2018-07-25T07:52:21+00:00\" \/>\n<meta property=\"og:image\" content=\"https:\/\/www.naturparkmagazin.de\/dahme-heideseen\/wp-content\/uploads\/sites\/37\/admin-ajax.phpbf_.jpg\" \/>\n\t<meta property=\"og:image:width\" content=\"200\" \/>\n\t<meta property=\"og:image:height\" content=\"200\" \/>\n\t<meta property=\"og:image:type\" content=\"image\/jpeg\" \/>\n<meta name=\"author\" content=\"Astrid Osenbr\u00fcck\" \/>\n<meta name=\"twitter:label1\" content=\"Verfasst von\" \/>\n\t<meta name=\"twitter:data1\" content=\"Astrid Osenbr\u00fcck\" \/>\n\t<meta name=\"twitter:label2\" content=\"Gesch\u00e4tzte Lesezeit\" \/>\n\t<meta name=\"twitter:data2\" content=\"1\u00a0Minute\" \/>\n<script type=\"application\/ld+json\" class=\"yoast-schema-graph\">{\"@context\":\"https:\/\/schema.org\",\"@graph\":[{\"@type\":\"WebPage\",\"@id\":\"https:\/\/www.naturparkmagazin.de\/dahme-heideseen\/ausstellungseroeffnung-im-naturkundemuseum-potsdam\/\",\"url\":\"https:\/\/www.naturparkmagazin.de\/dahme-heideseen\/ausstellungseroeffnung-im-naturkundemuseum-potsdam\/\",\"name\":\"Ausstellungser\u00f6ffnung \\\"Vom Gl\u00fcck die Natur zu entdecken\\\" im Naturkundemuseum Potsdam - Naturpark Dahme-Heideseen\",\"isPartOf\":{\"@id\":\"https:\/\/www.naturparkmagazin.de\/dahme-heideseen\/#website\"},\"datePublished\":\"2018-07-20T09:40:18+00:00\",\"dateModified\":\"2018-07-25T07:52:21+00:00\",\"author\":{\"@id\":\"https:\/\/www.naturparkmagazin.de\/dahme-heideseen\/#\/schema\/person\/a0510aafafdf8183c95fc98faf0c9f21\"},\"breadcrumb\":{\"@id\":\"https:\/\/www.naturparkmagazin.de\/dahme-heideseen\/ausstellungseroeffnung-im-naturkundemuseum-potsdam\/#breadcrumb\"},\"inLanguage\":\"de\",\"potentialAction\":[{\"@type\":\"ReadAction\",\"target\":[\"https:\/\/www.naturparkmagazin.de\/dahme-heideseen\/ausstellungseroeffnung-im-naturkundemuseum-potsdam\/\"]}]},{\"@type\":\"BreadcrumbList\",\"@id\":\"https:\/\/www.naturparkmagazin.de\/dahme-heideseen\/ausstellungseroeffnung-im-naturkundemuseum-potsdam\/#breadcrumb\",\"itemListElement\":[{\"@type\":\"ListItem\",\"position\":1,\"name\":\"Home\",\"item\":\"https:\/\/www.naturparkmagazin.de\/dahme-heideseen\/\"},{\"@type\":\"ListItem\",\"position\":2,\"name\":\"Ausstellungser\u00f6ffnung &#8222;Vom Gl\u00fcck die Natur zu entdecken&#8220; im Naturkundemuseum Potsdam\"}]},{\"@type\":\"WebSite\",\"@id\":\"https:\/\/www.naturparkmagazin.de\/dahme-heideseen\/#website\",\"url\":\"https:\/\/www.naturparkmagazin.de\/dahme-heideseen\/\",\"name\":\"Naturpark Dahme-Heideseen\",\"description\":\"\",\"potentialAction\":[{\"@type\":\"SearchAction\",\"target\":{\"@type\":\"EntryPoint\",\"urlTemplate\":\"https:\/\/www.naturparkmagazin.de\/dahme-heideseen\/?s={search_term_string}\"},\"query-input\":\"required name=search_term_string\"}],\"inLanguage\":\"de\"},{\"@type\":\"Person\",\"@id\":\"https:\/\/www.naturparkmagazin.de\/dahme-heideseen\/#\/schema\/person\/a0510aafafdf8183c95fc98faf0c9f21\",\"name\":\"Astrid Osenbr\u00fcck\",\"sameAs\":[\"http:\/\/www.dahme-heideseen-naturpark.de\"],\"url\":\"https:\/\/www.naturparkmagazin.de\/dahme-heideseen\/author\/astridosenbrueck\/\"}]}<\/script>\n<!-- \/ Yoast SEO plugin. -->","yoast_head_json":{"title":"Ausstellungser\u00f6ffnung \"Vom Gl\u00fcck die Natur zu entdecken\" im Naturkundemuseum Potsdam - Naturpark Dahme-Heideseen","robots":{"index":"index","follow":"follow","max-snippet":"max-snippet:-1","max-image-preview":"max-image-preview:large","max-video-preview":"max-video-preview:-1"},"canonical":"https:\/\/www.naturparkmagazin.de\/dahme-heideseen\/ausstellungseroeffnung-im-naturkundemuseum-potsdam\/","og_locale":"de_DE","og_type":"article","og_title":"Ausstellungser\u00f6ffnung \"Vom Gl\u00fcck die Natur zu entdecken\" im Naturkundemuseum Potsdam - Naturpark Dahme-Heideseen","og_description":"Der Naturpark Dahme-Heideseen feiert dieses Jahr sein 20j\u00e4hriges Bestehen. Anl\u00e4sslich dieses Jubil\u00e4ums pr\u00e4sentiert sich der Naturpark mit der Sonderausstellung \"Vom Gl\u00fcck, die Natur zu entdecken\" im Naturkundemuseum Potsdam.","og_url":"https:\/\/www.naturparkmagazin.de\/dahme-heideseen\/ausstellungseroeffnung-im-naturkundemuseum-potsdam\/","og_site_name":"Naturpark Dahme-Heideseen","article_published_time":"2018-07-20T09:40:18+00:00","article_modified_time":"2018-07-25T07:52:21+00:00","og_image":[{"width":200,"height":200,"url":"https:\/\/www.naturparkmagazin.de\/dahme-heideseen\/wp-content\/uploads\/sites\/37\/admin-ajax.phpbf_.jpg","type":"image\/jpeg"}],"author":"Astrid Osenbr\u00fcck","twitter_misc":{"Verfasst von":"Astrid Osenbr\u00fcck","Gesch\u00e4tzte Lesezeit":"1\u00a0Minute"},"schema":{"@context":"https:\/\/schema.org","@graph":[{"@type":"WebPage","@id":"https:\/\/www.naturparkmagazin.de\/dahme-heideseen\/ausstellungseroeffnung-im-naturkundemuseum-potsdam\/","url":"https:\/\/www.naturparkmagazin.de\/dahme-heideseen\/ausstellungseroeffnung-im-naturkundemuseum-potsdam\/","name":"Ausstellungser\u00f6ffnung \"Vom Gl\u00fcck die Natur zu entdecken\" im Naturkundemuseum Potsdam - Naturpark Dahme-Heideseen","isPartOf":{"@id":"https:\/\/www.naturparkmagazin.de\/dahme-heideseen\/#website"},"datePublished":"2018-07-20T09:40:18+00:00","dateModified":"2018-07-25T07:52:21+00:00","author":{"@id":"https:\/\/www.naturparkmagazin.de\/dahme-heideseen\/#\/schema\/person\/a0510aafafdf8183c95fc98faf0c9f21"},"breadcrumb":{"@id":"https:\/\/www.naturparkmagazin.de\/dahme-heideseen\/ausstellungseroeffnung-im-naturkundemuseum-potsdam\/#breadcrumb"},"inLanguage":"de","potentialAction":[{"@type":"ReadAction","target":["https:\/\/www.naturparkmagazin.de\/dahme-heideseen\/ausstellungseroeffnung-im-naturkundemuseum-potsdam\/"]}]},{"@type":"BreadcrumbList","@id":"https:\/\/www.naturparkmagazin.de\/dahme-heideseen\/ausstellungseroeffnung-im-naturkundemuseum-potsdam\/#breadcrumb","itemListElement":[{"@type":"ListItem","position":1,"name":"Home","item":"https:\/\/www.naturparkmagazin.de\/dahme-heideseen\/"},{"@type":"ListItem","position":2,"name":"Ausstellungser\u00f6ffnung &#8222;Vom Gl\u00fcck die Natur zu entdecken&#8220; im Naturkundemuseum Potsdam"}]},{"@type":"WebSite","@id":"https:\/\/www.naturparkmagazin.de\/dahme-heideseen\/#website","url":"https:\/\/www.naturparkmagazin.de\/dahme-heideseen\/","name":"Naturpark Dahme-Heideseen","description":"","potentialAction":[{"@type":"SearchAction","target":{"@type":"EntryPoint","urlTemplate":"https:\/\/www.naturparkmagazin.de\/dahme-heideseen\/?s={search_term_string}"},"query-input":"required name=search_term_string"}],"inLanguage":"de"},{"@type":"Person","@id":"https:\/\/www.naturparkmagazin.de\/dahme-heideseen\/#\/schema\/person\/a0510aafafdf8183c95fc98faf0c9f21","name":"Astrid Osenbr\u00fcck","sameAs":["http:\/\/www.dahme-heideseen-naturpark.de"],"url":"https:\/\/www.naturparkmagazin.de\/dahme-heideseen\/author\/astridosenbrueck\/"}]}},"_links":{"self":[{"href":"https:\/\/www.naturparkmagazin.de\/dahme-heideseen\/wp-json\/wp\/v2\/posts\/2603"}],"collection":[{"href":"https:\/\/www.naturparkmagazin.de\/dahme-heideseen\/wp-json\/wp\/v2\/posts"}],"about":[{"href":"https:\/\/www.naturparkmagazin.de\/dahme-heideseen\/wp-json\/wp\/v2\/types\/post"}],"author":[{"embeddable":true,"href":"https:\/\/www.naturparkmagazin.de\/dahme-heideseen\/wp-json\/wp\/v2\/users\/83"}],"replies":[{"embeddable":true,"href":"https:\/\/www.naturparkmagazin.de\/dahme-heideseen\/wp-json\/wp\/v2\/comments?post=2603"}],"version-history":[{"count":7,"href":"https:\/\/www.naturparkmagazin.de\/dahme-heideseen\/wp-json\/wp\/v2\/posts\/2603\/revisions"}],"predecessor-version":[{"id":2621,"href":"https:\/\/www.naturparkmagazin.de\/dahme-heideseen\/wp-json\/wp\/v2\/posts\/2603\/revisions\/2621"}],"wp:featuredmedia":[{"embeddable":true,"href":"https:\/\/www.naturparkmagazin.de\/dahme-heideseen\/wp-json\/wp\/v2\/media\/2637"}],"wp:attachment":[{"href":"https:\/\/www.naturparkmagazin.de\/dahme-heideseen\/wp-json\/wp\/v2\/media?parent=2603"}],"wp:term":[{"taxonomy":"category","embeddable":true,"href":"https:\/\/www.naturparkmagazin.de\/dahme-heideseen\/wp-json\/wp\/v2\/categories?post=2603"},{"taxonomy":"post_tag","embeddable":true,"href":"https:\/\/www.naturparkmagazin.de\/dahme-heideseen\/wp-json\/wp\/v2\/tags?post=2603"}],"curies":[{"name":"wp","href":"https:\/\/api.w.org\/{rel}","templated":true}]}}