{"id":2624,"date":"2018-07-20T12:13:58","date_gmt":"2018-07-20T10:13:58","guid":{"rendered":"https:\/\/www.naturparkmagazin.de\/dahme-heideseen\/?p=2624"},"modified":"2018-07-20T12:13:58","modified_gmt":"2018-07-20T10:13:58","slug":"kultur-trifft-natur","status":"publish","type":"post","link":"https:\/\/www.naturparkmagazin.de\/dahme-heideseen\/kultur-trifft-natur\/","title":{"rendered":"Kultur trifft Natur"},"content":{"rendered":"<p>Unter dem Motto &#8222;Kultur trifft Natur&#8220; organisieren der Kulturbund Dahme-Spreewald und die Volkshochschule die Auftaktveranstaltung zu den Tagen der offenen G\u00e4rten in der Region am 17. August 2018. Das geplante Programm ist abwechslungsreich und beginnt am sp\u00e4ten Nachmittag mit Gartenf\u00fchrungen und -erkl\u00e4rungen. In dem Schau- und Erholungsgarten gibt es \u00fcberall etwas zu entdecken. Der Teilnehmer erf\u00e4hrt ein St\u00fcck Umweltbildung und bekommt Anregungen zum nachhaltigen G\u00e4rtnern fast nebenbei.\nDas Highlight des Abends ist ab 19 Uhr das virtuose Gitarrenspiel der Br\u00fcder Tobias und Simon Tulenz aus Krausnick. Mit klassischen St\u00fccken und Eigenkompositionen bewegen sie sich sicher zwischen Latin, Swing und Klassik. F\u00fcr die Entdecker unter den Besuchern werden im Garten verschiedene Kunstobjekte aus Glas und Keramik zu finden sein. Die K\u00fcnstlerin Konstanze Weidhaas pr\u00e4sentiert ihre Werke im Gr\u00fcn des Gartens. Sonnen- und Schattenspiele lassen die Glasobjekte funkeln und in den sich \u00e4ndernden Lichtstimmungen fast lebendig erscheinen. Bereits im Vorfeld der Veranstaltung suchten die Veranstalter unter dem Titel &#8222;Der Regenwurm ist immer der G\u00e4rtner&#8220; Mitmacher die ihr Lieblingsgartenbuch vorstellen wollen. Im Programm am 17. August werden ab 16.30 Uhr einige ausgew\u00e4hlte Geschichten durch die Einreicher und Einreicherinnen selbst vorgelesen.Neben diesem vielseitigen Programm k\u00f6nnen die Besucher sich entspannen und auch f\u00fcr ihr k\u00f6rperliches Wohl Sorge tragen. Im Biogarten werden Getr\u00e4nke und Gegrilltes sowie Kaffee und Kuchen angeboten.<\/p>\n<p>Karten k\u00f6nnen im Vorverkauf im Musikladen Brusgatis und in der Stadtbuchhandlung Radwer in K\u00f6nigs Wusterhausen sowie im Biogarten und im Heimathaus Prieros erworben werden. Die Karte kostet 12,- Euro.<\/p>\n","protected":false},"excerpt":{"rendered":"<p>Der Auftakt zu den Tagen der offenen G\u00e4rten findet bereits am 17. August im Biogarten Prieros statt. <\/p>\n","protected":false},"author":83,"featured_media":2626,"comment_status":"open","ping_status":"open","sticky":false,"template":"","format":"standard","meta":[],"categories":[11],"tags":[1069],"yoast_head":"<!-- This site is optimized with the Yoast SEO plugin v19.10 - https:\/\/yoast.com\/wordpress\/plugins\/seo\/ -->\n<title>Kultur trifft Natur - Naturpark Dahme-Heideseen<\/title>\n<meta name=\"robots\" content=\"index, follow, max-snippet:-1, max-image-preview:large, max-video-preview:-1\" \/>\n<link rel=\"canonical\" href=\"https:\/\/www.naturparkmagazin.de\/dahme-heideseen\/kultur-trifft-natur\/\" \/>\n<meta property=\"og:locale\" content=\"de_DE\" \/>\n<meta property=\"og:type\" content=\"article\" \/>\n<meta property=\"og:title\" content=\"Kultur trifft Natur - Naturpark Dahme-Heideseen\" \/>\n<meta property=\"og:description\" content=\"Der Auftakt zu den Tagen der offenen G\u00e4rten findet bereits am 17. August im Biogarten Prieros statt.\" \/>\n<meta property=\"og:url\" content=\"https:\/\/www.naturparkmagazin.de\/dahme-heideseen\/kultur-trifft-natur\/\" \/>\n<meta property=\"og:site_name\" content=\"Naturpark Dahme-Heideseen\" \/>\n<meta property=\"article:published_time\" content=\"2018-07-20T10:13:58+00:00\" \/>\n<meta property=\"og:image\" content=\"https:\/\/www.naturparkmagazin.de\/dahme-heideseen\/wp-content\/uploads\/sites\/37\/Biogarten.jpg\" \/>\n\t<meta property=\"og:image:width\" content=\"1024\" \/>\n\t<meta property=\"og:image:height\" content=\"768\" \/>\n\t<meta property=\"og:image:type\" content=\"image\/jpeg\" \/>\n<meta name=\"author\" content=\"Astrid Osenbr\u00fcck\" \/>\n<meta name=\"twitter:label1\" content=\"Verfasst von\" \/>\n\t<meta name=\"twitter:data1\" content=\"Astrid Osenbr\u00fcck\" \/>\n\t<meta name=\"twitter:label2\" content=\"Gesch\u00e4tzte Lesezeit\" \/>\n\t<meta name=\"twitter:data2\" content=\"1\u00a0Minute\" \/>\n<script type=\"application\/ld+json\" class=\"yoast-schema-graph\">{\"@context\":\"https:\/\/schema.org\",\"@graph\":[{\"@type\":\"WebPage\",\"@id\":\"https:\/\/www.naturparkmagazin.de\/dahme-heideseen\/kultur-trifft-natur\/\",\"url\":\"https:\/\/www.naturparkmagazin.de\/dahme-heideseen\/kultur-trifft-natur\/\",\"name\":\"Kultur trifft Natur - Naturpark Dahme-Heideseen\",\"isPartOf\":{\"@id\":\"https:\/\/www.naturparkmagazin.de\/dahme-heideseen\/#website\"},\"datePublished\":\"2018-07-20T10:13:58+00:00\",\"dateModified\":\"2018-07-20T10:13:58+00:00\",\"author\":{\"@id\":\"https:\/\/www.naturparkmagazin.de\/dahme-heideseen\/#\/schema\/person\/a0510aafafdf8183c95fc98faf0c9f21\"},\"breadcrumb\":{\"@id\":\"https:\/\/www.naturparkmagazin.de\/dahme-heideseen\/kultur-trifft-natur\/#breadcrumb\"},\"inLanguage\":\"de\",\"potentialAction\":[{\"@type\":\"ReadAction\",\"target\":[\"https:\/\/www.naturparkmagazin.de\/dahme-heideseen\/kultur-trifft-natur\/\"]}]},{\"@type\":\"BreadcrumbList\",\"@id\":\"https:\/\/www.naturparkmagazin.de\/dahme-heideseen\/kultur-trifft-natur\/#breadcrumb\",\"itemListElement\":[{\"@type\":\"ListItem\",\"position\":1,\"name\":\"Home\",\"item\":\"https:\/\/www.naturparkmagazin.de\/dahme-heideseen\/\"},{\"@type\":\"ListItem\",\"position\":2,\"name\":\"Kultur trifft Natur\"}]},{\"@type\":\"WebSite\",\"@id\":\"https:\/\/www.naturparkmagazin.de\/dahme-heideseen\/#website\",\"url\":\"https:\/\/www.naturparkmagazin.de\/dahme-heideseen\/\",\"name\":\"Naturpark Dahme-Heideseen\",\"description\":\"\",\"potentialAction\":[{\"@type\":\"SearchAction\",\"target\":{\"@type\":\"EntryPoint\",\"urlTemplate\":\"https:\/\/www.naturparkmagazin.de\/dahme-heideseen\/?s={search_term_string}\"},\"query-input\":\"required name=search_term_string\"}],\"inLanguage\":\"de\"},{\"@type\":\"Person\",\"@id\":\"https:\/\/www.naturparkmagazin.de\/dahme-heideseen\/#\/schema\/person\/a0510aafafdf8183c95fc98faf0c9f21\",\"name\":\"Astrid Osenbr\u00fcck\",\"sameAs\":[\"http:\/\/www.dahme-heideseen-naturpark.de\"],\"url\":\"https:\/\/www.naturparkmagazin.de\/dahme-heideseen\/author\/astridosenbrueck\/\"}]}<\/script>\n<!-- \/ Yoast SEO plugin. -->","yoast_head_json":{"title":"Kultur trifft Natur - Naturpark Dahme-Heideseen","robots":{"index":"index","follow":"follow","max-snippet":"max-snippet:-1","max-image-preview":"max-image-preview:large","max-video-preview":"max-video-preview:-1"},"canonical":"https:\/\/www.naturparkmagazin.de\/dahme-heideseen\/kultur-trifft-natur\/","og_locale":"de_DE","og_type":"article","og_title":"Kultur trifft Natur - Naturpark Dahme-Heideseen","og_description":"Der Auftakt zu den Tagen der offenen G\u00e4rten findet bereits am 17. August im Biogarten Prieros statt.","og_url":"https:\/\/www.naturparkmagazin.de\/dahme-heideseen\/kultur-trifft-natur\/","og_site_name":"Naturpark Dahme-Heideseen","article_published_time":"2018-07-20T10:13:58+00:00","og_image":[{"width":1024,"height":768,"url":"https:\/\/www.naturparkmagazin.de\/dahme-heideseen\/wp-content\/uploads\/sites\/37\/Biogarten.jpg","type":"image\/jpeg"}],"author":"Astrid Osenbr\u00fcck","twitter_misc":{"Verfasst von":"Astrid Osenbr\u00fcck","Gesch\u00e4tzte Lesezeit":"1\u00a0Minute"},"schema":{"@context":"https:\/\/schema.org","@graph":[{"@type":"WebPage","@id":"https:\/\/www.naturparkmagazin.de\/dahme-heideseen\/kultur-trifft-natur\/","url":"https:\/\/www.naturparkmagazin.de\/dahme-heideseen\/kultur-trifft-natur\/","name":"Kultur trifft Natur - Naturpark Dahme-Heideseen","isPartOf":{"@id":"https:\/\/www.naturparkmagazin.de\/dahme-heideseen\/#website"},"datePublished":"2018-07-20T10:13:58+00:00","dateModified":"2018-07-20T10:13:58+00:00","author":{"@id":"https:\/\/www.naturparkmagazin.de\/dahme-heideseen\/#\/schema\/person\/a0510aafafdf8183c95fc98faf0c9f21"},"breadcrumb":{"@id":"https:\/\/www.naturparkmagazin.de\/dahme-heideseen\/kultur-trifft-natur\/#breadcrumb"},"inLanguage":"de","potentialAction":[{"@type":"ReadAction","target":["https:\/\/www.naturparkmagazin.de\/dahme-heideseen\/kultur-trifft-natur\/"]}]},{"@type":"BreadcrumbList","@id":"https:\/\/www.naturparkmagazin.de\/dahme-heideseen\/kultur-trifft-natur\/#breadcrumb","itemListElement":[{"@type":"ListItem","position":1,"name":"Home","item":"https:\/\/www.naturparkmagazin.de\/dahme-heideseen\/"},{"@type":"ListItem","position":2,"name":"Kultur trifft Natur"}]},{"@type":"WebSite","@id":"https:\/\/www.naturparkmagazin.de\/dahme-heideseen\/#website","url":"https:\/\/www.naturparkmagazin.de\/dahme-heideseen\/","name":"Naturpark Dahme-Heideseen","description":"","potentialAction":[{"@type":"SearchAction","target":{"@type":"EntryPoint","urlTemplate":"https:\/\/www.naturparkmagazin.de\/dahme-heideseen\/?s={search_term_string}"},"query-input":"required name=search_term_string"}],"inLanguage":"de"},{"@type":"Person","@id":"https:\/\/www.naturparkmagazin.de\/dahme-heideseen\/#\/schema\/person\/a0510aafafdf8183c95fc98faf0c9f21","name":"Astrid Osenbr\u00fcck","sameAs":["http:\/\/www.dahme-heideseen-naturpark.de"],"url":"https:\/\/www.naturparkmagazin.de\/dahme-heideseen\/author\/astridosenbrueck\/"}]}},"_links":{"self":[{"href":"https:\/\/www.naturparkmagazin.de\/dahme-heideseen\/wp-json\/wp\/v2\/posts\/2624"}],"collection":[{"href":"https:\/\/www.naturparkmagazin.de\/dahme-heideseen\/wp-json\/wp\/v2\/posts"}],"about":[{"href":"https:\/\/www.naturparkmagazin.de\/dahme-heideseen\/wp-json\/wp\/v2\/types\/post"}],"author":[{"embeddable":true,"href":"https:\/\/www.naturparkmagazin.de\/dahme-heideseen\/wp-json\/wp\/v2\/users\/83"}],"replies":[{"embeddable":true,"href":"https:\/\/www.naturparkmagazin.de\/dahme-heideseen\/wp-json\/wp\/v2\/comments?post=2624"}],"version-history":[{"count":1,"href":"https:\/\/www.naturparkmagazin.de\/dahme-heideseen\/wp-json\/wp\/v2\/posts\/2624\/revisions"}],"predecessor-version":[{"id":2627,"href":"https:\/\/www.naturparkmagazin.de\/dahme-heideseen\/wp-json\/wp\/v2\/posts\/2624\/revisions\/2627"}],"wp:featuredmedia":[{"embeddable":true,"href":"https:\/\/www.naturparkmagazin.de\/dahme-heideseen\/wp-json\/wp\/v2\/media\/2626"}],"wp:attachment":[{"href":"https:\/\/www.naturparkmagazin.de\/dahme-heideseen\/wp-json\/wp\/v2\/media?parent=2624"}],"wp:term":[{"taxonomy":"category","embeddable":true,"href":"https:\/\/www.naturparkmagazin.de\/dahme-heideseen\/wp-json\/wp\/v2\/categories?post=2624"},{"taxonomy":"post_tag","embeddable":true,"href":"https:\/\/www.naturparkmagazin.de\/dahme-heideseen\/wp-json\/wp\/v2\/tags?post=2624"}],"curies":[{"name":"wp","href":"https:\/\/api.w.org\/{rel}","templated":true}]}}