{"id":2642,"date":"2018-08-17T11:30:08","date_gmt":"2018-08-17T09:30:08","guid":{"rendered":"https:\/\/www.naturparkmagazin.de\/dahme-heideseen\/?p=2642"},"modified":"2018-08-28T15:07:13","modified_gmt":"2018-08-28T13:07:13","slug":"10-16-september-zahlreiche-veranstaltungen-in-der-naturpark-woche","status":"publish","type":"post","link":"https:\/\/www.naturparkmagazin.de\/dahme-heideseen\/10-16-september-zahlreiche-veranstaltungen-in-der-naturpark-woche\/","title":{"rendered":"10. &#8211; 16. September: Zahlreiche Veranstaltungen in der Naturpark-Woche"},"content":{"rendered":"<p>Die 20-Jahre-Feier des Naturparks wird mit einer Woche voller Veranstaltungen gekr\u00f6nt. Im Rahmen der Veranstaltungsreihe &#8222;Du und dein Garten im Naturpark&#8220; bieten verschiedene Anbieter Veranstaltungen und Workshops an. Den gem\u00fctlichen Abschluss bildet das Hoffest auf der Burg Storkow. Da ist f\u00fcr jeden etwas dabei!<\/p>\n<p><strong>Mo, 10. September, 18 &#8211; 20:30 Uhr: Biotop mit Menschen\n<\/strong>Gestaltung und Grundlagen der Permakultur &#8211; G\u00e4rtnern in Harmonie mit Erde, Mensch und Umwelt\nOrt: Burg Storkow, Kleiner Saal<\/p>\n<p><strong>Mi, 12. September, 18 &#8211; 20 Uhr: Kr\u00e4uter f\u00fcr die Erk\u00e4ltungszeit &#8211; Schniefnase, nein Danke\n<\/strong>Vorstellung der Kr\u00e4uter f\u00fcr die Erk\u00e4ltungszeit. Herstellung eines Erk\u00e4ltungsbalsams zur Mitnahme <strong>\n<\/strong>Ort: Kr\u00e4uter- und Naturhof, 15754 Heidesee \/ OT Kolberg<strong>\n<\/strong><\/p>\n<p><strong>Fr, 14. September, 17 &#8211; 19 Uhr: So schmeckt der Naturpark &#8211; Das Honigseminar f\u00fcr Genie\u00dfer\n<\/strong>Eine genussvolle und lehrreiche Honigverkostung\nOrt: Burg Storkow, Kleiner Saal<\/p>\n<p><strong>Sa, 15. September, 15 &#8211; 18 Uhr, Streuobstwiesen Biodiversit\u00e4t und artgerechte Bienenhaltung in Klotzbeuten<\/strong>\nExkursion \u00fcber die Streuobstwiese Luchweg und Erkl\u00e4rung der artgerechten- und naturnahen Haltung der Bienen in der Klotzbeute. Inklusive Apfelverkostung.\nOrt: Streuobstwiese Philadelphia, Storkow<\/p>\n<p><strong>So, 16. September, ab 11 Uhr, Hoffest auf der Burg Storkow<\/strong>\nRegionaler Bauernmarkt mit Erlebnisprogramm f\u00fcr Klein und Gro\u00df\nkostenfrei<\/p>\n<p>Die Kosten pro Veranstaltung (au\u00dfer Hoffest) betragen 5 \u20ac. Anmeldungen bis sp\u00e4testens einen Tag vor der Veranstaltung unter 033678-73108 oder per Mail an <a href=\"mailto:besucherzentrum@storkow.de\" target=\"_blank\">besucherzentrum@storkow.de<\/a><\/p>\n<p>Weitere Infos finden Sie unter <a href=\"www.storkow-mark.de\" target=\"_blank\">www.storkow-mark.de<\/a> oder auf <a href=\"http:\/\/www.dahme-heideseen-naturpark.de\" target=\"_blank\">www.dahme-heideseen-naturpark.de<\/a><\/p>\n","protected":false},"excerpt":{"rendered":"<p>Die 20-Jahr-Feier des Naturparks wird mit einer Woche voller Veranstaltungen gekr\u00f6nt. Im Rahmen der Veranstaltungsreihe &#8222;Du und dein Garten im Naturpark&#8220; bieten verschiedene Anbieter Veranstaltungen und Workshops an. Den gem\u00fctlichen Abschluss bildet das Hoffest auf der Burg Storkow. Da ist f\u00fcr jeden etwas dabei!<\/p>\n","protected":false},"author":83,"featured_media":2515,"comment_status":"open","ping_status":"open","sticky":false,"template":"","format":"standard","meta":[],"categories":[11],"tags":[],"yoast_head":"<!-- This site is optimized with the Yoast SEO plugin v19.10 - https:\/\/yoast.com\/wordpress\/plugins\/seo\/ -->\n<title>10. - 16. September: Zahlreiche Veranstaltungen in der Naturpark-Woche - Naturpark Dahme-Heideseen<\/title>\n<meta name=\"robots\" content=\"index, follow, max-snippet:-1, max-image-preview:large, max-video-preview:-1\" \/>\n<link rel=\"canonical\" href=\"https:\/\/www.naturparkmagazin.de\/dahme-heideseen\/10-16-september-zahlreiche-veranstaltungen-in-der-naturpark-woche\/\" \/>\n<meta property=\"og:locale\" content=\"de_DE\" \/>\n<meta property=\"og:type\" content=\"article\" \/>\n<meta property=\"og:title\" content=\"10. - 16. September: Zahlreiche Veranstaltungen in der Naturpark-Woche - Naturpark Dahme-Heideseen\" \/>\n<meta property=\"og:description\" content=\"Die 20-Jahr-Feier des Naturparks wird mit einer Woche voller Veranstaltungen gekr\u00f6nt. Im Rahmen der Veranstaltungsreihe &quot;Du und dein Garten im Naturpark&quot; bieten verschiedene Anbieter Veranstaltungen und Workshops an. Den gem\u00fctlichen Abschluss bildet das Hoffest auf der Burg Storkow. Da ist f\u00fcr jeden etwas dabei!\" \/>\n<meta property=\"og:url\" content=\"https:\/\/www.naturparkmagazin.de\/dahme-heideseen\/10-16-september-zahlreiche-veranstaltungen-in-der-naturpark-woche\/\" \/>\n<meta property=\"og:site_name\" content=\"Naturpark Dahme-Heideseen\" \/>\n<meta property=\"article:published_time\" content=\"2018-08-17T09:30:08+00:00\" \/>\n<meta property=\"article:modified_time\" content=\"2018-08-28T13:07:13+00:00\" \/>\n<meta property=\"og:image\" content=\"https:\/\/www.naturparkmagazin.de\/dahme-heideseen\/wp-content\/uploads\/sites\/37\/npdh_Duunddeingartenimnaturpark_bizstorkow.jpg\" \/>\n\t<meta property=\"og:image:width\" content=\"568\" \/>\n\t<meta property=\"og:image:height\" content=\"480\" \/>\n\t<meta property=\"og:image:type\" content=\"image\/jpeg\" \/>\n<meta name=\"author\" content=\"Astrid Osenbr\u00fcck\" \/>\n<meta name=\"twitter:label1\" content=\"Verfasst von\" \/>\n\t<meta name=\"twitter:data1\" content=\"Astrid Osenbr\u00fcck\" \/>\n\t<meta name=\"twitter:label2\" content=\"Gesch\u00e4tzte Lesezeit\" \/>\n\t<meta name=\"twitter:data2\" content=\"1\u00a0Minute\" \/>\n<script type=\"application\/ld+json\" class=\"yoast-schema-graph\">{\"@context\":\"https:\/\/schema.org\",\"@graph\":[{\"@type\":\"WebPage\",\"@id\":\"https:\/\/www.naturparkmagazin.de\/dahme-heideseen\/10-16-september-zahlreiche-veranstaltungen-in-der-naturpark-woche\/\",\"url\":\"https:\/\/www.naturparkmagazin.de\/dahme-heideseen\/10-16-september-zahlreiche-veranstaltungen-in-der-naturpark-woche\/\",\"name\":\"10. - 16. September: Zahlreiche Veranstaltungen in der Naturpark-Woche - Naturpark Dahme-Heideseen\",\"isPartOf\":{\"@id\":\"https:\/\/www.naturparkmagazin.de\/dahme-heideseen\/#website\"},\"datePublished\":\"2018-08-17T09:30:08+00:00\",\"dateModified\":\"2018-08-28T13:07:13+00:00\",\"author\":{\"@id\":\"https:\/\/www.naturparkmagazin.de\/dahme-heideseen\/#\/schema\/person\/a0510aafafdf8183c95fc98faf0c9f21\"},\"breadcrumb\":{\"@id\":\"https:\/\/www.naturparkmagazin.de\/dahme-heideseen\/10-16-september-zahlreiche-veranstaltungen-in-der-naturpark-woche\/#breadcrumb\"},\"inLanguage\":\"de\",\"potentialAction\":[{\"@type\":\"ReadAction\",\"target\":[\"https:\/\/www.naturparkmagazin.de\/dahme-heideseen\/10-16-september-zahlreiche-veranstaltungen-in-der-naturpark-woche\/\"]}]},{\"@type\":\"BreadcrumbList\",\"@id\":\"https:\/\/www.naturparkmagazin.de\/dahme-heideseen\/10-16-september-zahlreiche-veranstaltungen-in-der-naturpark-woche\/#breadcrumb\",\"itemListElement\":[{\"@type\":\"ListItem\",\"position\":1,\"name\":\"Home\",\"item\":\"https:\/\/www.naturparkmagazin.de\/dahme-heideseen\/\"},{\"@type\":\"ListItem\",\"position\":2,\"name\":\"10. &#8211; 16. September: Zahlreiche Veranstaltungen in der Naturpark-Woche\"}]},{\"@type\":\"WebSite\",\"@id\":\"https:\/\/www.naturparkmagazin.de\/dahme-heideseen\/#website\",\"url\":\"https:\/\/www.naturparkmagazin.de\/dahme-heideseen\/\",\"name\":\"Naturpark Dahme-Heideseen\",\"description\":\"\",\"potentialAction\":[{\"@type\":\"SearchAction\",\"target\":{\"@type\":\"EntryPoint\",\"urlTemplate\":\"https:\/\/www.naturparkmagazin.de\/dahme-heideseen\/?s={search_term_string}\"},\"query-input\":\"required name=search_term_string\"}],\"inLanguage\":\"de\"},{\"@type\":\"Person\",\"@id\":\"https:\/\/www.naturparkmagazin.de\/dahme-heideseen\/#\/schema\/person\/a0510aafafdf8183c95fc98faf0c9f21\",\"name\":\"Astrid Osenbr\u00fcck\",\"sameAs\":[\"http:\/\/www.dahme-heideseen-naturpark.de\"],\"url\":\"https:\/\/www.naturparkmagazin.de\/dahme-heideseen\/author\/astridosenbrueck\/\"}]}<\/script>\n<!-- \/ Yoast SEO plugin. -->","yoast_head_json":{"title":"10. - 16. September: Zahlreiche Veranstaltungen in der Naturpark-Woche - Naturpark Dahme-Heideseen","robots":{"index":"index","follow":"follow","max-snippet":"max-snippet:-1","max-image-preview":"max-image-preview:large","max-video-preview":"max-video-preview:-1"},"canonical":"https:\/\/www.naturparkmagazin.de\/dahme-heideseen\/10-16-september-zahlreiche-veranstaltungen-in-der-naturpark-woche\/","og_locale":"de_DE","og_type":"article","og_title":"10. - 16. September: Zahlreiche Veranstaltungen in der Naturpark-Woche - Naturpark Dahme-Heideseen","og_description":"Die 20-Jahr-Feier des Naturparks wird mit einer Woche voller Veranstaltungen gekr\u00f6nt. Im Rahmen der Veranstaltungsreihe \"Du und dein Garten im Naturpark\" bieten verschiedene Anbieter Veranstaltungen und Workshops an. Den gem\u00fctlichen Abschluss bildet das Hoffest auf der Burg Storkow. Da ist f\u00fcr jeden etwas dabei!","og_url":"https:\/\/www.naturparkmagazin.de\/dahme-heideseen\/10-16-september-zahlreiche-veranstaltungen-in-der-naturpark-woche\/","og_site_name":"Naturpark Dahme-Heideseen","article_published_time":"2018-08-17T09:30:08+00:00","article_modified_time":"2018-08-28T13:07:13+00:00","og_image":[{"width":568,"height":480,"url":"https:\/\/www.naturparkmagazin.de\/dahme-heideseen\/wp-content\/uploads\/sites\/37\/npdh_Duunddeingartenimnaturpark_bizstorkow.jpg","type":"image\/jpeg"}],"author":"Astrid Osenbr\u00fcck","twitter_misc":{"Verfasst von":"Astrid Osenbr\u00fcck","Gesch\u00e4tzte Lesezeit":"1\u00a0Minute"},"schema":{"@context":"https:\/\/schema.org","@graph":[{"@type":"WebPage","@id":"https:\/\/www.naturparkmagazin.de\/dahme-heideseen\/10-16-september-zahlreiche-veranstaltungen-in-der-naturpark-woche\/","url":"https:\/\/www.naturparkmagazin.de\/dahme-heideseen\/10-16-september-zahlreiche-veranstaltungen-in-der-naturpark-woche\/","name":"10. - 16. September: Zahlreiche Veranstaltungen in der Naturpark-Woche - Naturpark Dahme-Heideseen","isPartOf":{"@id":"https:\/\/www.naturparkmagazin.de\/dahme-heideseen\/#website"},"datePublished":"2018-08-17T09:30:08+00:00","dateModified":"2018-08-28T13:07:13+00:00","author":{"@id":"https:\/\/www.naturparkmagazin.de\/dahme-heideseen\/#\/schema\/person\/a0510aafafdf8183c95fc98faf0c9f21"},"breadcrumb":{"@id":"https:\/\/www.naturparkmagazin.de\/dahme-heideseen\/10-16-september-zahlreiche-veranstaltungen-in-der-naturpark-woche\/#breadcrumb"},"inLanguage":"de","potentialAction":[{"@type":"ReadAction","target":["https:\/\/www.naturparkmagazin.de\/dahme-heideseen\/10-16-september-zahlreiche-veranstaltungen-in-der-naturpark-woche\/"]}]},{"@type":"BreadcrumbList","@id":"https:\/\/www.naturparkmagazin.de\/dahme-heideseen\/10-16-september-zahlreiche-veranstaltungen-in-der-naturpark-woche\/#breadcrumb","itemListElement":[{"@type":"ListItem","position":1,"name":"Home","item":"https:\/\/www.naturparkmagazin.de\/dahme-heideseen\/"},{"@type":"ListItem","position":2,"name":"10. &#8211; 16. September: Zahlreiche Veranstaltungen in der Naturpark-Woche"}]},{"@type":"WebSite","@id":"https:\/\/www.naturparkmagazin.de\/dahme-heideseen\/#website","url":"https:\/\/www.naturparkmagazin.de\/dahme-heideseen\/","name":"Naturpark Dahme-Heideseen","description":"","potentialAction":[{"@type":"SearchAction","target":{"@type":"EntryPoint","urlTemplate":"https:\/\/www.naturparkmagazin.de\/dahme-heideseen\/?s={search_term_string}"},"query-input":"required name=search_term_string"}],"inLanguage":"de"},{"@type":"Person","@id":"https:\/\/www.naturparkmagazin.de\/dahme-heideseen\/#\/schema\/person\/a0510aafafdf8183c95fc98faf0c9f21","name":"Astrid Osenbr\u00fcck","sameAs":["http:\/\/www.dahme-heideseen-naturpark.de"],"url":"https:\/\/www.naturparkmagazin.de\/dahme-heideseen\/author\/astridosenbrueck\/"}]}},"_links":{"self":[{"href":"https:\/\/www.naturparkmagazin.de\/dahme-heideseen\/wp-json\/wp\/v2\/posts\/2642"}],"collection":[{"href":"https:\/\/www.naturparkmagazin.de\/dahme-heideseen\/wp-json\/wp\/v2\/posts"}],"about":[{"href":"https:\/\/www.naturparkmagazin.de\/dahme-heideseen\/wp-json\/wp\/v2\/types\/post"}],"author":[{"embeddable":true,"href":"https:\/\/www.naturparkmagazin.de\/dahme-heideseen\/wp-json\/wp\/v2\/users\/83"}],"replies":[{"embeddable":true,"href":"https:\/\/www.naturparkmagazin.de\/dahme-heideseen\/wp-json\/wp\/v2\/comments?post=2642"}],"version-history":[{"count":1,"href":"https:\/\/www.naturparkmagazin.de\/dahme-heideseen\/wp-json\/wp\/v2\/posts\/2642\/revisions"}],"predecessor-version":[{"id":2643,"href":"https:\/\/www.naturparkmagazin.de\/dahme-heideseen\/wp-json\/wp\/v2\/posts\/2642\/revisions\/2643"}],"wp:featuredmedia":[{"embeddable":true,"href":"https:\/\/www.naturparkmagazin.de\/dahme-heideseen\/wp-json\/wp\/v2\/media\/2515"}],"wp:attachment":[{"href":"https:\/\/www.naturparkmagazin.de\/dahme-heideseen\/wp-json\/wp\/v2\/media?parent=2642"}],"wp:term":[{"taxonomy":"category","embeddable":true,"href":"https:\/\/www.naturparkmagazin.de\/dahme-heideseen\/wp-json\/wp\/v2\/categories?post=2642"},{"taxonomy":"post_tag","embeddable":true,"href":"https:\/\/www.naturparkmagazin.de\/dahme-heideseen\/wp-json\/wp\/v2\/tags?post=2642"}],"curies":[{"name":"wp","href":"https:\/\/api.w.org\/{rel}","templated":true}]}}