{"id":2647,"date":"2018-08-17T11:26:36","date_gmt":"2018-08-17T09:26:36","guid":{"rendered":"https:\/\/www.naturparkmagazin.de\/dahme-heideseen\/?p=2647"},"modified":"2018-08-28T14:49:04","modified_gmt":"2018-08-28T12:49:04","slug":"2647","status":"publish","type":"post","link":"https:\/\/www.naturparkmagazin.de\/dahme-heideseen\/2647\/","title":{"rendered":""},"content":{"rendered":"<p>vor 20 Jahren wurde der Naturpark Dahme-Heideseen als solcher ausgerufen. In den vergangenen Jahren wurde viel erreicht, auf den Weg gebracht und gestaltet. Grund genug, dieses Jubil\u00e4um ausgiebig zu feiern. So steht der September ganz im Zeichen dieser Feierlichkeit: Im Naturkundemuseum Potsdam er\u00f6ffnet eine Sonderausstellung \u00fcber Walter Kirsche und den Naturpark, auf der Burg Storkow pr\u00e4sentieren vier K\u00fcnstler aus dem Naturpark ihre sch\u00f6nsten Tierfotos und im Rahmen der Veranstaltungsreihe \u201eDu und dein Garten im Naturpark\u201c k\u00f6nnen eine ganze Woche lang spannende Veranstaltungen besucht werden.<\/p>\n<p>Wir w\u00fcnschen viel Spa\u00df beim Mitfeiern, Ausprobieren, Weiterbilden und Genie\u00dfen.<\/p>\n<p>Ihr Naturpark-Team<\/p>\n<p>&nbsp;<\/p>\n","protected":false},"excerpt":{"rendered":"<p>vor 20 Jahren wurde der Naturpark Dahme-Heideseen als solcher ausgerufen. In den vergangenen Jahren wurde viel erreicht, auf den Weg gebracht und gestaltet. Grund genug, dieses Jubil\u00e4um ausgiebig zu feiern. So steht der September ganz im Zeichen dieser Feierlichkeit: Im Naturkundemuseum Potsdam er\u00f6ffnet eine Sonderausstellung \u00fcber Walter Kirsche und den Naturpark, auf der Burg Storkow<\/p>\n","protected":false},"author":83,"featured_media":0,"comment_status":"open","ping_status":"open","sticky":false,"template":"","format":"standard","meta":[],"categories":[52],"tags":[],"yoast_head":"<!-- This site is optimized with the Yoast SEO plugin v19.10 - https:\/\/yoast.com\/wordpress\/plugins\/seo\/ -->\n<title>- Naturpark Dahme-Heideseen<\/title>\n<meta name=\"robots\" content=\"index, follow, max-snippet:-1, max-image-preview:large, max-video-preview:-1\" \/>\n<link rel=\"canonical\" href=\"https:\/\/www.naturparkmagazin.de\/dahme-heideseen\/2647\/\" \/>\n<meta property=\"og:locale\" content=\"de_DE\" \/>\n<meta property=\"og:type\" content=\"article\" \/>\n<meta property=\"og:title\" content=\"- Naturpark Dahme-Heideseen\" \/>\n<meta property=\"og:description\" content=\"vor 20 Jahren wurde der Naturpark Dahme-Heideseen als solcher ausgerufen. In den vergangenen Jahren wurde viel erreicht, auf den Weg gebracht und gestaltet. Grund genug, dieses Jubil\u00e4um ausgiebig zu feiern. So steht der September ganz im Zeichen dieser Feierlichkeit: Im Naturkundemuseum Potsdam er\u00f6ffnet eine Sonderausstellung \u00fcber Walter Kirsche und den Naturpark, auf der Burg Storkow\" \/>\n<meta property=\"og:url\" content=\"https:\/\/www.naturparkmagazin.de\/dahme-heideseen\/2647\/\" \/>\n<meta property=\"og:site_name\" content=\"Naturpark Dahme-Heideseen\" \/>\n<meta property=\"article:published_time\" content=\"2018-08-17T09:26:36+00:00\" \/>\n<meta property=\"article:modified_time\" content=\"2018-08-28T12:49:04+00:00\" \/>\n<meta name=\"author\" content=\"Astrid Osenbr\u00fcck\" \/>\n<meta name=\"twitter:label1\" content=\"Verfasst von\" \/>\n\t<meta name=\"twitter:data1\" content=\"Astrid Osenbr\u00fcck\" \/>\n\t<meta name=\"twitter:label2\" content=\"Gesch\u00e4tzte Lesezeit\" \/>\n\t<meta name=\"twitter:data2\" content=\"1\u00a0Minute\" \/>\n<script type=\"application\/ld+json\" class=\"yoast-schema-graph\">{\"@context\":\"https:\/\/schema.org\",\"@graph\":[{\"@type\":\"WebPage\",\"@id\":\"https:\/\/www.naturparkmagazin.de\/dahme-heideseen\/2647\/\",\"url\":\"https:\/\/www.naturparkmagazin.de\/dahme-heideseen\/2647\/\",\"name\":\"- Naturpark Dahme-Heideseen\",\"isPartOf\":{\"@id\":\"https:\/\/www.naturparkmagazin.de\/dahme-heideseen\/#website\"},\"datePublished\":\"2018-08-17T09:26:36+00:00\",\"dateModified\":\"2018-08-28T12:49:04+00:00\",\"author\":{\"@id\":\"https:\/\/www.naturparkmagazin.de\/dahme-heideseen\/#\/schema\/person\/a0510aafafdf8183c95fc98faf0c9f21\"},\"inLanguage\":\"de\",\"potentialAction\":[{\"@type\":\"ReadAction\",\"target\":[\"https:\/\/www.naturparkmagazin.de\/dahme-heideseen\/2647\/\"]}]},{\"@type\":\"WebSite\",\"@id\":\"https:\/\/www.naturparkmagazin.de\/dahme-heideseen\/#website\",\"url\":\"https:\/\/www.naturparkmagazin.de\/dahme-heideseen\/\",\"name\":\"Naturpark Dahme-Heideseen\",\"description\":\"\",\"potentialAction\":[{\"@type\":\"SearchAction\",\"target\":{\"@type\":\"EntryPoint\",\"urlTemplate\":\"https:\/\/www.naturparkmagazin.de\/dahme-heideseen\/?s={search_term_string}\"},\"query-input\":\"required name=search_term_string\"}],\"inLanguage\":\"de\"},{\"@type\":\"Person\",\"@id\":\"https:\/\/www.naturparkmagazin.de\/dahme-heideseen\/#\/schema\/person\/a0510aafafdf8183c95fc98faf0c9f21\",\"name\":\"Astrid Osenbr\u00fcck\",\"sameAs\":[\"http:\/\/www.dahme-heideseen-naturpark.de\"],\"url\":\"https:\/\/www.naturparkmagazin.de\/dahme-heideseen\/author\/astridosenbrueck\/\"}]}<\/script>\n<!-- \/ Yoast SEO plugin. -->","yoast_head_json":{"title":"- Naturpark Dahme-Heideseen","robots":{"index":"index","follow":"follow","max-snippet":"max-snippet:-1","max-image-preview":"max-image-preview:large","max-video-preview":"max-video-preview:-1"},"canonical":"https:\/\/www.naturparkmagazin.de\/dahme-heideseen\/2647\/","og_locale":"de_DE","og_type":"article","og_title":"- Naturpark Dahme-Heideseen","og_description":"vor 20 Jahren wurde der Naturpark Dahme-Heideseen als solcher ausgerufen. In den vergangenen Jahren wurde viel erreicht, auf den Weg gebracht und gestaltet. Grund genug, dieses Jubil\u00e4um ausgiebig zu feiern. So steht der September ganz im Zeichen dieser Feierlichkeit: Im Naturkundemuseum Potsdam er\u00f6ffnet eine Sonderausstellung \u00fcber Walter Kirsche und den Naturpark, auf der Burg Storkow","og_url":"https:\/\/www.naturparkmagazin.de\/dahme-heideseen\/2647\/","og_site_name":"Naturpark Dahme-Heideseen","article_published_time":"2018-08-17T09:26:36+00:00","article_modified_time":"2018-08-28T12:49:04+00:00","author":"Astrid Osenbr\u00fcck","twitter_misc":{"Verfasst von":"Astrid Osenbr\u00fcck","Gesch\u00e4tzte Lesezeit":"1\u00a0Minute"},"schema":{"@context":"https:\/\/schema.org","@graph":[{"@type":"WebPage","@id":"https:\/\/www.naturparkmagazin.de\/dahme-heideseen\/2647\/","url":"https:\/\/www.naturparkmagazin.de\/dahme-heideseen\/2647\/","name":"- Naturpark Dahme-Heideseen","isPartOf":{"@id":"https:\/\/www.naturparkmagazin.de\/dahme-heideseen\/#website"},"datePublished":"2018-08-17T09:26:36+00:00","dateModified":"2018-08-28T12:49:04+00:00","author":{"@id":"https:\/\/www.naturparkmagazin.de\/dahme-heideseen\/#\/schema\/person\/a0510aafafdf8183c95fc98faf0c9f21"},"inLanguage":"de","potentialAction":[{"@type":"ReadAction","target":["https:\/\/www.naturparkmagazin.de\/dahme-heideseen\/2647\/"]}]},{"@type":"WebSite","@id":"https:\/\/www.naturparkmagazin.de\/dahme-heideseen\/#website","url":"https:\/\/www.naturparkmagazin.de\/dahme-heideseen\/","name":"Naturpark Dahme-Heideseen","description":"","potentialAction":[{"@type":"SearchAction","target":{"@type":"EntryPoint","urlTemplate":"https:\/\/www.naturparkmagazin.de\/dahme-heideseen\/?s={search_term_string}"},"query-input":"required name=search_term_string"}],"inLanguage":"de"},{"@type":"Person","@id":"https:\/\/www.naturparkmagazin.de\/dahme-heideseen\/#\/schema\/person\/a0510aafafdf8183c95fc98faf0c9f21","name":"Astrid Osenbr\u00fcck","sameAs":["http:\/\/www.dahme-heideseen-naturpark.de"],"url":"https:\/\/www.naturparkmagazin.de\/dahme-heideseen\/author\/astridosenbrueck\/"}]}},"_links":{"self":[{"href":"https:\/\/www.naturparkmagazin.de\/dahme-heideseen\/wp-json\/wp\/v2\/posts\/2647"}],"collection":[{"href":"https:\/\/www.naturparkmagazin.de\/dahme-heideseen\/wp-json\/wp\/v2\/posts"}],"about":[{"href":"https:\/\/www.naturparkmagazin.de\/dahme-heideseen\/wp-json\/wp\/v2\/types\/post"}],"author":[{"embeddable":true,"href":"https:\/\/www.naturparkmagazin.de\/dahme-heideseen\/wp-json\/wp\/v2\/users\/83"}],"replies":[{"embeddable":true,"href":"https:\/\/www.naturparkmagazin.de\/dahme-heideseen\/wp-json\/wp\/v2\/comments?post=2647"}],"version-history":[{"count":5,"href":"https:\/\/www.naturparkmagazin.de\/dahme-heideseen\/wp-json\/wp\/v2\/posts\/2647\/revisions"}],"predecessor-version":[{"id":2682,"href":"https:\/\/www.naturparkmagazin.de\/dahme-heideseen\/wp-json\/wp\/v2\/posts\/2647\/revisions\/2682"}],"wp:attachment":[{"href":"https:\/\/www.naturparkmagazin.de\/dahme-heideseen\/wp-json\/wp\/v2\/media?parent=2647"}],"wp:term":[{"taxonomy":"category","embeddable":true,"href":"https:\/\/www.naturparkmagazin.de\/dahme-heideseen\/wp-json\/wp\/v2\/categories?post=2647"},{"taxonomy":"post_tag","embeddable":true,"href":"https:\/\/www.naturparkmagazin.de\/dahme-heideseen\/wp-json\/wp\/v2\/tags?post=2647"}],"curies":[{"name":"wp","href":"https:\/\/api.w.org\/{rel}","templated":true}]}}