{"id":265,"date":"2013-11-27T10:56:45","date_gmt":"2013-11-27T08:56:45","guid":{"rendered":"http:\/\/www.naturparkmagazin.de\/dahme-heideseen\/?p=265"},"modified":"2013-12-18T14:52:20","modified_gmt":"2013-12-18T12:52:20","slug":"die-streganzer-bauernkiefer","status":"publish","type":"post","link":"https:\/\/www.naturparkmagazin.de\/dahme-heideseen\/die-streganzer-bauernkiefer\/","title":{"rendered":"Die Streganzer Bauernkiefer"},"content":{"rendered":"<p>Wer eindrucksvolle B\u00e4ume im Naturpark Dahme-Heideseen suchen und besuchen will, ist im Winter zur richtigen Zeit am richtigen Ort.<!--more--><\/p>\n<p>Heute steht sie versteckt im Wald, die alte Kiefer bei Streganz. Das war nicht immer so. Die Fl\u00e4che des fr\u00fcher frei wachsenden Baums wurde mit jungen Kiefern umpflanzt. Diese haben dem alten, als Naturdenkmal gesch\u00fctzten Baum bald Licht und Luft genommen. Seit dem letzten Winter wird die Kiefer \u201ebehutsam\u201c freigestellt. Nur so kann sie auch in Jahrzehnten Besucher beeindrucken wie erfreuen. Wer den Baum besuchen will: er steht n\u00f6rdlich des Weges zwischen Streganz und der Prieroser Ziegelei.<\/p>\n<div id=\"attachment_267\" style=\"width: 630px\" class=\"wp-caption aligncenter\"><a href=\"https:\/\/www.naturparkmagazin.de\/dahme-heideseen\/wp-content\/uploads\/sites\/37\/lage_kiefer_streganz.jpg\"><img aria-describedby=\"caption-attachment-267\" decoding=\"async\" loading=\"lazy\" class=\"size-medium wp-image-267\" alt=\"Lage der denkmalgesch\u00fctzten Kiefer bei Streganz (Karte ver\u00f6ffentlich mit Genehmigung der Landesvermessung Brandenburg - GBG 1\/99)\" src=\"https:\/\/www.naturparkmagazin.de\/dahme-heideseen\/wp-content\/uploads\/sites\/37\/lage_kiefer_streganz-620x465.jpg\" width=\"620\" height=\"465\" srcset=\"https:\/\/www.naturparkmagazin.de\/dahme-heideseen\/wp-content\/uploads\/sites\/37\/lage_kiefer_streganz-620x465.jpg 620w, https:\/\/www.naturparkmagazin.de\/dahme-heideseen\/wp-content\/uploads\/sites\/37\/lage_kiefer_streganz-300x225.jpg 300w, https:\/\/www.naturparkmagazin.de\/dahme-heideseen\/wp-content\/uploads\/sites\/37\/lage_kiefer_streganz-580x435.jpg 580w, https:\/\/www.naturparkmagazin.de\/dahme-heideseen\/wp-content\/uploads\/sites\/37\/lage_kiefer_streganz-420x315.jpg 420w, https:\/\/www.naturparkmagazin.de\/dahme-heideseen\/wp-content\/uploads\/sites\/37\/lage_kiefer_streganz-180x135.jpg 180w, https:\/\/www.naturparkmagazin.de\/dahme-heideseen\/wp-content\/uploads\/sites\/37\/lage_kiefer_streganz-95x71.jpg 95w, https:\/\/www.naturparkmagazin.de\/dahme-heideseen\/wp-content\/uploads\/sites\/37\/lage_kiefer_streganz-670x503.jpg 670w, https:\/\/www.naturparkmagazin.de\/dahme-heideseen\/wp-content\/uploads\/sites\/37\/lage_kiefer_streganz-200x150.jpg 200w, https:\/\/www.naturparkmagazin.de\/dahme-heideseen\/wp-content\/uploads\/sites\/37\/lage_kiefer_streganz.jpg 857w\" sizes=\"(max-width: 620px) 100vw, 620px\" \/><\/a><p id=\"caption-attachment-267\" class=\"wp-caption-text\">Lage der denkmalgesch\u00fctzten Kiefer bei Streganz (Karte ver\u00f6ffentlich mit Genehmigung der Landesvermessung Brandenburg &#8211; GBG 1\/99)<\/p><\/div>\n<p>Inka Lummer, eine in Streganz lebende K\u00fcnstlerin hat f\u00fcr 2014 einen <a title=\"Baumkalender von Inka Lummer\" href=\"http:\/\/www.traumwerker.de\/inka\/illustrationen.php\">Baumkalender<\/a> herausgegeben. In dem Kalender ist auch die Streganzer Kiefer zu finden.<\/p>\n<p>&nbsp;<\/p>\n<p>&nbsp;<\/p>\n","protected":false},"excerpt":{"rendered":"<p>Wer eindrucksvolle B\u00e4ume im Naturpark Dahme-Heideseen suchen und besuchen will, ist im Winter zur richtigen Zeit am richtigen Ort.<\/p>\n","protected":false},"author":48,"featured_media":266,"comment_status":"open","ping_status":"open","sticky":false,"template":"","format":"standard","meta":[],"categories":[7],"tags":[],"yoast_head":"<!-- This site is optimized with the Yoast SEO plugin v19.10 - https:\/\/yoast.com\/wordpress\/plugins\/seo\/ -->\n<title>Die Streganzer Bauernkiefer - Naturpark Dahme-Heideseen<\/title>\n<meta name=\"robots\" content=\"index, follow, max-snippet:-1, max-image-preview:large, max-video-preview:-1\" \/>\n<link rel=\"canonical\" href=\"https:\/\/www.naturparkmagazin.de\/dahme-heideseen\/die-streganzer-bauernkiefer\/\" \/>\n<meta property=\"og:locale\" content=\"de_DE\" \/>\n<meta property=\"og:type\" content=\"article\" \/>\n<meta property=\"og:title\" content=\"Die Streganzer Bauernkiefer - Naturpark Dahme-Heideseen\" \/>\n<meta property=\"og:description\" content=\"Wer eindrucksvolle B\u00e4ume im Naturpark Dahme-Heideseen suchen und besuchen will, ist im Winter zur richtigen Zeit am richtigen Ort.\" \/>\n<meta property=\"og:url\" content=\"https:\/\/www.naturparkmagazin.de\/dahme-heideseen\/die-streganzer-bauernkiefer\/\" \/>\n<meta property=\"og:site_name\" content=\"Naturpark Dahme-Heideseen\" \/>\n<meta property=\"article:published_time\" content=\"2013-11-27T08:56:45+00:00\" \/>\n<meta property=\"article:modified_time\" content=\"2013-12-18T12:52:20+00:00\" \/>\n<meta property=\"og:image\" content=\"https:\/\/www.naturparkmagazin.de\/dahme-heideseen\/wp-content\/uploads\/sites\/37\/+Kiefer-Streganz-026.jpg\" \/>\n\t<meta property=\"og:image:width\" content=\"321\" \/>\n\t<meta property=\"og:image:height\" content=\"480\" \/>\n\t<meta property=\"og:image:type\" content=\"image\/jpeg\" \/>\n<meta name=\"author\" content=\"hanssonnenberg\" \/>\n<meta name=\"twitter:label1\" content=\"Verfasst von\" \/>\n\t<meta name=\"twitter:data1\" content=\"hanssonnenberg\" \/>\n\t<meta name=\"twitter:label2\" content=\"Gesch\u00e4tzte Lesezeit\" \/>\n\t<meta name=\"twitter:data2\" content=\"1\u00a0Minute\" \/>\n<script type=\"application\/ld+json\" class=\"yoast-schema-graph\">{\"@context\":\"https:\/\/schema.org\",\"@graph\":[{\"@type\":\"WebPage\",\"@id\":\"https:\/\/www.naturparkmagazin.de\/dahme-heideseen\/die-streganzer-bauernkiefer\/\",\"url\":\"https:\/\/www.naturparkmagazin.de\/dahme-heideseen\/die-streganzer-bauernkiefer\/\",\"name\":\"Die Streganzer Bauernkiefer - Naturpark Dahme-Heideseen\",\"isPartOf\":{\"@id\":\"https:\/\/www.naturparkmagazin.de\/dahme-heideseen\/#website\"},\"datePublished\":\"2013-11-27T08:56:45+00:00\",\"dateModified\":\"2013-12-18T12:52:20+00:00\",\"author\":{\"@id\":\"https:\/\/www.naturparkmagazin.de\/dahme-heideseen\/#\/schema\/person\/c81c96c3a1f5ee7bffff8b8022c105f0\"},\"breadcrumb\":{\"@id\":\"https:\/\/www.naturparkmagazin.de\/dahme-heideseen\/die-streganzer-bauernkiefer\/#breadcrumb\"},\"inLanguage\":\"de\",\"potentialAction\":[{\"@type\":\"ReadAction\",\"target\":[\"https:\/\/www.naturparkmagazin.de\/dahme-heideseen\/die-streganzer-bauernkiefer\/\"]}]},{\"@type\":\"BreadcrumbList\",\"@id\":\"https:\/\/www.naturparkmagazin.de\/dahme-heideseen\/die-streganzer-bauernkiefer\/#breadcrumb\",\"itemListElement\":[{\"@type\":\"ListItem\",\"position\":1,\"name\":\"Home\",\"item\":\"https:\/\/www.naturparkmagazin.de\/dahme-heideseen\/\"},{\"@type\":\"ListItem\",\"position\":2,\"name\":\"Die Streganzer Bauernkiefer\"}]},{\"@type\":\"WebSite\",\"@id\":\"https:\/\/www.naturparkmagazin.de\/dahme-heideseen\/#website\",\"url\":\"https:\/\/www.naturparkmagazin.de\/dahme-heideseen\/\",\"name\":\"Naturpark Dahme-Heideseen\",\"description\":\"\",\"potentialAction\":[{\"@type\":\"SearchAction\",\"target\":{\"@type\":\"EntryPoint\",\"urlTemplate\":\"https:\/\/www.naturparkmagazin.de\/dahme-heideseen\/?s={search_term_string}\"},\"query-input\":\"required name=search_term_string\"}],\"inLanguage\":\"de\"},{\"@type\":\"Person\",\"@id\":\"https:\/\/www.naturparkmagazin.de\/dahme-heideseen\/#\/schema\/person\/c81c96c3a1f5ee7bffff8b8022c105f0\",\"name\":\"hanssonnenberg\",\"url\":\"https:\/\/www.naturparkmagazin.de\/dahme-heideseen\/author\/hanssonnenberg\/\"}]}<\/script>\n<!-- \/ Yoast SEO plugin. -->","yoast_head_json":{"title":"Die Streganzer Bauernkiefer - Naturpark Dahme-Heideseen","robots":{"index":"index","follow":"follow","max-snippet":"max-snippet:-1","max-image-preview":"max-image-preview:large","max-video-preview":"max-video-preview:-1"},"canonical":"https:\/\/www.naturparkmagazin.de\/dahme-heideseen\/die-streganzer-bauernkiefer\/","og_locale":"de_DE","og_type":"article","og_title":"Die Streganzer Bauernkiefer - Naturpark Dahme-Heideseen","og_description":"Wer eindrucksvolle B\u00e4ume im Naturpark Dahme-Heideseen suchen und besuchen will, ist im Winter zur richtigen Zeit am richtigen Ort.","og_url":"https:\/\/www.naturparkmagazin.de\/dahme-heideseen\/die-streganzer-bauernkiefer\/","og_site_name":"Naturpark Dahme-Heideseen","article_published_time":"2013-11-27T08:56:45+00:00","article_modified_time":"2013-12-18T12:52:20+00:00","og_image":[{"width":321,"height":480,"url":"https:\/\/www.naturparkmagazin.de\/dahme-heideseen\/wp-content\/uploads\/sites\/37\/+Kiefer-Streganz-026.jpg","type":"image\/jpeg"}],"author":"hanssonnenberg","twitter_misc":{"Verfasst von":"hanssonnenberg","Gesch\u00e4tzte Lesezeit":"1\u00a0Minute"},"schema":{"@context":"https:\/\/schema.org","@graph":[{"@type":"WebPage","@id":"https:\/\/www.naturparkmagazin.de\/dahme-heideseen\/die-streganzer-bauernkiefer\/","url":"https:\/\/www.naturparkmagazin.de\/dahme-heideseen\/die-streganzer-bauernkiefer\/","name":"Die Streganzer Bauernkiefer - Naturpark Dahme-Heideseen","isPartOf":{"@id":"https:\/\/www.naturparkmagazin.de\/dahme-heideseen\/#website"},"datePublished":"2013-11-27T08:56:45+00:00","dateModified":"2013-12-18T12:52:20+00:00","author":{"@id":"https:\/\/www.naturparkmagazin.de\/dahme-heideseen\/#\/schema\/person\/c81c96c3a1f5ee7bffff8b8022c105f0"},"breadcrumb":{"@id":"https:\/\/www.naturparkmagazin.de\/dahme-heideseen\/die-streganzer-bauernkiefer\/#breadcrumb"},"inLanguage":"de","potentialAction":[{"@type":"ReadAction","target":["https:\/\/www.naturparkmagazin.de\/dahme-heideseen\/die-streganzer-bauernkiefer\/"]}]},{"@type":"BreadcrumbList","@id":"https:\/\/www.naturparkmagazin.de\/dahme-heideseen\/die-streganzer-bauernkiefer\/#breadcrumb","itemListElement":[{"@type":"ListItem","position":1,"name":"Home","item":"https:\/\/www.naturparkmagazin.de\/dahme-heideseen\/"},{"@type":"ListItem","position":2,"name":"Die Streganzer Bauernkiefer"}]},{"@type":"WebSite","@id":"https:\/\/www.naturparkmagazin.de\/dahme-heideseen\/#website","url":"https:\/\/www.naturparkmagazin.de\/dahme-heideseen\/","name":"Naturpark Dahme-Heideseen","description":"","potentialAction":[{"@type":"SearchAction","target":{"@type":"EntryPoint","urlTemplate":"https:\/\/www.naturparkmagazin.de\/dahme-heideseen\/?s={search_term_string}"},"query-input":"required name=search_term_string"}],"inLanguage":"de"},{"@type":"Person","@id":"https:\/\/www.naturparkmagazin.de\/dahme-heideseen\/#\/schema\/person\/c81c96c3a1f5ee7bffff8b8022c105f0","name":"hanssonnenberg","url":"https:\/\/www.naturparkmagazin.de\/dahme-heideseen\/author\/hanssonnenberg\/"}]}},"_links":{"self":[{"href":"https:\/\/www.naturparkmagazin.de\/dahme-heideseen\/wp-json\/wp\/v2\/posts\/265"}],"collection":[{"href":"https:\/\/www.naturparkmagazin.de\/dahme-heideseen\/wp-json\/wp\/v2\/posts"}],"about":[{"href":"https:\/\/www.naturparkmagazin.de\/dahme-heideseen\/wp-json\/wp\/v2\/types\/post"}],"author":[{"embeddable":true,"href":"https:\/\/www.naturparkmagazin.de\/dahme-heideseen\/wp-json\/wp\/v2\/users\/48"}],"replies":[{"embeddable":true,"href":"https:\/\/www.naturparkmagazin.de\/dahme-heideseen\/wp-json\/wp\/v2\/comments?post=265"}],"version-history":[{"count":5,"href":"https:\/\/www.naturparkmagazin.de\/dahme-heideseen\/wp-json\/wp\/v2\/posts\/265\/revisions"}],"predecessor-version":[{"id":277,"href":"https:\/\/www.naturparkmagazin.de\/dahme-heideseen\/wp-json\/wp\/v2\/posts\/265\/revisions\/277"}],"wp:featuredmedia":[{"embeddable":true,"href":"https:\/\/www.naturparkmagazin.de\/dahme-heideseen\/wp-json\/wp\/v2\/media\/266"}],"wp:attachment":[{"href":"https:\/\/www.naturparkmagazin.de\/dahme-heideseen\/wp-json\/wp\/v2\/media?parent=265"}],"wp:term":[{"taxonomy":"category","embeddable":true,"href":"https:\/\/www.naturparkmagazin.de\/dahme-heideseen\/wp-json\/wp\/v2\/categories?post=265"},{"taxonomy":"post_tag","embeddable":true,"href":"https:\/\/www.naturparkmagazin.de\/dahme-heideseen\/wp-json\/wp\/v2\/tags?post=265"}],"curies":[{"name":"wp","href":"https:\/\/api.w.org\/{rel}","templated":true}]}}