{"id":2654,"date":"2018-08-17T12:47:46","date_gmt":"2018-08-17T10:47:46","guid":{"rendered":"https:\/\/www.naturparkmagazin.de\/dahme-heideseen\/?p=2654"},"modified":"2018-09-17T12:44:27","modified_gmt":"2018-09-17T10:44:27","slug":"fotoausstellung-auf-der-burg-storkow","status":"publish","type":"post","link":"https:\/\/www.naturparkmagazin.de\/dahme-heideseen\/fotoausstellung-auf-der-burg-storkow\/","title":{"rendered":"Fotoausstellung auf der Burg Storkow"},"content":{"rendered":"<p>Der Naturpark hat einiges zu bieten &#8211; vor allem Platz und Lebensraum f\u00fcr viele, teilweise sehr seltene Tierarten. Eine Fotoausstellung auf der Burg Storkow veranschaulicht die (Lebens-)Vielfalt in dem fast 600 km\u00b2 gro\u00dfen Gebiet.<\/p>\n<p>Vier verschiedene Fotografen pr\u00e4sentieren ab dem 13. September ihre sch\u00f6nsten Tier- und Landschaftsfotos rund um den Naturpark. So k\u00f6nnen Besucher aus n\u00e4chster N\u00e4he und in aller Ruhe Biber, W\u00f6lfe und Fischadler betrachten.<\/p>\n<p>F\u00fcr Spannung sorgt zudem die Ank\u00fcndigung der kommenden Dauerausstellung. Bereits jetzt gibt es eine kleine Vorab-Pr\u00e4sentation. Diese bietet bereits einen Vorgeschmack auf das, was da kommt. Der Hingucker macht neugierig und verdeutlicht: Es bleibt aufregend auf der Burg Storkow.<\/p>\n","protected":false},"excerpt":{"rendered":"<p>Vier verschiedene Fotografen pr\u00e4sentieren ab dem 13. September ihre sch\u00f6nsten Tier- und Landschaftsfotos rund um den Naturpark auf der Burg Storkow. F\u00fcr Spannung sorgt zudem die Ank\u00fcndigung der kommenden Dauerausstellung.<\/p>\n","protected":false},"author":83,"featured_media":0,"comment_status":"open","ping_status":"open","sticky":false,"template":"","format":"standard","meta":[],"categories":[7],"tags":[],"yoast_head":"<!-- This site is optimized with the Yoast SEO plugin v19.10 - https:\/\/yoast.com\/wordpress\/plugins\/seo\/ -->\n<title>Fotoausstellung auf der Burg Storkow - Naturpark Dahme-Heideseen<\/title>\n<meta name=\"robots\" content=\"index, follow, max-snippet:-1, max-image-preview:large, max-video-preview:-1\" \/>\n<link rel=\"canonical\" href=\"https:\/\/www.naturparkmagazin.de\/dahme-heideseen\/fotoausstellung-auf-der-burg-storkow\/\" \/>\n<meta property=\"og:locale\" content=\"de_DE\" \/>\n<meta property=\"og:type\" content=\"article\" \/>\n<meta property=\"og:title\" content=\"Fotoausstellung auf der Burg Storkow - Naturpark Dahme-Heideseen\" \/>\n<meta property=\"og:description\" content=\"Vier verschiedene Fotografen pr\u00e4sentieren ab dem 13. September ihre sch\u00f6nsten Tier- und Landschaftsfotos rund um den Naturpark auf der Burg Storkow. F\u00fcr Spannung sorgt zudem die Ank\u00fcndigung der kommenden Dauerausstellung.\" \/>\n<meta property=\"og:url\" content=\"https:\/\/www.naturparkmagazin.de\/dahme-heideseen\/fotoausstellung-auf-der-burg-storkow\/\" \/>\n<meta property=\"og:site_name\" content=\"Naturpark Dahme-Heideseen\" \/>\n<meta property=\"article:published_time\" content=\"2018-08-17T10:47:46+00:00\" \/>\n<meta property=\"article:modified_time\" content=\"2018-09-17T10:44:27+00:00\" \/>\n<meta name=\"author\" content=\"Astrid Osenbr\u00fcck\" \/>\n<meta name=\"twitter:label1\" content=\"Verfasst von\" \/>\n\t<meta name=\"twitter:data1\" content=\"Astrid Osenbr\u00fcck\" \/>\n\t<meta name=\"twitter:label2\" content=\"Gesch\u00e4tzte Lesezeit\" \/>\n\t<meta name=\"twitter:data2\" content=\"1\u00a0Minute\" \/>\n<script type=\"application\/ld+json\" class=\"yoast-schema-graph\">{\"@context\":\"https:\/\/schema.org\",\"@graph\":[{\"@type\":\"WebPage\",\"@id\":\"https:\/\/www.naturparkmagazin.de\/dahme-heideseen\/fotoausstellung-auf-der-burg-storkow\/\",\"url\":\"https:\/\/www.naturparkmagazin.de\/dahme-heideseen\/fotoausstellung-auf-der-burg-storkow\/\",\"name\":\"Fotoausstellung auf der Burg Storkow - Naturpark Dahme-Heideseen\",\"isPartOf\":{\"@id\":\"https:\/\/www.naturparkmagazin.de\/dahme-heideseen\/#website\"},\"datePublished\":\"2018-08-17T10:47:46+00:00\",\"dateModified\":\"2018-09-17T10:44:27+00:00\",\"author\":{\"@id\":\"https:\/\/www.naturparkmagazin.de\/dahme-heideseen\/#\/schema\/person\/a0510aafafdf8183c95fc98faf0c9f21\"},\"breadcrumb\":{\"@id\":\"https:\/\/www.naturparkmagazin.de\/dahme-heideseen\/fotoausstellung-auf-der-burg-storkow\/#breadcrumb\"},\"inLanguage\":\"de\",\"potentialAction\":[{\"@type\":\"ReadAction\",\"target\":[\"https:\/\/www.naturparkmagazin.de\/dahme-heideseen\/fotoausstellung-auf-der-burg-storkow\/\"]}]},{\"@type\":\"BreadcrumbList\",\"@id\":\"https:\/\/www.naturparkmagazin.de\/dahme-heideseen\/fotoausstellung-auf-der-burg-storkow\/#breadcrumb\",\"itemListElement\":[{\"@type\":\"ListItem\",\"position\":1,\"name\":\"Home\",\"item\":\"https:\/\/www.naturparkmagazin.de\/dahme-heideseen\/\"},{\"@type\":\"ListItem\",\"position\":2,\"name\":\"Fotoausstellung auf der Burg Storkow\"}]},{\"@type\":\"WebSite\",\"@id\":\"https:\/\/www.naturparkmagazin.de\/dahme-heideseen\/#website\",\"url\":\"https:\/\/www.naturparkmagazin.de\/dahme-heideseen\/\",\"name\":\"Naturpark Dahme-Heideseen\",\"description\":\"\",\"potentialAction\":[{\"@type\":\"SearchAction\",\"target\":{\"@type\":\"EntryPoint\",\"urlTemplate\":\"https:\/\/www.naturparkmagazin.de\/dahme-heideseen\/?s={search_term_string}\"},\"query-input\":\"required name=search_term_string\"}],\"inLanguage\":\"de\"},{\"@type\":\"Person\",\"@id\":\"https:\/\/www.naturparkmagazin.de\/dahme-heideseen\/#\/schema\/person\/a0510aafafdf8183c95fc98faf0c9f21\",\"name\":\"Astrid Osenbr\u00fcck\",\"sameAs\":[\"http:\/\/www.dahme-heideseen-naturpark.de\"],\"url\":\"https:\/\/www.naturparkmagazin.de\/dahme-heideseen\/author\/astridosenbrueck\/\"}]}<\/script>\n<!-- \/ Yoast SEO plugin. -->","yoast_head_json":{"title":"Fotoausstellung auf der Burg Storkow - Naturpark Dahme-Heideseen","robots":{"index":"index","follow":"follow","max-snippet":"max-snippet:-1","max-image-preview":"max-image-preview:large","max-video-preview":"max-video-preview:-1"},"canonical":"https:\/\/www.naturparkmagazin.de\/dahme-heideseen\/fotoausstellung-auf-der-burg-storkow\/","og_locale":"de_DE","og_type":"article","og_title":"Fotoausstellung auf der Burg Storkow - Naturpark Dahme-Heideseen","og_description":"Vier verschiedene Fotografen pr\u00e4sentieren ab dem 13. September ihre sch\u00f6nsten Tier- und Landschaftsfotos rund um den Naturpark auf der Burg Storkow. F\u00fcr Spannung sorgt zudem die Ank\u00fcndigung der kommenden Dauerausstellung.","og_url":"https:\/\/www.naturparkmagazin.de\/dahme-heideseen\/fotoausstellung-auf-der-burg-storkow\/","og_site_name":"Naturpark Dahme-Heideseen","article_published_time":"2018-08-17T10:47:46+00:00","article_modified_time":"2018-09-17T10:44:27+00:00","author":"Astrid Osenbr\u00fcck","twitter_misc":{"Verfasst von":"Astrid Osenbr\u00fcck","Gesch\u00e4tzte Lesezeit":"1\u00a0Minute"},"schema":{"@context":"https:\/\/schema.org","@graph":[{"@type":"WebPage","@id":"https:\/\/www.naturparkmagazin.de\/dahme-heideseen\/fotoausstellung-auf-der-burg-storkow\/","url":"https:\/\/www.naturparkmagazin.de\/dahme-heideseen\/fotoausstellung-auf-der-burg-storkow\/","name":"Fotoausstellung auf der Burg Storkow - Naturpark Dahme-Heideseen","isPartOf":{"@id":"https:\/\/www.naturparkmagazin.de\/dahme-heideseen\/#website"},"datePublished":"2018-08-17T10:47:46+00:00","dateModified":"2018-09-17T10:44:27+00:00","author":{"@id":"https:\/\/www.naturparkmagazin.de\/dahme-heideseen\/#\/schema\/person\/a0510aafafdf8183c95fc98faf0c9f21"},"breadcrumb":{"@id":"https:\/\/www.naturparkmagazin.de\/dahme-heideseen\/fotoausstellung-auf-der-burg-storkow\/#breadcrumb"},"inLanguage":"de","potentialAction":[{"@type":"ReadAction","target":["https:\/\/www.naturparkmagazin.de\/dahme-heideseen\/fotoausstellung-auf-der-burg-storkow\/"]}]},{"@type":"BreadcrumbList","@id":"https:\/\/www.naturparkmagazin.de\/dahme-heideseen\/fotoausstellung-auf-der-burg-storkow\/#breadcrumb","itemListElement":[{"@type":"ListItem","position":1,"name":"Home","item":"https:\/\/www.naturparkmagazin.de\/dahme-heideseen\/"},{"@type":"ListItem","position":2,"name":"Fotoausstellung auf der Burg Storkow"}]},{"@type":"WebSite","@id":"https:\/\/www.naturparkmagazin.de\/dahme-heideseen\/#website","url":"https:\/\/www.naturparkmagazin.de\/dahme-heideseen\/","name":"Naturpark Dahme-Heideseen","description":"","potentialAction":[{"@type":"SearchAction","target":{"@type":"EntryPoint","urlTemplate":"https:\/\/www.naturparkmagazin.de\/dahme-heideseen\/?s={search_term_string}"},"query-input":"required name=search_term_string"}],"inLanguage":"de"},{"@type":"Person","@id":"https:\/\/www.naturparkmagazin.de\/dahme-heideseen\/#\/schema\/person\/a0510aafafdf8183c95fc98faf0c9f21","name":"Astrid Osenbr\u00fcck","sameAs":["http:\/\/www.dahme-heideseen-naturpark.de"],"url":"https:\/\/www.naturparkmagazin.de\/dahme-heideseen\/author\/astridosenbrueck\/"}]}},"_links":{"self":[{"href":"https:\/\/www.naturparkmagazin.de\/dahme-heideseen\/wp-json\/wp\/v2\/posts\/2654"}],"collection":[{"href":"https:\/\/www.naturparkmagazin.de\/dahme-heideseen\/wp-json\/wp\/v2\/posts"}],"about":[{"href":"https:\/\/www.naturparkmagazin.de\/dahme-heideseen\/wp-json\/wp\/v2\/types\/post"}],"author":[{"embeddable":true,"href":"https:\/\/www.naturparkmagazin.de\/dahme-heideseen\/wp-json\/wp\/v2\/users\/83"}],"replies":[{"embeddable":true,"href":"https:\/\/www.naturparkmagazin.de\/dahme-heideseen\/wp-json\/wp\/v2\/comments?post=2654"}],"version-history":[{"count":7,"href":"https:\/\/www.naturparkmagazin.de\/dahme-heideseen\/wp-json\/wp\/v2\/posts\/2654\/revisions"}],"predecessor-version":[{"id":2698,"href":"https:\/\/www.naturparkmagazin.de\/dahme-heideseen\/wp-json\/wp\/v2\/posts\/2654\/revisions\/2698"}],"wp:attachment":[{"href":"https:\/\/www.naturparkmagazin.de\/dahme-heideseen\/wp-json\/wp\/v2\/media?parent=2654"}],"wp:term":[{"taxonomy":"category","embeddable":true,"href":"https:\/\/www.naturparkmagazin.de\/dahme-heideseen\/wp-json\/wp\/v2\/categories?post=2654"},{"taxonomy":"post_tag","embeddable":true,"href":"https:\/\/www.naturparkmagazin.de\/dahme-heideseen\/wp-json\/wp\/v2\/tags?post=2654"}],"curies":[{"name":"wp","href":"https:\/\/api.w.org\/{rel}","templated":true}]}}