{"id":2675,"date":"2018-08-23T14:21:03","date_gmt":"2018-08-23T12:21:03","guid":{"rendered":"https:\/\/www.naturparkmagazin.de\/dahme-heideseen\/?p=2675"},"modified":"2018-08-23T14:24:22","modified_gmt":"2018-08-23T12:24:22","slug":"tag-des-offenen-denkmals-in-selchow","status":"publish","type":"post","link":"https:\/\/www.naturparkmagazin.de\/dahme-heideseen\/tag-des-offenen-denkmals-in-selchow\/","title":{"rendered":"Tag des offenen Denkmals am 9. September in Selchow"},"content":{"rendered":"<p>Wenn jedes Jahr am zweiten Sonntag im September historische Bauten und St\u00e4tten, die sonst nicht oder nur teilweise zug\u00e4nglich sind, ihre T\u00fcren \u00f6ffnen, dann sind Millionen von Architektur- und Geschichtsliebhabern zu Streifz\u00fcgen in die Vergangenheit eingeladen. \u201eGeschichte zum Anfassen\u201d, das bietet der Tag des offenen Denkmals dem Besucher dabei in wohl einmaliger Weise.<\/p>\n<p>So auch im Naturpark Dahme-Heideseen. Dieses Jahr \u00f6ffnet das Landhaus Selchow seine T\u00fcren f\u00fcr interessierte Besucher.\nDas Landhaus Selchow ist ein denkmalgesch\u00fctztes Gutshaus bzw. Herrenhaus. Es wurde 1913 von dem Architekten Alfred Breslauer f\u00fcr den Bankier Paul Mankiewitz gebaut. Der neubarocke Putzbau mit dreiachsigem Mittelrisalit liegt unter einem Mansardwalmdach in einer zwei ha umfassenden Gartenanlage. Es wird seit 2013 von einem privaten Investorenpaar, gef\u00f6rdert mit EU-Mitteln, als Schloss Selchow saniert und restauriert.\nF\u00fchrungen gibt es um\u00a010:30 Uhr, nach Bedarf auch\u00a0um 14:00 und 15:00 Uhr durch den Eigent\u00fcmer Herrn Kamps.<\/p>\n<p><strong>Rahmenprogramm<\/strong>\n10:00 Uhr\u00a0Er\u00f6ffnung\n11:30 Uhr gef\u00fchrter Ortsrundgang\n13:00 Uhr Besichtigung der Kirche\n14:00 Uhr Kaffee, Kuchen, Bratwurst, Bier und Limo am Schloss\n16:00 Uhr Maulbeerpflanzung an der Kirche<\/p>\n<p>Weitere Infos zum Tag des offenen Denkmals finden Sie unter www.tag-des-offenen-denkmals.de<\/p>\n","protected":false},"excerpt":{"rendered":"<p>Am Tag des offenen Denkmals \u00f6ffnet das Landhaus Selchow seine T\u00fcren f\u00fcr interessierte Besucher.<\/p>\n","protected":false},"author":83,"featured_media":2676,"comment_status":"open","ping_status":"open","sticky":false,"template":"","format":"standard","meta":[],"categories":[11],"tags":[1069],"yoast_head":"<!-- This site is optimized with the Yoast SEO plugin v19.10 - https:\/\/yoast.com\/wordpress\/plugins\/seo\/ -->\n<title>Tag des offenen Denkmals am 9. September in Selchow - Naturpark Dahme-Heideseen<\/title>\n<meta name=\"robots\" content=\"index, follow, max-snippet:-1, max-image-preview:large, max-video-preview:-1\" \/>\n<link rel=\"canonical\" href=\"https:\/\/www.naturparkmagazin.de\/dahme-heideseen\/tag-des-offenen-denkmals-in-selchow\/\" \/>\n<meta property=\"og:locale\" content=\"de_DE\" \/>\n<meta property=\"og:type\" content=\"article\" \/>\n<meta property=\"og:title\" content=\"Tag des offenen Denkmals am 9. September in Selchow - Naturpark Dahme-Heideseen\" \/>\n<meta property=\"og:description\" content=\"Am Tag des offenen Denkmals \u00f6ffnet das Landhaus Selchow seine T\u00fcren f\u00fcr interessierte Besucher.\" \/>\n<meta property=\"og:url\" content=\"https:\/\/www.naturparkmagazin.de\/dahme-heideseen\/tag-des-offenen-denkmals-in-selchow\/\" \/>\n<meta property=\"og:site_name\" content=\"Naturpark Dahme-Heideseen\" \/>\n<meta property=\"article:published_time\" content=\"2018-08-23T12:21:03+00:00\" \/>\n<meta property=\"article:modified_time\" content=\"2018-08-23T12:24:22+00:00\" \/>\n<meta property=\"og:image\" content=\"https:\/\/www.naturparkmagazin.de\/dahme-heideseen\/wp-content\/uploads\/sites\/37\/denkmaltag-fb.jpg\" \/>\n\t<meta property=\"og:image:width\" content=\"4996\" \/>\n\t<meta property=\"og:image:height\" content=\"2610\" \/>\n\t<meta property=\"og:image:type\" content=\"image\/jpeg\" \/>\n<meta name=\"author\" content=\"Astrid Osenbr\u00fcck\" \/>\n<meta name=\"twitter:label1\" content=\"Verfasst von\" \/>\n\t<meta name=\"twitter:data1\" content=\"Astrid Osenbr\u00fcck\" \/>\n\t<meta name=\"twitter:label2\" content=\"Gesch\u00e4tzte Lesezeit\" \/>\n\t<meta name=\"twitter:data2\" content=\"1\u00a0Minute\" \/>\n<script type=\"application\/ld+json\" class=\"yoast-schema-graph\">{\"@context\":\"https:\/\/schema.org\",\"@graph\":[{\"@type\":\"WebPage\",\"@id\":\"https:\/\/www.naturparkmagazin.de\/dahme-heideseen\/tag-des-offenen-denkmals-in-selchow\/\",\"url\":\"https:\/\/www.naturparkmagazin.de\/dahme-heideseen\/tag-des-offenen-denkmals-in-selchow\/\",\"name\":\"Tag des offenen Denkmals am 9. September in Selchow - Naturpark Dahme-Heideseen\",\"isPartOf\":{\"@id\":\"https:\/\/www.naturparkmagazin.de\/dahme-heideseen\/#website\"},\"datePublished\":\"2018-08-23T12:21:03+00:00\",\"dateModified\":\"2018-08-23T12:24:22+00:00\",\"author\":{\"@id\":\"https:\/\/www.naturparkmagazin.de\/dahme-heideseen\/#\/schema\/person\/a0510aafafdf8183c95fc98faf0c9f21\"},\"breadcrumb\":{\"@id\":\"https:\/\/www.naturparkmagazin.de\/dahme-heideseen\/tag-des-offenen-denkmals-in-selchow\/#breadcrumb\"},\"inLanguage\":\"de\",\"potentialAction\":[{\"@type\":\"ReadAction\",\"target\":[\"https:\/\/www.naturparkmagazin.de\/dahme-heideseen\/tag-des-offenen-denkmals-in-selchow\/\"]}]},{\"@type\":\"BreadcrumbList\",\"@id\":\"https:\/\/www.naturparkmagazin.de\/dahme-heideseen\/tag-des-offenen-denkmals-in-selchow\/#breadcrumb\",\"itemListElement\":[{\"@type\":\"ListItem\",\"position\":1,\"name\":\"Home\",\"item\":\"https:\/\/www.naturparkmagazin.de\/dahme-heideseen\/\"},{\"@type\":\"ListItem\",\"position\":2,\"name\":\"Tag des offenen Denkmals am 9. September in Selchow\"}]},{\"@type\":\"WebSite\",\"@id\":\"https:\/\/www.naturparkmagazin.de\/dahme-heideseen\/#website\",\"url\":\"https:\/\/www.naturparkmagazin.de\/dahme-heideseen\/\",\"name\":\"Naturpark Dahme-Heideseen\",\"description\":\"\",\"potentialAction\":[{\"@type\":\"SearchAction\",\"target\":{\"@type\":\"EntryPoint\",\"urlTemplate\":\"https:\/\/www.naturparkmagazin.de\/dahme-heideseen\/?s={search_term_string}\"},\"query-input\":\"required name=search_term_string\"}],\"inLanguage\":\"de\"},{\"@type\":\"Person\",\"@id\":\"https:\/\/www.naturparkmagazin.de\/dahme-heideseen\/#\/schema\/person\/a0510aafafdf8183c95fc98faf0c9f21\",\"name\":\"Astrid Osenbr\u00fcck\",\"sameAs\":[\"http:\/\/www.dahme-heideseen-naturpark.de\"],\"url\":\"https:\/\/www.naturparkmagazin.de\/dahme-heideseen\/author\/astridosenbrueck\/\"}]}<\/script>\n<!-- \/ Yoast SEO plugin. -->","yoast_head_json":{"title":"Tag des offenen Denkmals am 9. September in Selchow - Naturpark Dahme-Heideseen","robots":{"index":"index","follow":"follow","max-snippet":"max-snippet:-1","max-image-preview":"max-image-preview:large","max-video-preview":"max-video-preview:-1"},"canonical":"https:\/\/www.naturparkmagazin.de\/dahme-heideseen\/tag-des-offenen-denkmals-in-selchow\/","og_locale":"de_DE","og_type":"article","og_title":"Tag des offenen Denkmals am 9. September in Selchow - Naturpark Dahme-Heideseen","og_description":"Am Tag des offenen Denkmals \u00f6ffnet das Landhaus Selchow seine T\u00fcren f\u00fcr interessierte Besucher.","og_url":"https:\/\/www.naturparkmagazin.de\/dahme-heideseen\/tag-des-offenen-denkmals-in-selchow\/","og_site_name":"Naturpark Dahme-Heideseen","article_published_time":"2018-08-23T12:21:03+00:00","article_modified_time":"2018-08-23T12:24:22+00:00","og_image":[{"width":4996,"height":2610,"url":"https:\/\/www.naturparkmagazin.de\/dahme-heideseen\/wp-content\/uploads\/sites\/37\/denkmaltag-fb.jpg","type":"image\/jpeg"}],"author":"Astrid Osenbr\u00fcck","twitter_misc":{"Verfasst von":"Astrid Osenbr\u00fcck","Gesch\u00e4tzte Lesezeit":"1\u00a0Minute"},"schema":{"@context":"https:\/\/schema.org","@graph":[{"@type":"WebPage","@id":"https:\/\/www.naturparkmagazin.de\/dahme-heideseen\/tag-des-offenen-denkmals-in-selchow\/","url":"https:\/\/www.naturparkmagazin.de\/dahme-heideseen\/tag-des-offenen-denkmals-in-selchow\/","name":"Tag des offenen Denkmals am 9. September in Selchow - Naturpark Dahme-Heideseen","isPartOf":{"@id":"https:\/\/www.naturparkmagazin.de\/dahme-heideseen\/#website"},"datePublished":"2018-08-23T12:21:03+00:00","dateModified":"2018-08-23T12:24:22+00:00","author":{"@id":"https:\/\/www.naturparkmagazin.de\/dahme-heideseen\/#\/schema\/person\/a0510aafafdf8183c95fc98faf0c9f21"},"breadcrumb":{"@id":"https:\/\/www.naturparkmagazin.de\/dahme-heideseen\/tag-des-offenen-denkmals-in-selchow\/#breadcrumb"},"inLanguage":"de","potentialAction":[{"@type":"ReadAction","target":["https:\/\/www.naturparkmagazin.de\/dahme-heideseen\/tag-des-offenen-denkmals-in-selchow\/"]}]},{"@type":"BreadcrumbList","@id":"https:\/\/www.naturparkmagazin.de\/dahme-heideseen\/tag-des-offenen-denkmals-in-selchow\/#breadcrumb","itemListElement":[{"@type":"ListItem","position":1,"name":"Home","item":"https:\/\/www.naturparkmagazin.de\/dahme-heideseen\/"},{"@type":"ListItem","position":2,"name":"Tag des offenen Denkmals am 9. September in Selchow"}]},{"@type":"WebSite","@id":"https:\/\/www.naturparkmagazin.de\/dahme-heideseen\/#website","url":"https:\/\/www.naturparkmagazin.de\/dahme-heideseen\/","name":"Naturpark Dahme-Heideseen","description":"","potentialAction":[{"@type":"SearchAction","target":{"@type":"EntryPoint","urlTemplate":"https:\/\/www.naturparkmagazin.de\/dahme-heideseen\/?s={search_term_string}"},"query-input":"required name=search_term_string"}],"inLanguage":"de"},{"@type":"Person","@id":"https:\/\/www.naturparkmagazin.de\/dahme-heideseen\/#\/schema\/person\/a0510aafafdf8183c95fc98faf0c9f21","name":"Astrid Osenbr\u00fcck","sameAs":["http:\/\/www.dahme-heideseen-naturpark.de"],"url":"https:\/\/www.naturparkmagazin.de\/dahme-heideseen\/author\/astridosenbrueck\/"}]}},"_links":{"self":[{"href":"https:\/\/www.naturparkmagazin.de\/dahme-heideseen\/wp-json\/wp\/v2\/posts\/2675"}],"collection":[{"href":"https:\/\/www.naturparkmagazin.de\/dahme-heideseen\/wp-json\/wp\/v2\/posts"}],"about":[{"href":"https:\/\/www.naturparkmagazin.de\/dahme-heideseen\/wp-json\/wp\/v2\/types\/post"}],"author":[{"embeddable":true,"href":"https:\/\/www.naturparkmagazin.de\/dahme-heideseen\/wp-json\/wp\/v2\/users\/83"}],"replies":[{"embeddable":true,"href":"https:\/\/www.naturparkmagazin.de\/dahme-heideseen\/wp-json\/wp\/v2\/comments?post=2675"}],"version-history":[{"count":3,"href":"https:\/\/www.naturparkmagazin.de\/dahme-heideseen\/wp-json\/wp\/v2\/posts\/2675\/revisions"}],"predecessor-version":[{"id":2680,"href":"https:\/\/www.naturparkmagazin.de\/dahme-heideseen\/wp-json\/wp\/v2\/posts\/2675\/revisions\/2680"}],"wp:featuredmedia":[{"embeddable":true,"href":"https:\/\/www.naturparkmagazin.de\/dahme-heideseen\/wp-json\/wp\/v2\/media\/2676"}],"wp:attachment":[{"href":"https:\/\/www.naturparkmagazin.de\/dahme-heideseen\/wp-json\/wp\/v2\/media?parent=2675"}],"wp:term":[{"taxonomy":"category","embeddable":true,"href":"https:\/\/www.naturparkmagazin.de\/dahme-heideseen\/wp-json\/wp\/v2\/categories?post=2675"},{"taxonomy":"post_tag","embeddable":true,"href":"https:\/\/www.naturparkmagazin.de\/dahme-heideseen\/wp-json\/wp\/v2\/tags?post=2675"}],"curies":[{"name":"wp","href":"https:\/\/api.w.org\/{rel}","templated":true}]}}