{"id":2688,"date":"2018-09-21T13:57:47","date_gmt":"2018-09-21T11:57:47","guid":{"rendered":"https:\/\/www.naturparkmagazin.de\/dahme-heideseen\/?p=2688"},"modified":"2018-09-21T14:00:12","modified_gmt":"2018-09-21T12:00:12","slug":"gelungene-ausstellungseroeffnung-im-naturkundemuseum-potsdam","status":"publish","type":"post","link":"https:\/\/www.naturparkmagazin.de\/dahme-heideseen\/gelungene-ausstellungseroeffnung-im-naturkundemuseum-potsdam\/","title":{"rendered":"Gelungene Ausstellungser\u00f6ffnung im Naturkundemuseum Potsdam"},"content":{"rendered":"<p>Am 1. September wurde die Sonderausstellung des Naturparks im Naturkundemuseum Potsdam feierlich er\u00f6ffnet.<\/p>\n<p>Umrahmt wurde diese von einem gut besuchten Symposium im Haus der Natur. Knapp 40 Teilnehmer lauschten gespannt Beitr\u00e4gen \u00fcber den Naturpark, das Leben von Walter Kirsche und weiteren naturschutzfachlichen Beitr\u00e4gen. Das Programm war so bunt und vielf\u00e4ltig wie die Mischung der Veranstalter erhoffen lies. Wer nicht dabei sein konnte, kann sich auf den geplanten Tagungsband freuen. Dieser soll u.a. aus den Vortr\u00e4gen des Symposiums bestehen und bis Mitte 2020 vorliegen.<\/p>\n<p>Zur Mittagszeit versammelten sich alle Teilnehmer im Naturkundemuseum, um der offiziellen Er\u00f6ffnung der Sonderausstellung beizuwohnen. Bereits zuvor f\u00fchrten der Naturparkleiter, Gunnar Heyne und der Direktor des Naturkundemuseums, Dr. Jobst Pf\u00e4nder, Noosha Aubel, Beigeordnete f\u00fcr Bildung, Kultur und Sport, durch die Ausstellung. Diese fand nun w\u00e4rmste Worte f\u00fcr die Ausstellung und erkl\u00e4rte diese f\u00fcr sehr gelungen. So wie Frau Noobels Interesse an einem Besuch im Naturpark geweckt wurde, k\u00f6nnen sich nun auch die Besucher des Naturkundemuseums bis Ende August 2019 zu einem Besuch des Naturparks inspirieren lassen. Im Treppenhaus des Naturkundemuseums werden\u00a0auf\u00a0Infotafeln verschiedene Themen rund um den Naturpark beleuchtet. In mehreren Vitrinen werden Fundst\u00fccke aus der Sammlung von Walter Kirsche pr\u00e4sentiert.\nIm Eingangsbereich des Naturkundemuseum finden Interessierte Flyer und Faltbl\u00e4tter zu spannenden Orten und Veranstaltern im Naturpark.<\/p>\n<p>Der im Jahr 2008 verstorbene Mediziner Prof. Dr. Walter Kirsche wurde am 21. Juni 1920 in Neu-Oelsnitz im Erzgebirge geboren. Nach Medizinstudium, Staatsexamen und Promotion in Berlin wurde Kirsche zun\u00e4chst wissenschaftlicher Assistent und sp\u00e4ter Dozent am Anatomischen Institut der Humboldt-Universit\u00e4t zu Berlin. Kirsche war eine weit \u00fcber das Fachgebiet der Medizin anerkannte Pers\u00f6nlichkeit. 1973 wurde er mit dem Nationalpreis der DDR f\u00fcr seine p\u00e4dagogischen und wissenschaftlichen Leistungen ausgezeichnet. Er war Mitglied und Ehrenmitglied mehrerer nationaler und internationaler Gesellschaften und Vereinigungen. Neben seiner universit\u00e4ren Lehr- und Forschungst\u00e4tigkeit widmete sich Kirsche engagiert dem Schutz der Natur und ihrer Lebensformen, insbesondere der Erforschung der europ\u00e4ischen Landschildkr\u00f6ten. Seine naturkundliche Sammlung von zahlreichen Schildkr\u00f6tenpr\u00e4paraten, Insekten und Fossilien \u00fcbertrug Kirsche dem regionalen Umweltschutzzentrum Naturpark Dahme-Heideseen. Teile dieser Sammlung, wie beispielsweise zwei Herbarien, Schildkr\u00f6tenpanzer oder ein Insektenkasten, werden in der Ausstellung gezeigt.<\/p>\n<p>Das Wissenschaftliche Symposium zu Walter Kirsche und der Lebensvielfalt im Dahmeland ist im Rahmen des Bildungsprogrammes Natur und Umwelt der Fachabteilung Naturschutz im Landesamt f\u00fcr Umwelt und in Zusammenarbeit mit der Leibniz-Soziet\u00e4t der Wissenschaften zu Berlin e.V., dem Naturkundemusuem Potsdam, dem Haus der Natur in Potsdam e.V., Natur+Text GmbH und dem Alumni-Club der Charit\u00e9-Universit\u00e4tsmedizin Berlin entwickelt und organisiert worden.<\/p>\n","protected":false},"excerpt":{"rendered":"<p>Am 1. September wurde die Sonderausstellung des Naturparks im Naturkundemuseum Potsdam feierlich er\u00f6ffnet. Umrahmt wurde diese von einem gut besuchten Symposium im Haus der Natur. <\/p>\n","protected":false},"author":83,"featured_media":2690,"comment_status":"open","ping_status":"open","sticky":false,"template":"","format":"standard","meta":[],"categories":[7],"tags":[],"yoast_head":"<!-- This site is optimized with the Yoast SEO plugin v19.10 - https:\/\/yoast.com\/wordpress\/plugins\/seo\/ -->\n<title>Gelungene Ausstellungser\u00f6ffnung im Naturkundemuseum Potsdam - Naturpark Dahme-Heideseen<\/title>\n<meta name=\"robots\" content=\"index, follow, max-snippet:-1, max-image-preview:large, max-video-preview:-1\" \/>\n<link rel=\"canonical\" href=\"https:\/\/www.naturparkmagazin.de\/dahme-heideseen\/gelungene-ausstellungseroeffnung-im-naturkundemuseum-potsdam\/\" \/>\n<meta property=\"og:locale\" content=\"de_DE\" \/>\n<meta property=\"og:type\" content=\"article\" \/>\n<meta property=\"og:title\" content=\"Gelungene Ausstellungser\u00f6ffnung im Naturkundemuseum Potsdam - Naturpark Dahme-Heideseen\" \/>\n<meta property=\"og:description\" content=\"Am 1. September wurde die Sonderausstellung des Naturparks im Naturkundemuseum Potsdam feierlich er\u00f6ffnet. Umrahmt wurde diese von einem gut besuchten Symposium im Haus der Natur.\" \/>\n<meta property=\"og:url\" content=\"https:\/\/www.naturparkmagazin.de\/dahme-heideseen\/gelungene-ausstellungseroeffnung-im-naturkundemuseum-potsdam\/\" \/>\n<meta property=\"og:site_name\" content=\"Naturpark Dahme-Heideseen\" \/>\n<meta property=\"article:published_time\" content=\"2018-09-21T11:57:47+00:00\" \/>\n<meta property=\"article:modified_time\" content=\"2018-09-21T12:00:12+00:00\" \/>\n<meta property=\"og:image\" content=\"https:\/\/www.naturparkmagazin.de\/dahme-heideseen\/wp-content\/uploads\/sites\/37\/Er\u00f6ffnung_vom_Gl\u00fcck_IMG_4844-Anne-Vierling-NTKM.jpg\" \/>\n\t<meta property=\"og:image:width\" content=\"4744\" \/>\n\t<meta property=\"og:image:height\" content=\"3572\" \/>\n\t<meta property=\"og:image:type\" content=\"image\/jpeg\" \/>\n<meta name=\"author\" content=\"Astrid Osenbr\u00fcck\" \/>\n<meta name=\"twitter:label1\" content=\"Verfasst von\" \/>\n\t<meta name=\"twitter:data1\" content=\"Astrid Osenbr\u00fcck\" \/>\n\t<meta name=\"twitter:label2\" content=\"Gesch\u00e4tzte Lesezeit\" \/>\n\t<meta name=\"twitter:data2\" content=\"2\u00a0Minuten\" \/>\n<script type=\"application\/ld+json\" class=\"yoast-schema-graph\">{\"@context\":\"https:\/\/schema.org\",\"@graph\":[{\"@type\":\"WebPage\",\"@id\":\"https:\/\/www.naturparkmagazin.de\/dahme-heideseen\/gelungene-ausstellungseroeffnung-im-naturkundemuseum-potsdam\/\",\"url\":\"https:\/\/www.naturparkmagazin.de\/dahme-heideseen\/gelungene-ausstellungseroeffnung-im-naturkundemuseum-potsdam\/\",\"name\":\"Gelungene Ausstellungser\u00f6ffnung im Naturkundemuseum Potsdam - Naturpark Dahme-Heideseen\",\"isPartOf\":{\"@id\":\"https:\/\/www.naturparkmagazin.de\/dahme-heideseen\/#website\"},\"datePublished\":\"2018-09-21T11:57:47+00:00\",\"dateModified\":\"2018-09-21T12:00:12+00:00\",\"author\":{\"@id\":\"https:\/\/www.naturparkmagazin.de\/dahme-heideseen\/#\/schema\/person\/a0510aafafdf8183c95fc98faf0c9f21\"},\"breadcrumb\":{\"@id\":\"https:\/\/www.naturparkmagazin.de\/dahme-heideseen\/gelungene-ausstellungseroeffnung-im-naturkundemuseum-potsdam\/#breadcrumb\"},\"inLanguage\":\"de\",\"potentialAction\":[{\"@type\":\"ReadAction\",\"target\":[\"https:\/\/www.naturparkmagazin.de\/dahme-heideseen\/gelungene-ausstellungseroeffnung-im-naturkundemuseum-potsdam\/\"]}]},{\"@type\":\"BreadcrumbList\",\"@id\":\"https:\/\/www.naturparkmagazin.de\/dahme-heideseen\/gelungene-ausstellungseroeffnung-im-naturkundemuseum-potsdam\/#breadcrumb\",\"itemListElement\":[{\"@type\":\"ListItem\",\"position\":1,\"name\":\"Home\",\"item\":\"https:\/\/www.naturparkmagazin.de\/dahme-heideseen\/\"},{\"@type\":\"ListItem\",\"position\":2,\"name\":\"Gelungene Ausstellungser\u00f6ffnung im Naturkundemuseum Potsdam\"}]},{\"@type\":\"WebSite\",\"@id\":\"https:\/\/www.naturparkmagazin.de\/dahme-heideseen\/#website\",\"url\":\"https:\/\/www.naturparkmagazin.de\/dahme-heideseen\/\",\"name\":\"Naturpark Dahme-Heideseen\",\"description\":\"\",\"potentialAction\":[{\"@type\":\"SearchAction\",\"target\":{\"@type\":\"EntryPoint\",\"urlTemplate\":\"https:\/\/www.naturparkmagazin.de\/dahme-heideseen\/?s={search_term_string}\"},\"query-input\":\"required name=search_term_string\"}],\"inLanguage\":\"de\"},{\"@type\":\"Person\",\"@id\":\"https:\/\/www.naturparkmagazin.de\/dahme-heideseen\/#\/schema\/person\/a0510aafafdf8183c95fc98faf0c9f21\",\"name\":\"Astrid Osenbr\u00fcck\",\"sameAs\":[\"http:\/\/www.dahme-heideseen-naturpark.de\"],\"url\":\"https:\/\/www.naturparkmagazin.de\/dahme-heideseen\/author\/astridosenbrueck\/\"}]}<\/script>\n<!-- \/ Yoast SEO plugin. -->","yoast_head_json":{"title":"Gelungene Ausstellungser\u00f6ffnung im Naturkundemuseum Potsdam - Naturpark Dahme-Heideseen","robots":{"index":"index","follow":"follow","max-snippet":"max-snippet:-1","max-image-preview":"max-image-preview:large","max-video-preview":"max-video-preview:-1"},"canonical":"https:\/\/www.naturparkmagazin.de\/dahme-heideseen\/gelungene-ausstellungseroeffnung-im-naturkundemuseum-potsdam\/","og_locale":"de_DE","og_type":"article","og_title":"Gelungene Ausstellungser\u00f6ffnung im Naturkundemuseum Potsdam - Naturpark Dahme-Heideseen","og_description":"Am 1. September wurde die Sonderausstellung des Naturparks im Naturkundemuseum Potsdam feierlich er\u00f6ffnet. Umrahmt wurde diese von einem gut besuchten Symposium im Haus der Natur.","og_url":"https:\/\/www.naturparkmagazin.de\/dahme-heideseen\/gelungene-ausstellungseroeffnung-im-naturkundemuseum-potsdam\/","og_site_name":"Naturpark Dahme-Heideseen","article_published_time":"2018-09-21T11:57:47+00:00","article_modified_time":"2018-09-21T12:00:12+00:00","og_image":[{"width":4744,"height":3572,"url":"https:\/\/www.naturparkmagazin.de\/dahme-heideseen\/wp-content\/uploads\/sites\/37\/Er\u00f6ffnung_vom_Gl\u00fcck_IMG_4844-Anne-Vierling-NTKM.jpg","type":"image\/jpeg"}],"author":"Astrid Osenbr\u00fcck","twitter_misc":{"Verfasst von":"Astrid Osenbr\u00fcck","Gesch\u00e4tzte Lesezeit":"2\u00a0Minuten"},"schema":{"@context":"https:\/\/schema.org","@graph":[{"@type":"WebPage","@id":"https:\/\/www.naturparkmagazin.de\/dahme-heideseen\/gelungene-ausstellungseroeffnung-im-naturkundemuseum-potsdam\/","url":"https:\/\/www.naturparkmagazin.de\/dahme-heideseen\/gelungene-ausstellungseroeffnung-im-naturkundemuseum-potsdam\/","name":"Gelungene Ausstellungser\u00f6ffnung im Naturkundemuseum Potsdam - Naturpark Dahme-Heideseen","isPartOf":{"@id":"https:\/\/www.naturparkmagazin.de\/dahme-heideseen\/#website"},"datePublished":"2018-09-21T11:57:47+00:00","dateModified":"2018-09-21T12:00:12+00:00","author":{"@id":"https:\/\/www.naturparkmagazin.de\/dahme-heideseen\/#\/schema\/person\/a0510aafafdf8183c95fc98faf0c9f21"},"breadcrumb":{"@id":"https:\/\/www.naturparkmagazin.de\/dahme-heideseen\/gelungene-ausstellungseroeffnung-im-naturkundemuseum-potsdam\/#breadcrumb"},"inLanguage":"de","potentialAction":[{"@type":"ReadAction","target":["https:\/\/www.naturparkmagazin.de\/dahme-heideseen\/gelungene-ausstellungseroeffnung-im-naturkundemuseum-potsdam\/"]}]},{"@type":"BreadcrumbList","@id":"https:\/\/www.naturparkmagazin.de\/dahme-heideseen\/gelungene-ausstellungseroeffnung-im-naturkundemuseum-potsdam\/#breadcrumb","itemListElement":[{"@type":"ListItem","position":1,"name":"Home","item":"https:\/\/www.naturparkmagazin.de\/dahme-heideseen\/"},{"@type":"ListItem","position":2,"name":"Gelungene Ausstellungser\u00f6ffnung im Naturkundemuseum Potsdam"}]},{"@type":"WebSite","@id":"https:\/\/www.naturparkmagazin.de\/dahme-heideseen\/#website","url":"https:\/\/www.naturparkmagazin.de\/dahme-heideseen\/","name":"Naturpark Dahme-Heideseen","description":"","potentialAction":[{"@type":"SearchAction","target":{"@type":"EntryPoint","urlTemplate":"https:\/\/www.naturparkmagazin.de\/dahme-heideseen\/?s={search_term_string}"},"query-input":"required name=search_term_string"}],"inLanguage":"de"},{"@type":"Person","@id":"https:\/\/www.naturparkmagazin.de\/dahme-heideseen\/#\/schema\/person\/a0510aafafdf8183c95fc98faf0c9f21","name":"Astrid Osenbr\u00fcck","sameAs":["http:\/\/www.dahme-heideseen-naturpark.de"],"url":"https:\/\/www.naturparkmagazin.de\/dahme-heideseen\/author\/astridosenbrueck\/"}]}},"_links":{"self":[{"href":"https:\/\/www.naturparkmagazin.de\/dahme-heideseen\/wp-json\/wp\/v2\/posts\/2688"}],"collection":[{"href":"https:\/\/www.naturparkmagazin.de\/dahme-heideseen\/wp-json\/wp\/v2\/posts"}],"about":[{"href":"https:\/\/www.naturparkmagazin.de\/dahme-heideseen\/wp-json\/wp\/v2\/types\/post"}],"author":[{"embeddable":true,"href":"https:\/\/www.naturparkmagazin.de\/dahme-heideseen\/wp-json\/wp\/v2\/users\/83"}],"replies":[{"embeddable":true,"href":"https:\/\/www.naturparkmagazin.de\/dahme-heideseen\/wp-json\/wp\/v2\/comments?post=2688"}],"version-history":[{"count":4,"href":"https:\/\/www.naturparkmagazin.de\/dahme-heideseen\/wp-json\/wp\/v2\/posts\/2688\/revisions"}],"predecessor-version":[{"id":2737,"href":"https:\/\/www.naturparkmagazin.de\/dahme-heideseen\/wp-json\/wp\/v2\/posts\/2688\/revisions\/2737"}],"wp:featuredmedia":[{"embeddable":true,"href":"https:\/\/www.naturparkmagazin.de\/dahme-heideseen\/wp-json\/wp\/v2\/media\/2690"}],"wp:attachment":[{"href":"https:\/\/www.naturparkmagazin.de\/dahme-heideseen\/wp-json\/wp\/v2\/media?parent=2688"}],"wp:term":[{"taxonomy":"category","embeddable":true,"href":"https:\/\/www.naturparkmagazin.de\/dahme-heideseen\/wp-json\/wp\/v2\/categories?post=2688"},{"taxonomy":"post_tag","embeddable":true,"href":"https:\/\/www.naturparkmagazin.de\/dahme-heideseen\/wp-json\/wp\/v2\/tags?post=2688"}],"curies":[{"name":"wp","href":"https:\/\/api.w.org\/{rel}","templated":true}]}}