{"id":2705,"date":"2018-09-21T13:53:57","date_gmt":"2018-09-21T11:53:57","guid":{"rendered":"https:\/\/www.naturparkmagazin.de\/dahme-heideseen\/?p=2705"},"modified":"2018-09-21T13:56:47","modified_gmt":"2018-09-21T11:56:47","slug":"neue-gesichter-im-naturpark","status":"publish","type":"post","link":"https:\/\/www.naturparkmagazin.de\/dahme-heideseen\/neue-gesichter-im-naturpark\/","title":{"rendered":"Neue Gesichter im Naturpark&#8230;"},"content":{"rendered":"<p><span style=\"color: #000000;font-family: Calibri\">Seit Anfang September verst\u00e4rken zwei neue Mitarbeiterinnen das Team des Naturparks.<\/span><\/p>\n<p><span style=\"color: #000000;font-family: Calibri\">Astrid Osenbr\u00fcck \u00fcbernimmt im Rahmen einer Krankheitsvertretung den Bereich der \u00d6ffentlichkeitsarbeit. Zuvor hat sie beim Landesamt f\u00fcr Umwelt im Bereich \u00d6ffentlichkeitsarbeit\/Naturtourismus mitgewirkt und konnte bereits einen ersten Einblick in die Arbeit der Naturparke Brandenburgs gewinnen.\u00a0Die geb\u00fcrtige K\u00f6lnerin lebt seit einigen Jahren in Brandenburg und ist von den vielen\u00a0Natursch\u00e4tzen, die das Bundesland zu bieten hat, begeistert. Nach ihrem naturschutzfachlich ausgerichteten \u00a0Studium\u00a0m\u00f6chte\u00a0Sie diese Begeisterung weitergeben. <\/span><\/p>\n<p><span style=\"color: #000000;font-family: Calibri\"><span style=\"color: #000000;font-family: Calibri\"><span style=\"color: #000000;font-family: Calibri\">Weiterhin hilft seit wenigen Wochen\u00a0Lucy Burba als Bundesfreiwillige im Naturpark aus. Nach dem Abitur hatte sie eine\u00a0vage Vorstellung davon, wie\u00a0es in Zukunft weitergehen soll. Klar war ihr aber, dass sie nicht sofort ein Studium oder eine Ausbildung beginnen wollte, weswegen sie sich nach Alternativen erkundigte. Nach ein paar \u00dcberlegungen hat sie sich f\u00fcr ein freiwilliges Jahr entschieden.\u00a0Dieses m\u00f6chte sie\u00a0nutzen, um selbst\u00e4ndiger und selbstbewusster zu werden. Vor allem die kreative Gestaltung hat es ihr angetan: \u201eIn meiner Freizeit bin ich sehr gerne kreativ t\u00e4tig. Ob mit Stift und Papier bewaffnet oder mit der Kamera die Umwelt erkunden.\u201c <\/span><\/span><\/span><\/p>\n<p><span style=\"color: #000000;font-family: Calibri\">Die Beiden freuen sich sehr, im Naturpark mitzuwirken und das Naturpark-Team zu unterst\u00fctzen.<\/span><\/p>\n","protected":false},"excerpt":{"rendered":"<p>Seit Anfang September verst\u00e4rken zwei neue Mitarbeiterinnen das Team des Naturparks.<\/p>\n","protected":false},"author":83,"featured_media":2716,"comment_status":"open","ping_status":"open","sticky":false,"template":"","format":"standard","meta":[],"categories":[7],"tags":[],"yoast_head":"<!-- This site is optimized with the Yoast SEO plugin v19.10 - https:\/\/yoast.com\/wordpress\/plugins\/seo\/ -->\n<title>Neue Gesichter im Naturpark... - Naturpark Dahme-Heideseen<\/title>\n<meta name=\"robots\" content=\"index, follow, max-snippet:-1, max-image-preview:large, max-video-preview:-1\" \/>\n<link rel=\"canonical\" href=\"https:\/\/www.naturparkmagazin.de\/dahme-heideseen\/neue-gesichter-im-naturpark\/\" \/>\n<meta property=\"og:locale\" content=\"de_DE\" \/>\n<meta property=\"og:type\" content=\"article\" \/>\n<meta property=\"og:title\" content=\"Neue Gesichter im Naturpark... - Naturpark Dahme-Heideseen\" \/>\n<meta property=\"og:description\" content=\"Seit Anfang September verst\u00e4rken zwei neue Mitarbeiterinnen das Team des Naturparks.\" \/>\n<meta property=\"og:url\" content=\"https:\/\/www.naturparkmagazin.de\/dahme-heideseen\/neue-gesichter-im-naturpark\/\" \/>\n<meta property=\"og:site_name\" content=\"Naturpark Dahme-Heideseen\" \/>\n<meta property=\"article:published_time\" content=\"2018-09-21T11:53:57+00:00\" \/>\n<meta property=\"article:modified_time\" content=\"2018-09-21T11:56:47+00:00\" \/>\n<meta property=\"og:image\" content=\"https:\/\/www.naturparkmagazin.de\/dahme-heideseen\/wp-content\/uploads\/sites\/37\/Neu-im-Team.png\" \/>\n\t<meta property=\"og:image:width\" content=\"787\" \/>\n\t<meta property=\"og:image:height\" content=\"558\" \/>\n\t<meta property=\"og:image:type\" content=\"image\/png\" \/>\n<meta name=\"author\" content=\"Astrid Osenbr\u00fcck\" \/>\n<meta name=\"twitter:label1\" content=\"Verfasst von\" \/>\n\t<meta name=\"twitter:data1\" content=\"Astrid Osenbr\u00fcck\" \/>\n\t<meta name=\"twitter:label2\" content=\"Gesch\u00e4tzte Lesezeit\" \/>\n\t<meta name=\"twitter:data2\" content=\"1\u00a0Minute\" \/>\n<script type=\"application\/ld+json\" class=\"yoast-schema-graph\">{\"@context\":\"https:\/\/schema.org\",\"@graph\":[{\"@type\":\"WebPage\",\"@id\":\"https:\/\/www.naturparkmagazin.de\/dahme-heideseen\/neue-gesichter-im-naturpark\/\",\"url\":\"https:\/\/www.naturparkmagazin.de\/dahme-heideseen\/neue-gesichter-im-naturpark\/\",\"name\":\"Neue Gesichter im Naturpark... - Naturpark Dahme-Heideseen\",\"isPartOf\":{\"@id\":\"https:\/\/www.naturparkmagazin.de\/dahme-heideseen\/#website\"},\"datePublished\":\"2018-09-21T11:53:57+00:00\",\"dateModified\":\"2018-09-21T11:56:47+00:00\",\"author\":{\"@id\":\"https:\/\/www.naturparkmagazin.de\/dahme-heideseen\/#\/schema\/person\/a0510aafafdf8183c95fc98faf0c9f21\"},\"breadcrumb\":{\"@id\":\"https:\/\/www.naturparkmagazin.de\/dahme-heideseen\/neue-gesichter-im-naturpark\/#breadcrumb\"},\"inLanguage\":\"de\",\"potentialAction\":[{\"@type\":\"ReadAction\",\"target\":[\"https:\/\/www.naturparkmagazin.de\/dahme-heideseen\/neue-gesichter-im-naturpark\/\"]}]},{\"@type\":\"BreadcrumbList\",\"@id\":\"https:\/\/www.naturparkmagazin.de\/dahme-heideseen\/neue-gesichter-im-naturpark\/#breadcrumb\",\"itemListElement\":[{\"@type\":\"ListItem\",\"position\":1,\"name\":\"Home\",\"item\":\"https:\/\/www.naturparkmagazin.de\/dahme-heideseen\/\"},{\"@type\":\"ListItem\",\"position\":2,\"name\":\"Neue Gesichter im Naturpark&#8230;\"}]},{\"@type\":\"WebSite\",\"@id\":\"https:\/\/www.naturparkmagazin.de\/dahme-heideseen\/#website\",\"url\":\"https:\/\/www.naturparkmagazin.de\/dahme-heideseen\/\",\"name\":\"Naturpark Dahme-Heideseen\",\"description\":\"\",\"potentialAction\":[{\"@type\":\"SearchAction\",\"target\":{\"@type\":\"EntryPoint\",\"urlTemplate\":\"https:\/\/www.naturparkmagazin.de\/dahme-heideseen\/?s={search_term_string}\"},\"query-input\":\"required name=search_term_string\"}],\"inLanguage\":\"de\"},{\"@type\":\"Person\",\"@id\":\"https:\/\/www.naturparkmagazin.de\/dahme-heideseen\/#\/schema\/person\/a0510aafafdf8183c95fc98faf0c9f21\",\"name\":\"Astrid Osenbr\u00fcck\",\"sameAs\":[\"http:\/\/www.dahme-heideseen-naturpark.de\"],\"url\":\"https:\/\/www.naturparkmagazin.de\/dahme-heideseen\/author\/astridosenbrueck\/\"}]}<\/script>\n<!-- \/ Yoast SEO plugin. -->","yoast_head_json":{"title":"Neue Gesichter im Naturpark... - Naturpark Dahme-Heideseen","robots":{"index":"index","follow":"follow","max-snippet":"max-snippet:-1","max-image-preview":"max-image-preview:large","max-video-preview":"max-video-preview:-1"},"canonical":"https:\/\/www.naturparkmagazin.de\/dahme-heideseen\/neue-gesichter-im-naturpark\/","og_locale":"de_DE","og_type":"article","og_title":"Neue Gesichter im Naturpark... - Naturpark Dahme-Heideseen","og_description":"Seit Anfang September verst\u00e4rken zwei neue Mitarbeiterinnen das Team des Naturparks.","og_url":"https:\/\/www.naturparkmagazin.de\/dahme-heideseen\/neue-gesichter-im-naturpark\/","og_site_name":"Naturpark Dahme-Heideseen","article_published_time":"2018-09-21T11:53:57+00:00","article_modified_time":"2018-09-21T11:56:47+00:00","og_image":[{"width":787,"height":558,"url":"https:\/\/www.naturparkmagazin.de\/dahme-heideseen\/wp-content\/uploads\/sites\/37\/Neu-im-Team.png","type":"image\/png"}],"author":"Astrid Osenbr\u00fcck","twitter_misc":{"Verfasst von":"Astrid Osenbr\u00fcck","Gesch\u00e4tzte Lesezeit":"1\u00a0Minute"},"schema":{"@context":"https:\/\/schema.org","@graph":[{"@type":"WebPage","@id":"https:\/\/www.naturparkmagazin.de\/dahme-heideseen\/neue-gesichter-im-naturpark\/","url":"https:\/\/www.naturparkmagazin.de\/dahme-heideseen\/neue-gesichter-im-naturpark\/","name":"Neue Gesichter im Naturpark... - Naturpark Dahme-Heideseen","isPartOf":{"@id":"https:\/\/www.naturparkmagazin.de\/dahme-heideseen\/#website"},"datePublished":"2018-09-21T11:53:57+00:00","dateModified":"2018-09-21T11:56:47+00:00","author":{"@id":"https:\/\/www.naturparkmagazin.de\/dahme-heideseen\/#\/schema\/person\/a0510aafafdf8183c95fc98faf0c9f21"},"breadcrumb":{"@id":"https:\/\/www.naturparkmagazin.de\/dahme-heideseen\/neue-gesichter-im-naturpark\/#breadcrumb"},"inLanguage":"de","potentialAction":[{"@type":"ReadAction","target":["https:\/\/www.naturparkmagazin.de\/dahme-heideseen\/neue-gesichter-im-naturpark\/"]}]},{"@type":"BreadcrumbList","@id":"https:\/\/www.naturparkmagazin.de\/dahme-heideseen\/neue-gesichter-im-naturpark\/#breadcrumb","itemListElement":[{"@type":"ListItem","position":1,"name":"Home","item":"https:\/\/www.naturparkmagazin.de\/dahme-heideseen\/"},{"@type":"ListItem","position":2,"name":"Neue Gesichter im Naturpark&#8230;"}]},{"@type":"WebSite","@id":"https:\/\/www.naturparkmagazin.de\/dahme-heideseen\/#website","url":"https:\/\/www.naturparkmagazin.de\/dahme-heideseen\/","name":"Naturpark Dahme-Heideseen","description":"","potentialAction":[{"@type":"SearchAction","target":{"@type":"EntryPoint","urlTemplate":"https:\/\/www.naturparkmagazin.de\/dahme-heideseen\/?s={search_term_string}"},"query-input":"required name=search_term_string"}],"inLanguage":"de"},{"@type":"Person","@id":"https:\/\/www.naturparkmagazin.de\/dahme-heideseen\/#\/schema\/person\/a0510aafafdf8183c95fc98faf0c9f21","name":"Astrid Osenbr\u00fcck","sameAs":["http:\/\/www.dahme-heideseen-naturpark.de"],"url":"https:\/\/www.naturparkmagazin.de\/dahme-heideseen\/author\/astridosenbrueck\/"}]}},"_links":{"self":[{"href":"https:\/\/www.naturparkmagazin.de\/dahme-heideseen\/wp-json\/wp\/v2\/posts\/2705"}],"collection":[{"href":"https:\/\/www.naturparkmagazin.de\/dahme-heideseen\/wp-json\/wp\/v2\/posts"}],"about":[{"href":"https:\/\/www.naturparkmagazin.de\/dahme-heideseen\/wp-json\/wp\/v2\/types\/post"}],"author":[{"embeddable":true,"href":"https:\/\/www.naturparkmagazin.de\/dahme-heideseen\/wp-json\/wp\/v2\/users\/83"}],"replies":[{"embeddable":true,"href":"https:\/\/www.naturparkmagazin.de\/dahme-heideseen\/wp-json\/wp\/v2\/comments?post=2705"}],"version-history":[{"count":7,"href":"https:\/\/www.naturparkmagazin.de\/dahme-heideseen\/wp-json\/wp\/v2\/posts\/2705\/revisions"}],"predecessor-version":[{"id":2733,"href":"https:\/\/www.naturparkmagazin.de\/dahme-heideseen\/wp-json\/wp\/v2\/posts\/2705\/revisions\/2733"}],"wp:featuredmedia":[{"embeddable":true,"href":"https:\/\/www.naturparkmagazin.de\/dahme-heideseen\/wp-json\/wp\/v2\/media\/2716"}],"wp:attachment":[{"href":"https:\/\/www.naturparkmagazin.de\/dahme-heideseen\/wp-json\/wp\/v2\/media?parent=2705"}],"wp:term":[{"taxonomy":"category","embeddable":true,"href":"https:\/\/www.naturparkmagazin.de\/dahme-heideseen\/wp-json\/wp\/v2\/categories?post=2705"},{"taxonomy":"post_tag","embeddable":true,"href":"https:\/\/www.naturparkmagazin.de\/dahme-heideseen\/wp-json\/wp\/v2\/tags?post=2705"}],"curies":[{"name":"wp","href":"https:\/\/api.w.org\/{rel}","templated":true}]}}