{"id":2717,"date":"2018-09-21T11:55:03","date_gmt":"2018-09-21T09:55:03","guid":{"rendered":"https:\/\/www.naturparkmagazin.de\/dahme-heideseen\/?p=2717"},"modified":"2018-09-26T15:24:31","modified_gmt":"2018-09-26T13:24:31","slug":"2717","status":"publish","type":"post","link":"https:\/\/www.naturparkmagazin.de\/dahme-heideseen\/2717\/","title":{"rendered":"Liebe Leserin, lieber Leser,"},"content":{"rendered":"<p>Mitte\u00a0September hat der Naturpark Dahme-Heideseen\u00a0offiziell sein 20-j\u00e4hriges Bestehen gefeiert. Damit neigt sich eine ereignisreiche Zeit mit zahlreichen Jubil\u00e4ums-Veranstaltungen dem Ende entgegen. Doch auch weiterhin k\u00f6nnen die in diesem Rahmen entstandenen Ausstellungen besucht werden &#8211;\u00a0neben der Ausstellung im Naturkundemuseum Potsdam k\u00f6nnen neuerdings\u00a0auch zwei Sonderausstellungen auf der Burg Storkow bewundert werden. So schm\u00fccken ausdrucksstarke Bilder der Fotografen Anneli Kr\u00e4mer, Klaus Weber, Erhard Laube und Andreas Batke\u00a0die Galerie der Burg und machen Lust auf eigene Naturbeobachtung. Weiterhin pr\u00e4sentiert die Ausstellung &#8222;Bunt ist meine Lieblingsfarbe!&#8220; verschiedene Lebensr\u00e4ume des Naturparks auf unterhaltsame Weise.<\/p>\n<p>F\u00fchlen Sie sich zu einem Besuch auf der Burg Storkow und im Naturpark recht herzlich eingeladen!<\/p>\n<p>Viel Spa\u00df beim Lesen w\u00fcnscht<\/p>\n<p>Ihr Naturparkteam<\/p>\n<p>&nbsp;<\/p>\n<p>&nbsp;<\/p>\n","protected":false},"excerpt":{"rendered":"<p>Mitte\u00a0September hat der Naturpark Dahme-Heideseen\u00a0offiziell sein 20-j\u00e4hriges Bestehen gefeiert. Damit neigt sich eine ereignisreiche Zeit mit zahlreichen Jubil\u00e4ums-Veranstaltungen dem Ende entgegen. Doch auch weiterhin k\u00f6nnen die in diesem Rahmen entstandenen Ausstellungen besucht werden &#8211;\u00a0neben der Ausstellung im Naturkundemuseum Potsdam k\u00f6nnen neuerdings\u00a0auch zwei Sonderausstellungen auf der Burg Storkow bewundert werden. So schm\u00fccken ausdrucksstarke Bilder der Fotografen<\/p>\n","protected":false},"author":83,"featured_media":0,"comment_status":"open","ping_status":"open","sticky":false,"template":"","format":"standard","meta":[],"categories":[52],"tags":[],"yoast_head":"<!-- This site is optimized with the Yoast SEO plugin v19.10 - https:\/\/yoast.com\/wordpress\/plugins\/seo\/ -->\n<title>Liebe Leserin, lieber Leser, - Naturpark Dahme-Heideseen<\/title>\n<meta name=\"robots\" content=\"index, follow, max-snippet:-1, max-image-preview:large, max-video-preview:-1\" \/>\n<link rel=\"canonical\" href=\"https:\/\/www.naturparkmagazin.de\/dahme-heideseen\/2717\/\" \/>\n<meta property=\"og:locale\" content=\"de_DE\" \/>\n<meta property=\"og:type\" content=\"article\" \/>\n<meta property=\"og:title\" content=\"Liebe Leserin, lieber Leser, - Naturpark Dahme-Heideseen\" \/>\n<meta property=\"og:description\" content=\"Mitte\u00a0September hat der Naturpark Dahme-Heideseen\u00a0offiziell sein 20-j\u00e4hriges Bestehen gefeiert. Damit neigt sich eine ereignisreiche Zeit mit zahlreichen Jubil\u00e4ums-Veranstaltungen dem Ende entgegen. Doch auch weiterhin k\u00f6nnen die in diesem Rahmen entstandenen Ausstellungen besucht werden &#8211;\u00a0neben der Ausstellung im Naturkundemuseum Potsdam k\u00f6nnen neuerdings\u00a0auch zwei Sonderausstellungen auf der Burg Storkow bewundert werden. So schm\u00fccken ausdrucksstarke Bilder der Fotografen\" \/>\n<meta property=\"og:url\" content=\"https:\/\/www.naturparkmagazin.de\/dahme-heideseen\/2717\/\" \/>\n<meta property=\"og:site_name\" content=\"Naturpark Dahme-Heideseen\" \/>\n<meta property=\"article:published_time\" content=\"2018-09-21T09:55:03+00:00\" \/>\n<meta property=\"article:modified_time\" content=\"2018-09-26T13:24:31+00:00\" \/>\n<meta name=\"author\" content=\"Astrid Osenbr\u00fcck\" \/>\n<meta name=\"twitter:label1\" content=\"Verfasst von\" \/>\n\t<meta name=\"twitter:data1\" content=\"Astrid Osenbr\u00fcck\" \/>\n\t<meta name=\"twitter:label2\" content=\"Gesch\u00e4tzte Lesezeit\" \/>\n\t<meta name=\"twitter:data2\" content=\"1\u00a0Minute\" \/>\n<script type=\"application\/ld+json\" class=\"yoast-schema-graph\">{\"@context\":\"https:\/\/schema.org\",\"@graph\":[{\"@type\":\"WebPage\",\"@id\":\"https:\/\/www.naturparkmagazin.de\/dahme-heideseen\/2717\/\",\"url\":\"https:\/\/www.naturparkmagazin.de\/dahme-heideseen\/2717\/\",\"name\":\"Liebe Leserin, lieber Leser, - Naturpark Dahme-Heideseen\",\"isPartOf\":{\"@id\":\"https:\/\/www.naturparkmagazin.de\/dahme-heideseen\/#website\"},\"datePublished\":\"2018-09-21T09:55:03+00:00\",\"dateModified\":\"2018-09-26T13:24:31+00:00\",\"author\":{\"@id\":\"https:\/\/www.naturparkmagazin.de\/dahme-heideseen\/#\/schema\/person\/a0510aafafdf8183c95fc98faf0c9f21\"},\"breadcrumb\":{\"@id\":\"https:\/\/www.naturparkmagazin.de\/dahme-heideseen\/2717\/#breadcrumb\"},\"inLanguage\":\"de\",\"potentialAction\":[{\"@type\":\"ReadAction\",\"target\":[\"https:\/\/www.naturparkmagazin.de\/dahme-heideseen\/2717\/\"]}]},{\"@type\":\"BreadcrumbList\",\"@id\":\"https:\/\/www.naturparkmagazin.de\/dahme-heideseen\/2717\/#breadcrumb\",\"itemListElement\":[{\"@type\":\"ListItem\",\"position\":1,\"name\":\"Home\",\"item\":\"https:\/\/www.naturparkmagazin.de\/dahme-heideseen\/\"},{\"@type\":\"ListItem\",\"position\":2,\"name\":\"Liebe Leserin, lieber Leser,\"}]},{\"@type\":\"WebSite\",\"@id\":\"https:\/\/www.naturparkmagazin.de\/dahme-heideseen\/#website\",\"url\":\"https:\/\/www.naturparkmagazin.de\/dahme-heideseen\/\",\"name\":\"Naturpark Dahme-Heideseen\",\"description\":\"\",\"potentialAction\":[{\"@type\":\"SearchAction\",\"target\":{\"@type\":\"EntryPoint\",\"urlTemplate\":\"https:\/\/www.naturparkmagazin.de\/dahme-heideseen\/?s={search_term_string}\"},\"query-input\":\"required name=search_term_string\"}],\"inLanguage\":\"de\"},{\"@type\":\"Person\",\"@id\":\"https:\/\/www.naturparkmagazin.de\/dahme-heideseen\/#\/schema\/person\/a0510aafafdf8183c95fc98faf0c9f21\",\"name\":\"Astrid Osenbr\u00fcck\",\"sameAs\":[\"http:\/\/www.dahme-heideseen-naturpark.de\"],\"url\":\"https:\/\/www.naturparkmagazin.de\/dahme-heideseen\/author\/astridosenbrueck\/\"}]}<\/script>\n<!-- \/ Yoast SEO plugin. -->","yoast_head_json":{"title":"Liebe Leserin, lieber Leser, - Naturpark Dahme-Heideseen","robots":{"index":"index","follow":"follow","max-snippet":"max-snippet:-1","max-image-preview":"max-image-preview:large","max-video-preview":"max-video-preview:-1"},"canonical":"https:\/\/www.naturparkmagazin.de\/dahme-heideseen\/2717\/","og_locale":"de_DE","og_type":"article","og_title":"Liebe Leserin, lieber Leser, - Naturpark Dahme-Heideseen","og_description":"Mitte\u00a0September hat der Naturpark Dahme-Heideseen\u00a0offiziell sein 20-j\u00e4hriges Bestehen gefeiert. Damit neigt sich eine ereignisreiche Zeit mit zahlreichen Jubil\u00e4ums-Veranstaltungen dem Ende entgegen. Doch auch weiterhin k\u00f6nnen die in diesem Rahmen entstandenen Ausstellungen besucht werden &#8211;\u00a0neben der Ausstellung im Naturkundemuseum Potsdam k\u00f6nnen neuerdings\u00a0auch zwei Sonderausstellungen auf der Burg Storkow bewundert werden. So schm\u00fccken ausdrucksstarke Bilder der Fotografen","og_url":"https:\/\/www.naturparkmagazin.de\/dahme-heideseen\/2717\/","og_site_name":"Naturpark Dahme-Heideseen","article_published_time":"2018-09-21T09:55:03+00:00","article_modified_time":"2018-09-26T13:24:31+00:00","author":"Astrid Osenbr\u00fcck","twitter_misc":{"Verfasst von":"Astrid Osenbr\u00fcck","Gesch\u00e4tzte Lesezeit":"1\u00a0Minute"},"schema":{"@context":"https:\/\/schema.org","@graph":[{"@type":"WebPage","@id":"https:\/\/www.naturparkmagazin.de\/dahme-heideseen\/2717\/","url":"https:\/\/www.naturparkmagazin.de\/dahme-heideseen\/2717\/","name":"Liebe Leserin, lieber Leser, - Naturpark Dahme-Heideseen","isPartOf":{"@id":"https:\/\/www.naturparkmagazin.de\/dahme-heideseen\/#website"},"datePublished":"2018-09-21T09:55:03+00:00","dateModified":"2018-09-26T13:24:31+00:00","author":{"@id":"https:\/\/www.naturparkmagazin.de\/dahme-heideseen\/#\/schema\/person\/a0510aafafdf8183c95fc98faf0c9f21"},"breadcrumb":{"@id":"https:\/\/www.naturparkmagazin.de\/dahme-heideseen\/2717\/#breadcrumb"},"inLanguage":"de","potentialAction":[{"@type":"ReadAction","target":["https:\/\/www.naturparkmagazin.de\/dahme-heideseen\/2717\/"]}]},{"@type":"BreadcrumbList","@id":"https:\/\/www.naturparkmagazin.de\/dahme-heideseen\/2717\/#breadcrumb","itemListElement":[{"@type":"ListItem","position":1,"name":"Home","item":"https:\/\/www.naturparkmagazin.de\/dahme-heideseen\/"},{"@type":"ListItem","position":2,"name":"Liebe Leserin, lieber Leser,"}]},{"@type":"WebSite","@id":"https:\/\/www.naturparkmagazin.de\/dahme-heideseen\/#website","url":"https:\/\/www.naturparkmagazin.de\/dahme-heideseen\/","name":"Naturpark Dahme-Heideseen","description":"","potentialAction":[{"@type":"SearchAction","target":{"@type":"EntryPoint","urlTemplate":"https:\/\/www.naturparkmagazin.de\/dahme-heideseen\/?s={search_term_string}"},"query-input":"required name=search_term_string"}],"inLanguage":"de"},{"@type":"Person","@id":"https:\/\/www.naturparkmagazin.de\/dahme-heideseen\/#\/schema\/person\/a0510aafafdf8183c95fc98faf0c9f21","name":"Astrid Osenbr\u00fcck","sameAs":["http:\/\/www.dahme-heideseen-naturpark.de"],"url":"https:\/\/www.naturparkmagazin.de\/dahme-heideseen\/author\/astridosenbrueck\/"}]}},"_links":{"self":[{"href":"https:\/\/www.naturparkmagazin.de\/dahme-heideseen\/wp-json\/wp\/v2\/posts\/2717"}],"collection":[{"href":"https:\/\/www.naturparkmagazin.de\/dahme-heideseen\/wp-json\/wp\/v2\/posts"}],"about":[{"href":"https:\/\/www.naturparkmagazin.de\/dahme-heideseen\/wp-json\/wp\/v2\/types\/post"}],"author":[{"embeddable":true,"href":"https:\/\/www.naturparkmagazin.de\/dahme-heideseen\/wp-json\/wp\/v2\/users\/83"}],"replies":[{"embeddable":true,"href":"https:\/\/www.naturparkmagazin.de\/dahme-heideseen\/wp-json\/wp\/v2\/comments?post=2717"}],"version-history":[{"count":6,"href":"https:\/\/www.naturparkmagazin.de\/dahme-heideseen\/wp-json\/wp\/v2\/posts\/2717\/revisions"}],"predecessor-version":[{"id":2739,"href":"https:\/\/www.naturparkmagazin.de\/dahme-heideseen\/wp-json\/wp\/v2\/posts\/2717\/revisions\/2739"}],"wp:attachment":[{"href":"https:\/\/www.naturparkmagazin.de\/dahme-heideseen\/wp-json\/wp\/v2\/media?parent=2717"}],"wp:term":[{"taxonomy":"category","embeddable":true,"href":"https:\/\/www.naturparkmagazin.de\/dahme-heideseen\/wp-json\/wp\/v2\/categories?post=2717"},{"taxonomy":"post_tag","embeddable":true,"href":"https:\/\/www.naturparkmagazin.de\/dahme-heideseen\/wp-json\/wp\/v2\/tags?post=2717"}],"curies":[{"name":"wp","href":"https:\/\/api.w.org\/{rel}","templated":true}]}}