{"id":2742,"date":"2018-10-16T11:26:16","date_gmt":"2018-10-16T09:26:16","guid":{"rendered":"https:\/\/www.naturparkmagazin.de\/dahme-heideseen\/?p=2742"},"modified":"2018-10-16T11:57:40","modified_gmt":"2018-10-16T09:57:40","slug":"praxisseminar-zum-obstbaumschnitt-am-10-november","status":"publish","type":"post","link":"https:\/\/www.naturparkmagazin.de\/dahme-heideseen\/praxisseminar-zum-obstbaumschnitt-am-10-november\/","title":{"rendered":"Praxisseminar zum Obstbaumschnitt am 10. November"},"content":{"rendered":"<p>Bei dem Praxisseminar zur Kunst des Obtsbaumschnitts zeigt der Gartenbauingenieur und g\u00e4rtnerische Leiter des Biogarten Prieros, Franz Heitzendorfer, Erziehungs- und Erhaltungsschnitte an jungen und alten Obstb\u00e4umen (Apfel, Birne, Pflaume, Kirsche). In Theorie und mit praktischer Vorf\u00fchrung werden die\u00a0wichtigsten Schnittregeln, Schnitttechniken und Werkzeuge vorgestellt.<\/p>\n<p>Ein Mittagsimbiss im Biohof Busch ist m\u00f6glich.<\/p>\n<p>Das Praxisseminar zum Obstbaumschnitt findet im Rahmen der Veranstaltungsreihe &#8222;Du und Dein Garten im Naturpark&#8220;\u00a0statt. Anmeldungen bitte bis sp\u00e4testens einen Tag vor der Veranstaltung.<\/p>\n<p><strong>Termin<\/strong>\nSa., 10. November, 10 &#8211; 14 Uhr<\/p>\n<p><strong>Kosten<\/strong>\n5 \u20ac<\/p>\n<p><strong>Veranstaltungsort<\/strong>\nStreuobstwiese Busch 14\n15859 Storkow (Mark)<\/p>\n<p><strong>Veranstalter<\/strong>\nBesucherinformationszentrum Naturpark Dahme-Heideseen\nSchlo\u00dfstra\u00dfe 6\n15859 Storkow (Mark)\n033678\/73228\nbesucherzentrum@storkow.de\nwww.storkow.de<\/p>\n","protected":false},"excerpt":{"rendered":"<p>In diesem Praxisseminar wird das Grundwissen \u00fcber das richtige Werkzeug sowie die wichtigsten Schnittregeln und Schnitttechniken vermittelt.<\/p>\n","protected":false},"author":83,"featured_media":2748,"comment_status":"open","ping_status":"open","sticky":false,"template":"","format":"standard","meta":[],"categories":[11],"tags":[],"yoast_head":"<!-- This site is optimized with the Yoast SEO plugin v19.10 - https:\/\/yoast.com\/wordpress\/plugins\/seo\/ -->\n<title>Praxisseminar zum Obstbaumschnitt am 10. November - Naturpark Dahme-Heideseen<\/title>\n<meta name=\"robots\" content=\"index, follow, max-snippet:-1, max-image-preview:large, max-video-preview:-1\" \/>\n<link rel=\"canonical\" href=\"https:\/\/www.naturparkmagazin.de\/dahme-heideseen\/praxisseminar-zum-obstbaumschnitt-am-10-november\/\" \/>\n<meta property=\"og:locale\" content=\"de_DE\" \/>\n<meta property=\"og:type\" content=\"article\" \/>\n<meta property=\"og:title\" content=\"Praxisseminar zum Obstbaumschnitt am 10. November - Naturpark Dahme-Heideseen\" \/>\n<meta property=\"og:description\" content=\"In diesem Praxisseminar wird das Grundwissen \u00fcber das richtige Werkzeug sowie die wichtigsten Schnittregeln und Schnitttechniken vermittelt.\" \/>\n<meta property=\"og:url\" content=\"https:\/\/www.naturparkmagazin.de\/dahme-heideseen\/praxisseminar-zum-obstbaumschnitt-am-10-november\/\" \/>\n<meta property=\"og:site_name\" content=\"Naturpark Dahme-Heideseen\" \/>\n<meta property=\"article:published_time\" content=\"2018-10-16T09:26:16+00:00\" \/>\n<meta property=\"article:modified_time\" content=\"2018-10-16T09:57:40+00:00\" \/>\n<meta property=\"og:image\" content=\"https:\/\/www.naturparkmagazin.de\/dahme-heideseen\/wp-content\/uploads\/sites\/37\/S-004-193.jpg\" \/>\n\t<meta property=\"og:image:width\" content=\"240\" \/>\n\t<meta property=\"og:image:height\" content=\"180\" \/>\n\t<meta property=\"og:image:type\" content=\"image\/jpeg\" \/>\n<meta name=\"author\" content=\"Astrid Osenbr\u00fcck\" \/>\n<meta name=\"twitter:label1\" content=\"Verfasst von\" \/>\n\t<meta name=\"twitter:data1\" content=\"Astrid Osenbr\u00fcck\" \/>\n\t<meta name=\"twitter:label2\" content=\"Gesch\u00e4tzte Lesezeit\" \/>\n\t<meta name=\"twitter:data2\" content=\"1\u00a0Minute\" \/>\n<script type=\"application\/ld+json\" class=\"yoast-schema-graph\">{\"@context\":\"https:\/\/schema.org\",\"@graph\":[{\"@type\":\"WebPage\",\"@id\":\"https:\/\/www.naturparkmagazin.de\/dahme-heideseen\/praxisseminar-zum-obstbaumschnitt-am-10-november\/\",\"url\":\"https:\/\/www.naturparkmagazin.de\/dahme-heideseen\/praxisseminar-zum-obstbaumschnitt-am-10-november\/\",\"name\":\"Praxisseminar zum Obstbaumschnitt am 10. November - Naturpark Dahme-Heideseen\",\"isPartOf\":{\"@id\":\"https:\/\/www.naturparkmagazin.de\/dahme-heideseen\/#website\"},\"datePublished\":\"2018-10-16T09:26:16+00:00\",\"dateModified\":\"2018-10-16T09:57:40+00:00\",\"author\":{\"@id\":\"https:\/\/www.naturparkmagazin.de\/dahme-heideseen\/#\/schema\/person\/a0510aafafdf8183c95fc98faf0c9f21\"},\"breadcrumb\":{\"@id\":\"https:\/\/www.naturparkmagazin.de\/dahme-heideseen\/praxisseminar-zum-obstbaumschnitt-am-10-november\/#breadcrumb\"},\"inLanguage\":\"de\",\"potentialAction\":[{\"@type\":\"ReadAction\",\"target\":[\"https:\/\/www.naturparkmagazin.de\/dahme-heideseen\/praxisseminar-zum-obstbaumschnitt-am-10-november\/\"]}]},{\"@type\":\"BreadcrumbList\",\"@id\":\"https:\/\/www.naturparkmagazin.de\/dahme-heideseen\/praxisseminar-zum-obstbaumschnitt-am-10-november\/#breadcrumb\",\"itemListElement\":[{\"@type\":\"ListItem\",\"position\":1,\"name\":\"Home\",\"item\":\"https:\/\/www.naturparkmagazin.de\/dahme-heideseen\/\"},{\"@type\":\"ListItem\",\"position\":2,\"name\":\"Praxisseminar zum Obstbaumschnitt am 10. November\"}]},{\"@type\":\"WebSite\",\"@id\":\"https:\/\/www.naturparkmagazin.de\/dahme-heideseen\/#website\",\"url\":\"https:\/\/www.naturparkmagazin.de\/dahme-heideseen\/\",\"name\":\"Naturpark Dahme-Heideseen\",\"description\":\"\",\"potentialAction\":[{\"@type\":\"SearchAction\",\"target\":{\"@type\":\"EntryPoint\",\"urlTemplate\":\"https:\/\/www.naturparkmagazin.de\/dahme-heideseen\/?s={search_term_string}\"},\"query-input\":\"required name=search_term_string\"}],\"inLanguage\":\"de\"},{\"@type\":\"Person\",\"@id\":\"https:\/\/www.naturparkmagazin.de\/dahme-heideseen\/#\/schema\/person\/a0510aafafdf8183c95fc98faf0c9f21\",\"name\":\"Astrid Osenbr\u00fcck\",\"sameAs\":[\"http:\/\/www.dahme-heideseen-naturpark.de\"],\"url\":\"https:\/\/www.naturparkmagazin.de\/dahme-heideseen\/author\/astridosenbrueck\/\"}]}<\/script>\n<!-- \/ Yoast SEO plugin. -->","yoast_head_json":{"title":"Praxisseminar zum Obstbaumschnitt am 10. November - Naturpark Dahme-Heideseen","robots":{"index":"index","follow":"follow","max-snippet":"max-snippet:-1","max-image-preview":"max-image-preview:large","max-video-preview":"max-video-preview:-1"},"canonical":"https:\/\/www.naturparkmagazin.de\/dahme-heideseen\/praxisseminar-zum-obstbaumschnitt-am-10-november\/","og_locale":"de_DE","og_type":"article","og_title":"Praxisseminar zum Obstbaumschnitt am 10. November - Naturpark Dahme-Heideseen","og_description":"In diesem Praxisseminar wird das Grundwissen \u00fcber das richtige Werkzeug sowie die wichtigsten Schnittregeln und Schnitttechniken vermittelt.","og_url":"https:\/\/www.naturparkmagazin.de\/dahme-heideseen\/praxisseminar-zum-obstbaumschnitt-am-10-november\/","og_site_name":"Naturpark Dahme-Heideseen","article_published_time":"2018-10-16T09:26:16+00:00","article_modified_time":"2018-10-16T09:57:40+00:00","og_image":[{"width":240,"height":180,"url":"https:\/\/www.naturparkmagazin.de\/dahme-heideseen\/wp-content\/uploads\/sites\/37\/S-004-193.jpg","type":"image\/jpeg"}],"author":"Astrid Osenbr\u00fcck","twitter_misc":{"Verfasst von":"Astrid Osenbr\u00fcck","Gesch\u00e4tzte Lesezeit":"1\u00a0Minute"},"schema":{"@context":"https:\/\/schema.org","@graph":[{"@type":"WebPage","@id":"https:\/\/www.naturparkmagazin.de\/dahme-heideseen\/praxisseminar-zum-obstbaumschnitt-am-10-november\/","url":"https:\/\/www.naturparkmagazin.de\/dahme-heideseen\/praxisseminar-zum-obstbaumschnitt-am-10-november\/","name":"Praxisseminar zum Obstbaumschnitt am 10. November - Naturpark Dahme-Heideseen","isPartOf":{"@id":"https:\/\/www.naturparkmagazin.de\/dahme-heideseen\/#website"},"datePublished":"2018-10-16T09:26:16+00:00","dateModified":"2018-10-16T09:57:40+00:00","author":{"@id":"https:\/\/www.naturparkmagazin.de\/dahme-heideseen\/#\/schema\/person\/a0510aafafdf8183c95fc98faf0c9f21"},"breadcrumb":{"@id":"https:\/\/www.naturparkmagazin.de\/dahme-heideseen\/praxisseminar-zum-obstbaumschnitt-am-10-november\/#breadcrumb"},"inLanguage":"de","potentialAction":[{"@type":"ReadAction","target":["https:\/\/www.naturparkmagazin.de\/dahme-heideseen\/praxisseminar-zum-obstbaumschnitt-am-10-november\/"]}]},{"@type":"BreadcrumbList","@id":"https:\/\/www.naturparkmagazin.de\/dahme-heideseen\/praxisseminar-zum-obstbaumschnitt-am-10-november\/#breadcrumb","itemListElement":[{"@type":"ListItem","position":1,"name":"Home","item":"https:\/\/www.naturparkmagazin.de\/dahme-heideseen\/"},{"@type":"ListItem","position":2,"name":"Praxisseminar zum Obstbaumschnitt am 10. November"}]},{"@type":"WebSite","@id":"https:\/\/www.naturparkmagazin.de\/dahme-heideseen\/#website","url":"https:\/\/www.naturparkmagazin.de\/dahme-heideseen\/","name":"Naturpark Dahme-Heideseen","description":"","potentialAction":[{"@type":"SearchAction","target":{"@type":"EntryPoint","urlTemplate":"https:\/\/www.naturparkmagazin.de\/dahme-heideseen\/?s={search_term_string}"},"query-input":"required name=search_term_string"}],"inLanguage":"de"},{"@type":"Person","@id":"https:\/\/www.naturparkmagazin.de\/dahme-heideseen\/#\/schema\/person\/a0510aafafdf8183c95fc98faf0c9f21","name":"Astrid Osenbr\u00fcck","sameAs":["http:\/\/www.dahme-heideseen-naturpark.de"],"url":"https:\/\/www.naturparkmagazin.de\/dahme-heideseen\/author\/astridosenbrueck\/"}]}},"_links":{"self":[{"href":"https:\/\/www.naturparkmagazin.de\/dahme-heideseen\/wp-json\/wp\/v2\/posts\/2742"}],"collection":[{"href":"https:\/\/www.naturparkmagazin.de\/dahme-heideseen\/wp-json\/wp\/v2\/posts"}],"about":[{"href":"https:\/\/www.naturparkmagazin.de\/dahme-heideseen\/wp-json\/wp\/v2\/types\/post"}],"author":[{"embeddable":true,"href":"https:\/\/www.naturparkmagazin.de\/dahme-heideseen\/wp-json\/wp\/v2\/users\/83"}],"replies":[{"embeddable":true,"href":"https:\/\/www.naturparkmagazin.de\/dahme-heideseen\/wp-json\/wp\/v2\/comments?post=2742"}],"version-history":[{"count":12,"href":"https:\/\/www.naturparkmagazin.de\/dahme-heideseen\/wp-json\/wp\/v2\/posts\/2742\/revisions"}],"predecessor-version":[{"id":2756,"href":"https:\/\/www.naturparkmagazin.de\/dahme-heideseen\/wp-json\/wp\/v2\/posts\/2742\/revisions\/2756"}],"wp:featuredmedia":[{"embeddable":true,"href":"https:\/\/www.naturparkmagazin.de\/dahme-heideseen\/wp-json\/wp\/v2\/media\/2748"}],"wp:attachment":[{"href":"https:\/\/www.naturparkmagazin.de\/dahme-heideseen\/wp-json\/wp\/v2\/media?parent=2742"}],"wp:term":[{"taxonomy":"category","embeddable":true,"href":"https:\/\/www.naturparkmagazin.de\/dahme-heideseen\/wp-json\/wp\/v2\/categories?post=2742"},{"taxonomy":"post_tag","embeddable":true,"href":"https:\/\/www.naturparkmagazin.de\/dahme-heideseen\/wp-json\/wp\/v2\/tags?post=2742"}],"curies":[{"name":"wp","href":"https:\/\/api.w.org\/{rel}","templated":true}]}}