{"id":2757,"date":"2018-10-17T14:38:04","date_gmt":"2018-10-17T12:38:04","guid":{"rendered":"https:\/\/www.naturparkmagazin.de\/dahme-heideseen\/?p=2757"},"modified":"2018-10-19T10:59:31","modified_gmt":"2018-10-19T08:59:31","slug":"naturwacht-im-naturpark-dahme-heideseen-ist-endlich-vollstaendig","status":"publish","type":"post","link":"https:\/\/www.naturparkmagazin.de\/dahme-heideseen\/naturwacht-im-naturpark-dahme-heideseen-ist-endlich-vollstaendig\/","title":{"rendered":"Verst\u00e4rkung f\u00fcr die Naturwacht im Naturpark Dahme-Heideseen"},"content":{"rendered":"<p>Seit Anfang Oktober verst\u00e4rkt Theresa Schwalbe als neues Mitglied der Naturwacht den Naturpark. <\/p>\n<p>Nach dem Studium im Fachbereich Landschaftsnutzung und Naturschutz an der Hochschule f\u00fcr Nachhaltige Entwicklung (HNE) Eberswalde arbeitete Sie einige Jahre als Landschaftsplanerin. Danach war Sie f\u00fcr 2,5 Jahre als Sachbearbeiterin bei einer unteren Naturschutzbeh\u00f6rde in Brandenburg angestellt.\nDoch auf Dauer wollte Theresa nicht den ganzen Tag im B\u00fcro verbringen, sondern lieber raus in die freie Natur. Besonders die Arbeit in einem Gro\u00dfschutzgebiet interessierte Sie.<\/p>\n<p>Ihre Interessensgebiete sind vielf\u00e4ltig, insbesondere die Ornithologie hat es Ihr angetan. Im Naturpark hat Sie nun viele M\u00f6glichkeiten zur Vogelbeobachtung und Kartierung.\nNicht nur in der Arbeit, sondern auch in ihrer Freizeit ist sie gerne drau\u00dfen. Sei es mit dem Fahrrad, dem Kanu oder auch mal mit dem Motorrad. <\/p>\n<p>Theresa freut sich sehr, die Naturwacht und das restliche Naturpark-Team zu unterst\u00fctzen.<\/p>\n","protected":false},"excerpt":{"rendered":"<p>Theresa Schwalbe unterst\u00fctzt seit Oktober 2018 die Arbeit der Naturwacht im Naturpark Dahme-Heideseen.<\/p>\n","protected":false},"author":83,"featured_media":2758,"comment_status":"open","ping_status":"open","sticky":false,"template":"","format":"standard","meta":[],"categories":[7],"tags":[],"yoast_head":"<!-- This site is optimized with the Yoast SEO plugin v19.10 - https:\/\/yoast.com\/wordpress\/plugins\/seo\/ -->\n<title>Verst\u00e4rkung f\u00fcr die Naturwacht im Naturpark Dahme-Heideseen - Naturpark Dahme-Heideseen<\/title>\n<meta name=\"robots\" content=\"index, follow, max-snippet:-1, max-image-preview:large, max-video-preview:-1\" \/>\n<link rel=\"canonical\" href=\"https:\/\/www.naturparkmagazin.de\/dahme-heideseen\/naturwacht-im-naturpark-dahme-heideseen-ist-endlich-vollstaendig\/\" \/>\n<meta property=\"og:locale\" content=\"de_DE\" \/>\n<meta property=\"og:type\" content=\"article\" \/>\n<meta property=\"og:title\" content=\"Verst\u00e4rkung f\u00fcr die Naturwacht im Naturpark Dahme-Heideseen - Naturpark Dahme-Heideseen\" \/>\n<meta property=\"og:description\" content=\"Theresa Schwalbe unterst\u00fctzt seit Oktober 2018 die Arbeit der Naturwacht im Naturpark Dahme-Heideseen.\" \/>\n<meta property=\"og:url\" content=\"https:\/\/www.naturparkmagazin.de\/dahme-heideseen\/naturwacht-im-naturpark-dahme-heideseen-ist-endlich-vollstaendig\/\" \/>\n<meta property=\"og:site_name\" content=\"Naturpark Dahme-Heideseen\" \/>\n<meta property=\"article:published_time\" content=\"2018-10-17T12:38:04+00:00\" \/>\n<meta property=\"article:modified_time\" content=\"2018-10-19T08:59:31+00:00\" \/>\n<meta property=\"og:image\" content=\"https:\/\/www.naturparkmagazin.de\/dahme-heideseen\/wp-content\/uploads\/sites\/37\/DSC_0070-min.jpg\" \/>\n\t<meta property=\"og:image:width\" content=\"3872\" \/>\n\t<meta property=\"og:image:height\" content=\"2592\" \/>\n\t<meta property=\"og:image:type\" content=\"image\/jpeg\" \/>\n<meta name=\"author\" content=\"Astrid Osenbr\u00fcck\" \/>\n<meta name=\"twitter:label1\" content=\"Verfasst von\" \/>\n\t<meta name=\"twitter:data1\" content=\"Astrid Osenbr\u00fcck\" \/>\n\t<meta name=\"twitter:label2\" content=\"Gesch\u00e4tzte Lesezeit\" \/>\n\t<meta name=\"twitter:data2\" content=\"1\u00a0Minute\" \/>\n<script type=\"application\/ld+json\" class=\"yoast-schema-graph\">{\"@context\":\"https:\/\/schema.org\",\"@graph\":[{\"@type\":\"WebPage\",\"@id\":\"https:\/\/www.naturparkmagazin.de\/dahme-heideseen\/naturwacht-im-naturpark-dahme-heideseen-ist-endlich-vollstaendig\/\",\"url\":\"https:\/\/www.naturparkmagazin.de\/dahme-heideseen\/naturwacht-im-naturpark-dahme-heideseen-ist-endlich-vollstaendig\/\",\"name\":\"Verst\u00e4rkung f\u00fcr die Naturwacht im Naturpark Dahme-Heideseen - Naturpark Dahme-Heideseen\",\"isPartOf\":{\"@id\":\"https:\/\/www.naturparkmagazin.de\/dahme-heideseen\/#website\"},\"datePublished\":\"2018-10-17T12:38:04+00:00\",\"dateModified\":\"2018-10-19T08:59:31+00:00\",\"author\":{\"@id\":\"https:\/\/www.naturparkmagazin.de\/dahme-heideseen\/#\/schema\/person\/a0510aafafdf8183c95fc98faf0c9f21\"},\"breadcrumb\":{\"@id\":\"https:\/\/www.naturparkmagazin.de\/dahme-heideseen\/naturwacht-im-naturpark-dahme-heideseen-ist-endlich-vollstaendig\/#breadcrumb\"},\"inLanguage\":\"de\",\"potentialAction\":[{\"@type\":\"ReadAction\",\"target\":[\"https:\/\/www.naturparkmagazin.de\/dahme-heideseen\/naturwacht-im-naturpark-dahme-heideseen-ist-endlich-vollstaendig\/\"]}]},{\"@type\":\"BreadcrumbList\",\"@id\":\"https:\/\/www.naturparkmagazin.de\/dahme-heideseen\/naturwacht-im-naturpark-dahme-heideseen-ist-endlich-vollstaendig\/#breadcrumb\",\"itemListElement\":[{\"@type\":\"ListItem\",\"position\":1,\"name\":\"Home\",\"item\":\"https:\/\/www.naturparkmagazin.de\/dahme-heideseen\/\"},{\"@type\":\"ListItem\",\"position\":2,\"name\":\"Verst\u00e4rkung f\u00fcr die Naturwacht im Naturpark Dahme-Heideseen\"}]},{\"@type\":\"WebSite\",\"@id\":\"https:\/\/www.naturparkmagazin.de\/dahme-heideseen\/#website\",\"url\":\"https:\/\/www.naturparkmagazin.de\/dahme-heideseen\/\",\"name\":\"Naturpark Dahme-Heideseen\",\"description\":\"\",\"potentialAction\":[{\"@type\":\"SearchAction\",\"target\":{\"@type\":\"EntryPoint\",\"urlTemplate\":\"https:\/\/www.naturparkmagazin.de\/dahme-heideseen\/?s={search_term_string}\"},\"query-input\":\"required name=search_term_string\"}],\"inLanguage\":\"de\"},{\"@type\":\"Person\",\"@id\":\"https:\/\/www.naturparkmagazin.de\/dahme-heideseen\/#\/schema\/person\/a0510aafafdf8183c95fc98faf0c9f21\",\"name\":\"Astrid Osenbr\u00fcck\",\"sameAs\":[\"http:\/\/www.dahme-heideseen-naturpark.de\"],\"url\":\"https:\/\/www.naturparkmagazin.de\/dahme-heideseen\/author\/astridosenbrueck\/\"}]}<\/script>\n<!-- \/ Yoast SEO plugin. -->","yoast_head_json":{"title":"Verst\u00e4rkung f\u00fcr die Naturwacht im Naturpark Dahme-Heideseen - Naturpark Dahme-Heideseen","robots":{"index":"index","follow":"follow","max-snippet":"max-snippet:-1","max-image-preview":"max-image-preview:large","max-video-preview":"max-video-preview:-1"},"canonical":"https:\/\/www.naturparkmagazin.de\/dahme-heideseen\/naturwacht-im-naturpark-dahme-heideseen-ist-endlich-vollstaendig\/","og_locale":"de_DE","og_type":"article","og_title":"Verst\u00e4rkung f\u00fcr die Naturwacht im Naturpark Dahme-Heideseen - Naturpark Dahme-Heideseen","og_description":"Theresa Schwalbe unterst\u00fctzt seit Oktober 2018 die Arbeit der Naturwacht im Naturpark Dahme-Heideseen.","og_url":"https:\/\/www.naturparkmagazin.de\/dahme-heideseen\/naturwacht-im-naturpark-dahme-heideseen-ist-endlich-vollstaendig\/","og_site_name":"Naturpark Dahme-Heideseen","article_published_time":"2018-10-17T12:38:04+00:00","article_modified_time":"2018-10-19T08:59:31+00:00","og_image":[{"width":3872,"height":2592,"url":"https:\/\/www.naturparkmagazin.de\/dahme-heideseen\/wp-content\/uploads\/sites\/37\/DSC_0070-min.jpg","type":"image\/jpeg"}],"author":"Astrid Osenbr\u00fcck","twitter_misc":{"Verfasst von":"Astrid Osenbr\u00fcck","Gesch\u00e4tzte Lesezeit":"1\u00a0Minute"},"schema":{"@context":"https:\/\/schema.org","@graph":[{"@type":"WebPage","@id":"https:\/\/www.naturparkmagazin.de\/dahme-heideseen\/naturwacht-im-naturpark-dahme-heideseen-ist-endlich-vollstaendig\/","url":"https:\/\/www.naturparkmagazin.de\/dahme-heideseen\/naturwacht-im-naturpark-dahme-heideseen-ist-endlich-vollstaendig\/","name":"Verst\u00e4rkung f\u00fcr die Naturwacht im Naturpark Dahme-Heideseen - Naturpark Dahme-Heideseen","isPartOf":{"@id":"https:\/\/www.naturparkmagazin.de\/dahme-heideseen\/#website"},"datePublished":"2018-10-17T12:38:04+00:00","dateModified":"2018-10-19T08:59:31+00:00","author":{"@id":"https:\/\/www.naturparkmagazin.de\/dahme-heideseen\/#\/schema\/person\/a0510aafafdf8183c95fc98faf0c9f21"},"breadcrumb":{"@id":"https:\/\/www.naturparkmagazin.de\/dahme-heideseen\/naturwacht-im-naturpark-dahme-heideseen-ist-endlich-vollstaendig\/#breadcrumb"},"inLanguage":"de","potentialAction":[{"@type":"ReadAction","target":["https:\/\/www.naturparkmagazin.de\/dahme-heideseen\/naturwacht-im-naturpark-dahme-heideseen-ist-endlich-vollstaendig\/"]}]},{"@type":"BreadcrumbList","@id":"https:\/\/www.naturparkmagazin.de\/dahme-heideseen\/naturwacht-im-naturpark-dahme-heideseen-ist-endlich-vollstaendig\/#breadcrumb","itemListElement":[{"@type":"ListItem","position":1,"name":"Home","item":"https:\/\/www.naturparkmagazin.de\/dahme-heideseen\/"},{"@type":"ListItem","position":2,"name":"Verst\u00e4rkung f\u00fcr die Naturwacht im Naturpark Dahme-Heideseen"}]},{"@type":"WebSite","@id":"https:\/\/www.naturparkmagazin.de\/dahme-heideseen\/#website","url":"https:\/\/www.naturparkmagazin.de\/dahme-heideseen\/","name":"Naturpark Dahme-Heideseen","description":"","potentialAction":[{"@type":"SearchAction","target":{"@type":"EntryPoint","urlTemplate":"https:\/\/www.naturparkmagazin.de\/dahme-heideseen\/?s={search_term_string}"},"query-input":"required name=search_term_string"}],"inLanguage":"de"},{"@type":"Person","@id":"https:\/\/www.naturparkmagazin.de\/dahme-heideseen\/#\/schema\/person\/a0510aafafdf8183c95fc98faf0c9f21","name":"Astrid Osenbr\u00fcck","sameAs":["http:\/\/www.dahme-heideseen-naturpark.de"],"url":"https:\/\/www.naturparkmagazin.de\/dahme-heideseen\/author\/astridosenbrueck\/"}]}},"_links":{"self":[{"href":"https:\/\/www.naturparkmagazin.de\/dahme-heideseen\/wp-json\/wp\/v2\/posts\/2757"}],"collection":[{"href":"https:\/\/www.naturparkmagazin.de\/dahme-heideseen\/wp-json\/wp\/v2\/posts"}],"about":[{"href":"https:\/\/www.naturparkmagazin.de\/dahme-heideseen\/wp-json\/wp\/v2\/types\/post"}],"author":[{"embeddable":true,"href":"https:\/\/www.naturparkmagazin.de\/dahme-heideseen\/wp-json\/wp\/v2\/users\/83"}],"replies":[{"embeddable":true,"href":"https:\/\/www.naturparkmagazin.de\/dahme-heideseen\/wp-json\/wp\/v2\/comments?post=2757"}],"version-history":[{"count":7,"href":"https:\/\/www.naturparkmagazin.de\/dahme-heideseen\/wp-json\/wp\/v2\/posts\/2757\/revisions"}],"predecessor-version":[{"id":2765,"href":"https:\/\/www.naturparkmagazin.de\/dahme-heideseen\/wp-json\/wp\/v2\/posts\/2757\/revisions\/2765"}],"wp:featuredmedia":[{"embeddable":true,"href":"https:\/\/www.naturparkmagazin.de\/dahme-heideseen\/wp-json\/wp\/v2\/media\/2758"}],"wp:attachment":[{"href":"https:\/\/www.naturparkmagazin.de\/dahme-heideseen\/wp-json\/wp\/v2\/media?parent=2757"}],"wp:term":[{"taxonomy":"category","embeddable":true,"href":"https:\/\/www.naturparkmagazin.de\/dahme-heideseen\/wp-json\/wp\/v2\/categories?post=2757"},{"taxonomy":"post_tag","embeddable":true,"href":"https:\/\/www.naturparkmagazin.de\/dahme-heideseen\/wp-json\/wp\/v2\/tags?post=2757"}],"curies":[{"name":"wp","href":"https:\/\/api.w.org\/{rel}","templated":true}]}}