{"id":2766,"date":"2018-11-19T08:12:57","date_gmt":"2018-11-19T07:12:57","guid":{"rendered":"https:\/\/www.naturparkmagazin.de\/dahme-heideseen\/?p=2766"},"modified":"2018-12-17T12:44:09","modified_gmt":"2018-12-17T11:44:09","slug":"wie-ueberstehen-die-bienen-des-nabu-dahmelands-den-winter","status":"publish","type":"post","link":"https:\/\/www.naturparkmagazin.de\/dahme-heideseen\/wie-ueberstehen-die-bienen-des-nabu-dahmelands-den-winter\/","title":{"rendered":"Wie \u00fcberstehen die Bienen des NABU Dahmelands den Winter?"},"content":{"rendered":"<p>Seit April 2018 steht im Garten des NABU Dahmeland ein Bienenvolk. Seit der letzten Tracht im Juli haben sich die flei\u00dfigen Tiere auf die kalte Jahreszeit vorbereitet. Doch wie schaffen es die kleinen Tiere, den kalten Winter zu \u00fcberstehen?<\/p>\n<p>Daf\u00fcr \u00fcberwintern die Honigbienen gemeinsam im Bienenstock. Hier halten sie &#8211; entgegen der h\u00e4ufigen\u00a0Annahme &#8211;\u00a0aber keinen Winterschlaf. Von August bis Oktober wurden die Winterbienen herangezogen, welche gemeinsam mit der Bienenk\u00f6nigin die kalte Jahreszeit im Bienenstock verbringen. Die Winterbienen bilden eine Wintertraube, in welcher die Tiere sich dicht aneinander dr\u00e4ngen. Je k\u00e4lter es ist, desto enger kuscheln sie sich aneinander.\u00a0In der Mitte der Traube befindet sich die Bienenk\u00f6nigin. Die Bienen an der Au\u00dfenseite werden regelm\u00e4\u00dfig abgel\u00f6st, damit sie nicht ausk\u00fchlen. Durch Muskelkontraktion erzeugen sie W\u00e4rme. So kann die Temperatur im Bienenstock auf bis zu 30 \u00b0C steigen. Im November und Dezember jedoch, wenn sich keine Brut im Bienenstock befindet,\u00a0ben\u00f6tigen die Bienen nur Temperaturen um 15 \u00b0C.\nAls Nahrung nutzen die Bienen die Vorr\u00e4te, die sie sich angelegt haben. Da ein Teil\u00a0des Honigs aus den Waben entnommen wurde, erhielt das NABU-Volk direkt nach der Entnahme erstmals f\u00fcnf Kilogramm Winterfutter. Zwei weitere Zugaben von jeweils f\u00fcnf Kilogramm Futter folgten bis Ende September. Da die Bienen den ganzen Winter aushalten m\u00fcssen,\u00a0ohne auf Toilette zu gehen, d\u00fcrfen im Winterfutter nur wenige Ballaststoffe enthalten sein.\nMit dem Futter sowie mit ihrer\u00a0interessanten \u00dcberwinterungs-Strategie \u00fcberstehen die Bienen also auch\u00a0den kalten\u00a0Winter.\nWenn es zum Ende des Winters oder im Fr\u00fchling wieder w\u00e4rmer wird, schw\u00e4rmen die Tiere zu einem Reinigungsflug aus.<\/p>\n<p>Auch interessant: Im Gegensatz zu den\u00a0im Sommer lebenden Bienen haben die Winterbienen eine deutlich h\u00f6here Lebenserwartung &#8211;\u00a0sie k\u00f6nnen zwischen 4 und 7 Monaten alt werden, w\u00e4hrend die Bienen im Sommer lediglich 2 bis 6 Wochen leben.<\/p>\n<p>&nbsp;<\/p>\n<p>&nbsp;<\/p>\n","protected":false},"excerpt":{"rendered":"<p>Seit April 2018 steht im Garten des NABU Dahmeland ein Bienenvolk. Jetzt wird es nach dem hei\u00dfen Sommer langsam wieder k\u00fchler und die Bienen bereiten sich auf den Winter vor. Doch wie schaffen es die kleinen Tiere, einen kalten Winter zu \u00fcberstehen?<\/p>\n","protected":false},"author":83,"featured_media":2773,"comment_status":"open","ping_status":"open","sticky":false,"template":"","format":"standard","meta":[],"categories":[7],"tags":[],"yoast_head":"<!-- This site is optimized with the Yoast SEO plugin v19.10 - https:\/\/yoast.com\/wordpress\/plugins\/seo\/ -->\n<title>Wie \u00fcberstehen die Bienen des NABU Dahmelands den Winter? - Naturpark Dahme-Heideseen<\/title>\n<meta name=\"robots\" content=\"index, follow, max-snippet:-1, max-image-preview:large, max-video-preview:-1\" \/>\n<link rel=\"canonical\" href=\"https:\/\/www.naturparkmagazin.de\/dahme-heideseen\/wie-ueberstehen-die-bienen-des-nabu-dahmelands-den-winter\/\" \/>\n<meta property=\"og:locale\" content=\"de_DE\" \/>\n<meta property=\"og:type\" content=\"article\" \/>\n<meta property=\"og:title\" content=\"Wie \u00fcberstehen die Bienen des NABU Dahmelands den Winter? - Naturpark Dahme-Heideseen\" \/>\n<meta property=\"og:description\" content=\"Seit April 2018 steht im Garten des NABU Dahmeland ein Bienenvolk. Jetzt wird es nach dem hei\u00dfen Sommer langsam wieder k\u00fchler und die Bienen bereiten sich auf den Winter vor. Doch wie schaffen es die kleinen Tiere, einen kalten Winter zu \u00fcberstehen?\" \/>\n<meta property=\"og:url\" content=\"https:\/\/www.naturparkmagazin.de\/dahme-heideseen\/wie-ueberstehen-die-bienen-des-nabu-dahmelands-den-winter\/\" \/>\n<meta property=\"og:site_name\" content=\"Naturpark Dahme-Heideseen\" \/>\n<meta property=\"article:published_time\" content=\"2018-11-19T07:12:57+00:00\" \/>\n<meta property=\"article:modified_time\" content=\"2018-12-17T11:44:09+00:00\" \/>\n<meta property=\"og:image\" content=\"https:\/\/www.naturparkmagazin.de\/dahme-heideseen\/wp-content\/uploads\/sites\/37\/ov_nabu_bienenbearbeitet3min.jpg\" \/>\n\t<meta property=\"og:image:width\" content=\"320\" \/>\n\t<meta property=\"og:image:height\" content=\"214\" \/>\n\t<meta property=\"og:image:type\" content=\"image\/jpeg\" \/>\n<meta name=\"author\" content=\"Astrid Osenbr\u00fcck\" \/>\n<meta name=\"twitter:label1\" content=\"Verfasst von\" \/>\n\t<meta name=\"twitter:data1\" content=\"Astrid Osenbr\u00fcck\" \/>\n\t<meta name=\"twitter:label2\" content=\"Gesch\u00e4tzte Lesezeit\" \/>\n\t<meta name=\"twitter:data2\" content=\"2\u00a0Minuten\" \/>\n<script type=\"application\/ld+json\" class=\"yoast-schema-graph\">{\"@context\":\"https:\/\/schema.org\",\"@graph\":[{\"@type\":\"WebPage\",\"@id\":\"https:\/\/www.naturparkmagazin.de\/dahme-heideseen\/wie-ueberstehen-die-bienen-des-nabu-dahmelands-den-winter\/\",\"url\":\"https:\/\/www.naturparkmagazin.de\/dahme-heideseen\/wie-ueberstehen-die-bienen-des-nabu-dahmelands-den-winter\/\",\"name\":\"Wie \u00fcberstehen die Bienen des NABU Dahmelands den Winter? - Naturpark Dahme-Heideseen\",\"isPartOf\":{\"@id\":\"https:\/\/www.naturparkmagazin.de\/dahme-heideseen\/#website\"},\"datePublished\":\"2018-11-19T07:12:57+00:00\",\"dateModified\":\"2018-12-17T11:44:09+00:00\",\"author\":{\"@id\":\"https:\/\/www.naturparkmagazin.de\/dahme-heideseen\/#\/schema\/person\/a0510aafafdf8183c95fc98faf0c9f21\"},\"breadcrumb\":{\"@id\":\"https:\/\/www.naturparkmagazin.de\/dahme-heideseen\/wie-ueberstehen-die-bienen-des-nabu-dahmelands-den-winter\/#breadcrumb\"},\"inLanguage\":\"de\",\"potentialAction\":[{\"@type\":\"ReadAction\",\"target\":[\"https:\/\/www.naturparkmagazin.de\/dahme-heideseen\/wie-ueberstehen-die-bienen-des-nabu-dahmelands-den-winter\/\"]}]},{\"@type\":\"BreadcrumbList\",\"@id\":\"https:\/\/www.naturparkmagazin.de\/dahme-heideseen\/wie-ueberstehen-die-bienen-des-nabu-dahmelands-den-winter\/#breadcrumb\",\"itemListElement\":[{\"@type\":\"ListItem\",\"position\":1,\"name\":\"Home\",\"item\":\"https:\/\/www.naturparkmagazin.de\/dahme-heideseen\/\"},{\"@type\":\"ListItem\",\"position\":2,\"name\":\"Wie \u00fcberstehen die Bienen des NABU Dahmelands den Winter?\"}]},{\"@type\":\"WebSite\",\"@id\":\"https:\/\/www.naturparkmagazin.de\/dahme-heideseen\/#website\",\"url\":\"https:\/\/www.naturparkmagazin.de\/dahme-heideseen\/\",\"name\":\"Naturpark Dahme-Heideseen\",\"description\":\"\",\"potentialAction\":[{\"@type\":\"SearchAction\",\"target\":{\"@type\":\"EntryPoint\",\"urlTemplate\":\"https:\/\/www.naturparkmagazin.de\/dahme-heideseen\/?s={search_term_string}\"},\"query-input\":\"required name=search_term_string\"}],\"inLanguage\":\"de\"},{\"@type\":\"Person\",\"@id\":\"https:\/\/www.naturparkmagazin.de\/dahme-heideseen\/#\/schema\/person\/a0510aafafdf8183c95fc98faf0c9f21\",\"name\":\"Astrid Osenbr\u00fcck\",\"sameAs\":[\"http:\/\/www.dahme-heideseen-naturpark.de\"],\"url\":\"https:\/\/www.naturparkmagazin.de\/dahme-heideseen\/author\/astridosenbrueck\/\"}]}<\/script>\n<!-- \/ Yoast SEO plugin. -->","yoast_head_json":{"title":"Wie \u00fcberstehen die Bienen des NABU Dahmelands den Winter? - Naturpark Dahme-Heideseen","robots":{"index":"index","follow":"follow","max-snippet":"max-snippet:-1","max-image-preview":"max-image-preview:large","max-video-preview":"max-video-preview:-1"},"canonical":"https:\/\/www.naturparkmagazin.de\/dahme-heideseen\/wie-ueberstehen-die-bienen-des-nabu-dahmelands-den-winter\/","og_locale":"de_DE","og_type":"article","og_title":"Wie \u00fcberstehen die Bienen des NABU Dahmelands den Winter? - Naturpark Dahme-Heideseen","og_description":"Seit April 2018 steht im Garten des NABU Dahmeland ein Bienenvolk. Jetzt wird es nach dem hei\u00dfen Sommer langsam wieder k\u00fchler und die Bienen bereiten sich auf den Winter vor. Doch wie schaffen es die kleinen Tiere, einen kalten Winter zu \u00fcberstehen?","og_url":"https:\/\/www.naturparkmagazin.de\/dahme-heideseen\/wie-ueberstehen-die-bienen-des-nabu-dahmelands-den-winter\/","og_site_name":"Naturpark Dahme-Heideseen","article_published_time":"2018-11-19T07:12:57+00:00","article_modified_time":"2018-12-17T11:44:09+00:00","og_image":[{"width":320,"height":214,"url":"https:\/\/www.naturparkmagazin.de\/dahme-heideseen\/wp-content\/uploads\/sites\/37\/ov_nabu_bienenbearbeitet3min.jpg","type":"image\/jpeg"}],"author":"Astrid Osenbr\u00fcck","twitter_misc":{"Verfasst von":"Astrid Osenbr\u00fcck","Gesch\u00e4tzte Lesezeit":"2\u00a0Minuten"},"schema":{"@context":"https:\/\/schema.org","@graph":[{"@type":"WebPage","@id":"https:\/\/www.naturparkmagazin.de\/dahme-heideseen\/wie-ueberstehen-die-bienen-des-nabu-dahmelands-den-winter\/","url":"https:\/\/www.naturparkmagazin.de\/dahme-heideseen\/wie-ueberstehen-die-bienen-des-nabu-dahmelands-den-winter\/","name":"Wie \u00fcberstehen die Bienen des NABU Dahmelands den Winter? - Naturpark Dahme-Heideseen","isPartOf":{"@id":"https:\/\/www.naturparkmagazin.de\/dahme-heideseen\/#website"},"datePublished":"2018-11-19T07:12:57+00:00","dateModified":"2018-12-17T11:44:09+00:00","author":{"@id":"https:\/\/www.naturparkmagazin.de\/dahme-heideseen\/#\/schema\/person\/a0510aafafdf8183c95fc98faf0c9f21"},"breadcrumb":{"@id":"https:\/\/www.naturparkmagazin.de\/dahme-heideseen\/wie-ueberstehen-die-bienen-des-nabu-dahmelands-den-winter\/#breadcrumb"},"inLanguage":"de","potentialAction":[{"@type":"ReadAction","target":["https:\/\/www.naturparkmagazin.de\/dahme-heideseen\/wie-ueberstehen-die-bienen-des-nabu-dahmelands-den-winter\/"]}]},{"@type":"BreadcrumbList","@id":"https:\/\/www.naturparkmagazin.de\/dahme-heideseen\/wie-ueberstehen-die-bienen-des-nabu-dahmelands-den-winter\/#breadcrumb","itemListElement":[{"@type":"ListItem","position":1,"name":"Home","item":"https:\/\/www.naturparkmagazin.de\/dahme-heideseen\/"},{"@type":"ListItem","position":2,"name":"Wie \u00fcberstehen die Bienen des NABU Dahmelands den Winter?"}]},{"@type":"WebSite","@id":"https:\/\/www.naturparkmagazin.de\/dahme-heideseen\/#website","url":"https:\/\/www.naturparkmagazin.de\/dahme-heideseen\/","name":"Naturpark Dahme-Heideseen","description":"","potentialAction":[{"@type":"SearchAction","target":{"@type":"EntryPoint","urlTemplate":"https:\/\/www.naturparkmagazin.de\/dahme-heideseen\/?s={search_term_string}"},"query-input":"required name=search_term_string"}],"inLanguage":"de"},{"@type":"Person","@id":"https:\/\/www.naturparkmagazin.de\/dahme-heideseen\/#\/schema\/person\/a0510aafafdf8183c95fc98faf0c9f21","name":"Astrid Osenbr\u00fcck","sameAs":["http:\/\/www.dahme-heideseen-naturpark.de"],"url":"https:\/\/www.naturparkmagazin.de\/dahme-heideseen\/author\/astridosenbrueck\/"}]}},"_links":{"self":[{"href":"https:\/\/www.naturparkmagazin.de\/dahme-heideseen\/wp-json\/wp\/v2\/posts\/2766"}],"collection":[{"href":"https:\/\/www.naturparkmagazin.de\/dahme-heideseen\/wp-json\/wp\/v2\/posts"}],"about":[{"href":"https:\/\/www.naturparkmagazin.de\/dahme-heideseen\/wp-json\/wp\/v2\/types\/post"}],"author":[{"embeddable":true,"href":"https:\/\/www.naturparkmagazin.de\/dahme-heideseen\/wp-json\/wp\/v2\/users\/83"}],"replies":[{"embeddable":true,"href":"https:\/\/www.naturparkmagazin.de\/dahme-heideseen\/wp-json\/wp\/v2\/comments?post=2766"}],"version-history":[{"count":9,"href":"https:\/\/www.naturparkmagazin.de\/dahme-heideseen\/wp-json\/wp\/v2\/posts\/2766\/revisions"}],"predecessor-version":[{"id":2846,"href":"https:\/\/www.naturparkmagazin.de\/dahme-heideseen\/wp-json\/wp\/v2\/posts\/2766\/revisions\/2846"}],"wp:featuredmedia":[{"embeddable":true,"href":"https:\/\/www.naturparkmagazin.de\/dahme-heideseen\/wp-json\/wp\/v2\/media\/2773"}],"wp:attachment":[{"href":"https:\/\/www.naturparkmagazin.de\/dahme-heideseen\/wp-json\/wp\/v2\/media?parent=2766"}],"wp:term":[{"taxonomy":"category","embeddable":true,"href":"https:\/\/www.naturparkmagazin.de\/dahme-heideseen\/wp-json\/wp\/v2\/categories?post=2766"},{"taxonomy":"post_tag","embeddable":true,"href":"https:\/\/www.naturparkmagazin.de\/dahme-heideseen\/wp-json\/wp\/v2\/tags?post=2766"}],"curies":[{"name":"wp","href":"https:\/\/api.w.org\/{rel}","templated":true}]}}