{"id":2768,"date":"2018-10-22T13:27:49","date_gmt":"2018-10-22T11:27:49","guid":{"rendered":"https:\/\/www.naturparkmagazin.de\/dahme-heideseen\/?p=2768"},"modified":"2018-10-26T12:09:06","modified_gmt":"2018-10-26T10:09:06","slug":"herbstzeit-ist-quittenzeit","status":"publish","type":"post","link":"https:\/\/www.naturparkmagazin.de\/dahme-heideseen\/herbstzeit-ist-quittenzeit\/","title":{"rendered":"Herbstzeit ist Quittenzeit"},"content":{"rendered":"<p>Im Herbst, von Ende September bis November, k\u00f6nnen Quitten geerntet und verarbeitet werden. Ob Quitten schon reif sind, erkennt man an ihrer Farbe: Wenn die Fr\u00fcchte eine gleichm\u00e4\u00dfige goldgelbe Farbe aufweisen, lassen sie sich leicht vom Baum abdrehen und sind f\u00fcr die Verarbeitung bereit. Aber auch bereits, wenn ihre Farbe von gr\u00fcn nach gelb umschl\u00e4gt, k\u00f6nnen Quitten geerntet werden. Bei dieser Reifestufe kann man sie dann noch bis zu zwei Monate nachreifen lassen. Grasgr\u00fcne Fr\u00fcchte sollte man aber lieber am Baum lassen, da sich das Aroma erst noch weiter entwickeln muss.<\/p>\n<p>Die Quitte ist ein echter Allesk\u00f6nner. Man kann vieles aus ihr herstellen, z. B. Gelee, Marmelade, Lik\u00f6r und vieles mehr.\nDa der Flaum Bitterstoffe enth\u00e4lt, sollte dieser vorher mit einer B\u00fcrste oder einem Geschirrtuch abgerieben werden. Zum Zerteilen braucht es Kraft und ein scharfes, am besten geriffeltes Messer. Man kann sie vor dem Schneiden aber auch im Backofen weich garen. Wenn Sie schon aufgeschnitten sind, dann mit Zitronensaft betr\u00e4ufeln, damit sie nicht braun werden.<\/p>\n<p><strong>Ganz einfach Quittenmus selber herstellen<\/strong><\/p>\n<p>Zutaten:\n&#8211; Quitten (je nach Belieben)\n&#8211; Wasser\n&#8211; Zitronensaft<\/p>\n<p>Den Flaum gr\u00fcndlich entfernen. Dann die Quitten in St\u00fccke schneiden, sch\u00e4len und das Kerngeh\u00e4use entfernen. Dann die Quitten in einem Topf mit Wasser und etwas Zitronensaft auf niedriger Stufe kochen, bis sie weich sind. Zum Schluss nur noch p\u00fcrieren oder durch ein Sieb streichen. Je nach Geschmack k\u00f6nnen noch Zucker, Apfelsaft oder Gew\u00fcrze hinzugef\u00fcgt werden.<\/p>\n","protected":false},"excerpt":{"rendered":"<p>Im Herbst, von Ende September bis November, k\u00f6nnen Quitten geerntet und verarbeitet werden. Man kann vieles aus ihr herstellen, z. B. Gelee, Marmelade, Lik\u00f6r und vieles mehr.<\/p>\n","protected":false},"author":83,"featured_media":2776,"comment_status":"open","ping_status":"open","sticky":false,"template":"","format":"standard","meta":[],"categories":[7],"tags":[],"yoast_head":"<!-- This site is optimized with the Yoast SEO plugin v19.10 - https:\/\/yoast.com\/wordpress\/plugins\/seo\/ -->\n<title>Herbstzeit ist Quittenzeit - Naturpark Dahme-Heideseen<\/title>\n<meta name=\"robots\" content=\"index, follow, max-snippet:-1, max-image-preview:large, max-video-preview:-1\" \/>\n<link rel=\"canonical\" href=\"https:\/\/www.naturparkmagazin.de\/dahme-heideseen\/herbstzeit-ist-quittenzeit\/\" \/>\n<meta property=\"og:locale\" content=\"de_DE\" \/>\n<meta property=\"og:type\" content=\"article\" \/>\n<meta property=\"og:title\" content=\"Herbstzeit ist Quittenzeit - Naturpark Dahme-Heideseen\" \/>\n<meta property=\"og:description\" content=\"Im Herbst, von Ende September bis November, k\u00f6nnen Quitten geerntet und verarbeitet werden. Man kann vieles aus ihr herstellen, z. B. Gelee, Marmelade, Lik\u00f6r und vieles mehr.\" \/>\n<meta property=\"og:url\" content=\"https:\/\/www.naturparkmagazin.de\/dahme-heideseen\/herbstzeit-ist-quittenzeit\/\" \/>\n<meta property=\"og:site_name\" content=\"Naturpark Dahme-Heideseen\" \/>\n<meta property=\"article:published_time\" content=\"2018-10-22T11:27:49+00:00\" \/>\n<meta property=\"article:modified_time\" content=\"2018-10-26T10:09:06+00:00\" \/>\n<meta property=\"og:image\" content=\"https:\/\/www.naturparkmagazin.de\/dahme-heideseen\/wp-content\/uploads\/sites\/37\/Quitten.jpg\" \/>\n\t<meta property=\"og:image:width\" content=\"3354\" \/>\n\t<meta property=\"og:image:height\" content=\"1927\" \/>\n\t<meta property=\"og:image:type\" content=\"image\/jpeg\" \/>\n<meta name=\"author\" content=\"Astrid Osenbr\u00fcck\" \/>\n<meta name=\"twitter:label1\" content=\"Verfasst von\" \/>\n\t<meta name=\"twitter:data1\" content=\"Astrid Osenbr\u00fcck\" \/>\n\t<meta name=\"twitter:label2\" content=\"Gesch\u00e4tzte Lesezeit\" \/>\n\t<meta name=\"twitter:data2\" content=\"1\u00a0Minute\" \/>\n<script type=\"application\/ld+json\" class=\"yoast-schema-graph\">{\"@context\":\"https:\/\/schema.org\",\"@graph\":[{\"@type\":\"WebPage\",\"@id\":\"https:\/\/www.naturparkmagazin.de\/dahme-heideseen\/herbstzeit-ist-quittenzeit\/\",\"url\":\"https:\/\/www.naturparkmagazin.de\/dahme-heideseen\/herbstzeit-ist-quittenzeit\/\",\"name\":\"Herbstzeit ist Quittenzeit - Naturpark Dahme-Heideseen\",\"isPartOf\":{\"@id\":\"https:\/\/www.naturparkmagazin.de\/dahme-heideseen\/#website\"},\"datePublished\":\"2018-10-22T11:27:49+00:00\",\"dateModified\":\"2018-10-26T10:09:06+00:00\",\"author\":{\"@id\":\"https:\/\/www.naturparkmagazin.de\/dahme-heideseen\/#\/schema\/person\/a0510aafafdf8183c95fc98faf0c9f21\"},\"breadcrumb\":{\"@id\":\"https:\/\/www.naturparkmagazin.de\/dahme-heideseen\/herbstzeit-ist-quittenzeit\/#breadcrumb\"},\"inLanguage\":\"de\",\"potentialAction\":[{\"@type\":\"ReadAction\",\"target\":[\"https:\/\/www.naturparkmagazin.de\/dahme-heideseen\/herbstzeit-ist-quittenzeit\/\"]}]},{\"@type\":\"BreadcrumbList\",\"@id\":\"https:\/\/www.naturparkmagazin.de\/dahme-heideseen\/herbstzeit-ist-quittenzeit\/#breadcrumb\",\"itemListElement\":[{\"@type\":\"ListItem\",\"position\":1,\"name\":\"Home\",\"item\":\"https:\/\/www.naturparkmagazin.de\/dahme-heideseen\/\"},{\"@type\":\"ListItem\",\"position\":2,\"name\":\"Herbstzeit ist Quittenzeit\"}]},{\"@type\":\"WebSite\",\"@id\":\"https:\/\/www.naturparkmagazin.de\/dahme-heideseen\/#website\",\"url\":\"https:\/\/www.naturparkmagazin.de\/dahme-heideseen\/\",\"name\":\"Naturpark Dahme-Heideseen\",\"description\":\"\",\"potentialAction\":[{\"@type\":\"SearchAction\",\"target\":{\"@type\":\"EntryPoint\",\"urlTemplate\":\"https:\/\/www.naturparkmagazin.de\/dahme-heideseen\/?s={search_term_string}\"},\"query-input\":\"required name=search_term_string\"}],\"inLanguage\":\"de\"},{\"@type\":\"Person\",\"@id\":\"https:\/\/www.naturparkmagazin.de\/dahme-heideseen\/#\/schema\/person\/a0510aafafdf8183c95fc98faf0c9f21\",\"name\":\"Astrid Osenbr\u00fcck\",\"sameAs\":[\"http:\/\/www.dahme-heideseen-naturpark.de\"],\"url\":\"https:\/\/www.naturparkmagazin.de\/dahme-heideseen\/author\/astridosenbrueck\/\"}]}<\/script>\n<!-- \/ Yoast SEO plugin. -->","yoast_head_json":{"title":"Herbstzeit ist Quittenzeit - Naturpark Dahme-Heideseen","robots":{"index":"index","follow":"follow","max-snippet":"max-snippet:-1","max-image-preview":"max-image-preview:large","max-video-preview":"max-video-preview:-1"},"canonical":"https:\/\/www.naturparkmagazin.de\/dahme-heideseen\/herbstzeit-ist-quittenzeit\/","og_locale":"de_DE","og_type":"article","og_title":"Herbstzeit ist Quittenzeit - Naturpark Dahme-Heideseen","og_description":"Im Herbst, von Ende September bis November, k\u00f6nnen Quitten geerntet und verarbeitet werden. Man kann vieles aus ihr herstellen, z. B. Gelee, Marmelade, Lik\u00f6r und vieles mehr.","og_url":"https:\/\/www.naturparkmagazin.de\/dahme-heideseen\/herbstzeit-ist-quittenzeit\/","og_site_name":"Naturpark Dahme-Heideseen","article_published_time":"2018-10-22T11:27:49+00:00","article_modified_time":"2018-10-26T10:09:06+00:00","og_image":[{"width":3354,"height":1927,"url":"https:\/\/www.naturparkmagazin.de\/dahme-heideseen\/wp-content\/uploads\/sites\/37\/Quitten.jpg","type":"image\/jpeg"}],"author":"Astrid Osenbr\u00fcck","twitter_misc":{"Verfasst von":"Astrid Osenbr\u00fcck","Gesch\u00e4tzte Lesezeit":"1\u00a0Minute"},"schema":{"@context":"https:\/\/schema.org","@graph":[{"@type":"WebPage","@id":"https:\/\/www.naturparkmagazin.de\/dahme-heideseen\/herbstzeit-ist-quittenzeit\/","url":"https:\/\/www.naturparkmagazin.de\/dahme-heideseen\/herbstzeit-ist-quittenzeit\/","name":"Herbstzeit ist Quittenzeit - Naturpark Dahme-Heideseen","isPartOf":{"@id":"https:\/\/www.naturparkmagazin.de\/dahme-heideseen\/#website"},"datePublished":"2018-10-22T11:27:49+00:00","dateModified":"2018-10-26T10:09:06+00:00","author":{"@id":"https:\/\/www.naturparkmagazin.de\/dahme-heideseen\/#\/schema\/person\/a0510aafafdf8183c95fc98faf0c9f21"},"breadcrumb":{"@id":"https:\/\/www.naturparkmagazin.de\/dahme-heideseen\/herbstzeit-ist-quittenzeit\/#breadcrumb"},"inLanguage":"de","potentialAction":[{"@type":"ReadAction","target":["https:\/\/www.naturparkmagazin.de\/dahme-heideseen\/herbstzeit-ist-quittenzeit\/"]}]},{"@type":"BreadcrumbList","@id":"https:\/\/www.naturparkmagazin.de\/dahme-heideseen\/herbstzeit-ist-quittenzeit\/#breadcrumb","itemListElement":[{"@type":"ListItem","position":1,"name":"Home","item":"https:\/\/www.naturparkmagazin.de\/dahme-heideseen\/"},{"@type":"ListItem","position":2,"name":"Herbstzeit ist Quittenzeit"}]},{"@type":"WebSite","@id":"https:\/\/www.naturparkmagazin.de\/dahme-heideseen\/#website","url":"https:\/\/www.naturparkmagazin.de\/dahme-heideseen\/","name":"Naturpark Dahme-Heideseen","description":"","potentialAction":[{"@type":"SearchAction","target":{"@type":"EntryPoint","urlTemplate":"https:\/\/www.naturparkmagazin.de\/dahme-heideseen\/?s={search_term_string}"},"query-input":"required name=search_term_string"}],"inLanguage":"de"},{"@type":"Person","@id":"https:\/\/www.naturparkmagazin.de\/dahme-heideseen\/#\/schema\/person\/a0510aafafdf8183c95fc98faf0c9f21","name":"Astrid Osenbr\u00fcck","sameAs":["http:\/\/www.dahme-heideseen-naturpark.de"],"url":"https:\/\/www.naturparkmagazin.de\/dahme-heideseen\/author\/astridosenbrueck\/"}]}},"_links":{"self":[{"href":"https:\/\/www.naturparkmagazin.de\/dahme-heideseen\/wp-json\/wp\/v2\/posts\/2768"}],"collection":[{"href":"https:\/\/www.naturparkmagazin.de\/dahme-heideseen\/wp-json\/wp\/v2\/posts"}],"about":[{"href":"https:\/\/www.naturparkmagazin.de\/dahme-heideseen\/wp-json\/wp\/v2\/types\/post"}],"author":[{"embeddable":true,"href":"https:\/\/www.naturparkmagazin.de\/dahme-heideseen\/wp-json\/wp\/v2\/users\/83"}],"replies":[{"embeddable":true,"href":"https:\/\/www.naturparkmagazin.de\/dahme-heideseen\/wp-json\/wp\/v2\/comments?post=2768"}],"version-history":[{"count":5,"href":"https:\/\/www.naturparkmagazin.de\/dahme-heideseen\/wp-json\/wp\/v2\/posts\/2768\/revisions"}],"predecessor-version":[{"id":2781,"href":"https:\/\/www.naturparkmagazin.de\/dahme-heideseen\/wp-json\/wp\/v2\/posts\/2768\/revisions\/2781"}],"wp:featuredmedia":[{"embeddable":true,"href":"https:\/\/www.naturparkmagazin.de\/dahme-heideseen\/wp-json\/wp\/v2\/media\/2776"}],"wp:attachment":[{"href":"https:\/\/www.naturparkmagazin.de\/dahme-heideseen\/wp-json\/wp\/v2\/media?parent=2768"}],"wp:term":[{"taxonomy":"category","embeddable":true,"href":"https:\/\/www.naturparkmagazin.de\/dahme-heideseen\/wp-json\/wp\/v2\/categories?post=2768"},{"taxonomy":"post_tag","embeddable":true,"href":"https:\/\/www.naturparkmagazin.de\/dahme-heideseen\/wp-json\/wp\/v2\/tags?post=2768"}],"curies":[{"name":"wp","href":"https:\/\/api.w.org\/{rel}","templated":true}]}}