{"id":2803,"date":"2024-11-15T13:57:34","date_gmt":"2024-11-15T12:57:34","guid":{"rendered":"https:\/\/www.naturparkmagazin.de\/dahme-heideseen\/?p=2803"},"modified":"2024-11-26T13:49:24","modified_gmt":"2024-11-26T12:49:24","slug":"waldweihnacht-in-der-landeswaldoberfoersterei-hammer","status":"publish","type":"post","link":"https:\/\/www.naturparkmagazin.de\/dahme-heideseen\/waldweihnacht-in-der-landeswaldoberfoersterei-hammer\/","title":{"rendered":"Wald-Weihnacht mit Weihnachtsbaumverkauf"},"content":{"rendered":"<p>Weihnachtsb\u00e4ume (M\u00e4rkische Kiefern, Fichten, K\u00fcstentannen),<\/p>\n<p>Wildverkauf (Wildsalami, Wildw\u00fcrste, Wildbraten)<\/p>\n<p>und ein kleiner Weihnachtsmarkt &#8211; all dies wird bei der Wald-Weihnacht im Forstbetrieb Hammer geboten.<\/p>\n<p>&nbsp;<\/p>\n<p>F\u00fcr das <strong>leibliche Wohl<\/strong> ist mit Kaffe &amp; Kuchen, Leckeres vom Fischer, Wildschwein &amp; Wildbratwurst, Kinderpunsch, Kn\u00fcppelkuchen und Gl\u00fchwein gesorgt.<\/p>\n<p>&nbsp;<\/p>\n<p><strong>Programm<\/strong><\/p>\n<ul>\n<li>12 Uhr Einlass &amp; weihnachtliche Blasmusik<\/li>\n<li>13 Uhr Weihnachtsgeschichte<\/li>\n<li>14 Uhr M\u00e4rchenwaldspaziergang<\/li>\n<li>15 Uhr Weihnachtsgeschichte<\/li>\n<li>17 Uhr Weihnachtsgeschichte<\/li>\n<li>18 Uhr Ende<\/li>\n<\/ul>\n<p>&nbsp;<\/p>\n<p><strong>Was geboten wird<\/strong><\/p>\n<ul>\n<li>Basteln f\u00fcr Kinder<\/li>\n<li>Historisches Handwerk<\/li>\n<li>Futterh\u00e4uschen zum Zusammenbauen<\/li>\n<li>M\u00e4rchenwanderung<\/li>\n<li>gro\u00dfe und kleine Lagerfeuer<\/li>\n<li>Weihnachtsquadrille<\/li>\n<li>Weihnachtliche Blasmusik<\/li>\n<\/ul>\n<p>&nbsp;<\/p>\n<p><a href=\"https:\/\/www.naturparkmagazin.de\/dahme-heideseen\/wp-content\/uploads\/sites\/37\/Waldweihnacht-2022.jpg\"><img decoding=\"async\" loading=\"lazy\" class=\"alignnone wp-image-4728 size-full\" src=\"https:\/\/www.naturparkmagazin.de\/dahme-heideseen\/wp-content\/uploads\/sites\/37\/Waldweihnacht-2022-e1700559807989.jpg\" alt=\"Waldweihnacht 2022\" width=\"595\" height=\"404\" srcset=\"https:\/\/www.naturparkmagazin.de\/dahme-heideseen\/wp-content\/uploads\/sites\/37\/Waldweihnacht-2022-e1700559807989.jpg 595w, https:\/\/www.naturparkmagazin.de\/dahme-heideseen\/wp-content\/uploads\/sites\/37\/Waldweihnacht-2022-e1700559807989-300x204.jpg 300w, https:\/\/www.naturparkmagazin.de\/dahme-heideseen\/wp-content\/uploads\/sites\/37\/Waldweihnacht-2022-e1700559807989-200x136.jpg 200w\" sizes=\"(max-width: 595px) 100vw, 595px\" \/><\/a><\/p>\n<p>&nbsp;<\/p>\n<p><strong>Veranstaltungsort:<\/strong>\nGro\u00df K\u00f6ris\nForstbetrieb Hammer\nAn der B 179\n15746 Gro\u00df K\u00f6ris\nwww.forst.brandenburg.de<\/p>\n<p><strong>Anfahrt:<\/strong>\nAutobahn A 13, Abfahrt Gro\u00df K\u00f6ris, Landstra\u00dfe in \u00f6stlicher Richtung \u00fcber Klein K\u00f6ris auf die B 179, dort rechts in Richtung L\u00fcbben (s\u00fcdlich) 3 km bis zum Forstbetrieb Hammer<\/p>\n<p>&nbsp;<\/p>\n<p>Bundesweite Veranstaltungsinitiative Treffpunkt Wald<\/p>\n","protected":false},"excerpt":{"rendered":"<p>Am 7. Dezember l\u00e4dt der Forstbetrieb Hammer zur Wald-Weihnacht ein.<\/p>\n","protected":false},"author":83,"featured_media":1760,"comment_status":"open","ping_status":"open","sticky":false,"template":"","format":"standard","meta":[],"categories":[11],"tags":[281],"yoast_head":"<!-- This site is optimized with the Yoast SEO plugin v19.10 - https:\/\/yoast.com\/wordpress\/plugins\/seo\/ -->\n<title>Wald-Weihnacht mit Weihnachtsbaumverkauf - Naturpark Dahme-Heideseen<\/title>\n<meta name=\"robots\" content=\"index, follow, max-snippet:-1, max-image-preview:large, max-video-preview:-1\" \/>\n<link rel=\"canonical\" href=\"https:\/\/www.naturparkmagazin.de\/dahme-heideseen\/waldweihnacht-in-der-landeswaldoberfoersterei-hammer\/\" \/>\n<meta property=\"og:locale\" content=\"de_DE\" \/>\n<meta property=\"og:type\" content=\"article\" \/>\n<meta property=\"og:title\" content=\"Wald-Weihnacht mit Weihnachtsbaumverkauf - Naturpark Dahme-Heideseen\" \/>\n<meta property=\"og:description\" content=\"Am 7. Dezember l\u00e4dt der Forstbetrieb Hammer zur Wald-Weihnacht ein.\" \/>\n<meta property=\"og:url\" content=\"https:\/\/www.naturparkmagazin.de\/dahme-heideseen\/waldweihnacht-in-der-landeswaldoberfoersterei-hammer\/\" \/>\n<meta property=\"og:site_name\" content=\"Naturpark Dahme-Heideseen\" \/>\n<meta property=\"article:published_time\" content=\"2024-11-15T12:57:34+00:00\" \/>\n<meta property=\"article:modified_time\" content=\"2024-11-26T12:49:24+00:00\" \/>\n<meta property=\"og:image\" content=\"https:\/\/www.naturparkmagazin.de\/dahme-heideseen\/wp-content\/uploads\/sites\/37\/Hammer-im-Winter_sonnenberg.jpg\" \/>\n\t<meta property=\"og:image:width\" content=\"1000\" \/>\n\t<meta property=\"og:image:height\" content=\"708\" \/>\n\t<meta property=\"og:image:type\" content=\"image\/jpeg\" \/>\n<meta name=\"author\" content=\"Astrid Osenbr\u00fcck\" \/>\n<meta name=\"twitter:label1\" content=\"Verfasst von\" \/>\n\t<meta name=\"twitter:data1\" content=\"Astrid Osenbr\u00fcck\" \/>\n\t<meta name=\"twitter:label2\" content=\"Gesch\u00e4tzte Lesezeit\" \/>\n\t<meta name=\"twitter:data2\" content=\"1\u00a0Minute\" \/>\n<script type=\"application\/ld+json\" class=\"yoast-schema-graph\">{\"@context\":\"https:\/\/schema.org\",\"@graph\":[{\"@type\":\"WebPage\",\"@id\":\"https:\/\/www.naturparkmagazin.de\/dahme-heideseen\/waldweihnacht-in-der-landeswaldoberfoersterei-hammer\/\",\"url\":\"https:\/\/www.naturparkmagazin.de\/dahme-heideseen\/waldweihnacht-in-der-landeswaldoberfoersterei-hammer\/\",\"name\":\"Wald-Weihnacht mit Weihnachtsbaumverkauf - Naturpark Dahme-Heideseen\",\"isPartOf\":{\"@id\":\"https:\/\/www.naturparkmagazin.de\/dahme-heideseen\/#website\"},\"datePublished\":\"2024-11-15T12:57:34+00:00\",\"dateModified\":\"2024-11-26T12:49:24+00:00\",\"author\":{\"@id\":\"https:\/\/www.naturparkmagazin.de\/dahme-heideseen\/#\/schema\/person\/a0510aafafdf8183c95fc98faf0c9f21\"},\"breadcrumb\":{\"@id\":\"https:\/\/www.naturparkmagazin.de\/dahme-heideseen\/waldweihnacht-in-der-landeswaldoberfoersterei-hammer\/#breadcrumb\"},\"inLanguage\":\"de\",\"potentialAction\":[{\"@type\":\"ReadAction\",\"target\":[\"https:\/\/www.naturparkmagazin.de\/dahme-heideseen\/waldweihnacht-in-der-landeswaldoberfoersterei-hammer\/\"]}]},{\"@type\":\"BreadcrumbList\",\"@id\":\"https:\/\/www.naturparkmagazin.de\/dahme-heideseen\/waldweihnacht-in-der-landeswaldoberfoersterei-hammer\/#breadcrumb\",\"itemListElement\":[{\"@type\":\"ListItem\",\"position\":1,\"name\":\"Home\",\"item\":\"https:\/\/www.naturparkmagazin.de\/dahme-heideseen\/\"},{\"@type\":\"ListItem\",\"position\":2,\"name\":\"Wald-Weihnacht mit Weihnachtsbaumverkauf\"}]},{\"@type\":\"WebSite\",\"@id\":\"https:\/\/www.naturparkmagazin.de\/dahme-heideseen\/#website\",\"url\":\"https:\/\/www.naturparkmagazin.de\/dahme-heideseen\/\",\"name\":\"Naturpark Dahme-Heideseen\",\"description\":\"\",\"potentialAction\":[{\"@type\":\"SearchAction\",\"target\":{\"@type\":\"EntryPoint\",\"urlTemplate\":\"https:\/\/www.naturparkmagazin.de\/dahme-heideseen\/?s={search_term_string}\"},\"query-input\":\"required name=search_term_string\"}],\"inLanguage\":\"de\"},{\"@type\":\"Person\",\"@id\":\"https:\/\/www.naturparkmagazin.de\/dahme-heideseen\/#\/schema\/person\/a0510aafafdf8183c95fc98faf0c9f21\",\"name\":\"Astrid Osenbr\u00fcck\",\"sameAs\":[\"http:\/\/www.dahme-heideseen-naturpark.de\"],\"url\":\"https:\/\/www.naturparkmagazin.de\/dahme-heideseen\/author\/astridosenbrueck\/\"}]}<\/script>\n<!-- \/ Yoast SEO plugin. -->","yoast_head_json":{"title":"Wald-Weihnacht mit Weihnachtsbaumverkauf - Naturpark Dahme-Heideseen","robots":{"index":"index","follow":"follow","max-snippet":"max-snippet:-1","max-image-preview":"max-image-preview:large","max-video-preview":"max-video-preview:-1"},"canonical":"https:\/\/www.naturparkmagazin.de\/dahme-heideseen\/waldweihnacht-in-der-landeswaldoberfoersterei-hammer\/","og_locale":"de_DE","og_type":"article","og_title":"Wald-Weihnacht mit Weihnachtsbaumverkauf - Naturpark Dahme-Heideseen","og_description":"Am 7. Dezember l\u00e4dt der Forstbetrieb Hammer zur Wald-Weihnacht ein.","og_url":"https:\/\/www.naturparkmagazin.de\/dahme-heideseen\/waldweihnacht-in-der-landeswaldoberfoersterei-hammer\/","og_site_name":"Naturpark Dahme-Heideseen","article_published_time":"2024-11-15T12:57:34+00:00","article_modified_time":"2024-11-26T12:49:24+00:00","og_image":[{"width":1000,"height":708,"url":"https:\/\/www.naturparkmagazin.de\/dahme-heideseen\/wp-content\/uploads\/sites\/37\/Hammer-im-Winter_sonnenberg.jpg","type":"image\/jpeg"}],"author":"Astrid Osenbr\u00fcck","twitter_misc":{"Verfasst von":"Astrid Osenbr\u00fcck","Gesch\u00e4tzte Lesezeit":"1\u00a0Minute"},"schema":{"@context":"https:\/\/schema.org","@graph":[{"@type":"WebPage","@id":"https:\/\/www.naturparkmagazin.de\/dahme-heideseen\/waldweihnacht-in-der-landeswaldoberfoersterei-hammer\/","url":"https:\/\/www.naturparkmagazin.de\/dahme-heideseen\/waldweihnacht-in-der-landeswaldoberfoersterei-hammer\/","name":"Wald-Weihnacht mit Weihnachtsbaumverkauf - Naturpark Dahme-Heideseen","isPartOf":{"@id":"https:\/\/www.naturparkmagazin.de\/dahme-heideseen\/#website"},"datePublished":"2024-11-15T12:57:34+00:00","dateModified":"2024-11-26T12:49:24+00:00","author":{"@id":"https:\/\/www.naturparkmagazin.de\/dahme-heideseen\/#\/schema\/person\/a0510aafafdf8183c95fc98faf0c9f21"},"breadcrumb":{"@id":"https:\/\/www.naturparkmagazin.de\/dahme-heideseen\/waldweihnacht-in-der-landeswaldoberfoersterei-hammer\/#breadcrumb"},"inLanguage":"de","potentialAction":[{"@type":"ReadAction","target":["https:\/\/www.naturparkmagazin.de\/dahme-heideseen\/waldweihnacht-in-der-landeswaldoberfoersterei-hammer\/"]}]},{"@type":"BreadcrumbList","@id":"https:\/\/www.naturparkmagazin.de\/dahme-heideseen\/waldweihnacht-in-der-landeswaldoberfoersterei-hammer\/#breadcrumb","itemListElement":[{"@type":"ListItem","position":1,"name":"Home","item":"https:\/\/www.naturparkmagazin.de\/dahme-heideseen\/"},{"@type":"ListItem","position":2,"name":"Wald-Weihnacht mit Weihnachtsbaumverkauf"}]},{"@type":"WebSite","@id":"https:\/\/www.naturparkmagazin.de\/dahme-heideseen\/#website","url":"https:\/\/www.naturparkmagazin.de\/dahme-heideseen\/","name":"Naturpark Dahme-Heideseen","description":"","potentialAction":[{"@type":"SearchAction","target":{"@type":"EntryPoint","urlTemplate":"https:\/\/www.naturparkmagazin.de\/dahme-heideseen\/?s={search_term_string}"},"query-input":"required name=search_term_string"}],"inLanguage":"de"},{"@type":"Person","@id":"https:\/\/www.naturparkmagazin.de\/dahme-heideseen\/#\/schema\/person\/a0510aafafdf8183c95fc98faf0c9f21","name":"Astrid Osenbr\u00fcck","sameAs":["http:\/\/www.dahme-heideseen-naturpark.de"],"url":"https:\/\/www.naturparkmagazin.de\/dahme-heideseen\/author\/astridosenbrueck\/"}]}},"_links":{"self":[{"href":"https:\/\/www.naturparkmagazin.de\/dahme-heideseen\/wp-json\/wp\/v2\/posts\/2803"}],"collection":[{"href":"https:\/\/www.naturparkmagazin.de\/dahme-heideseen\/wp-json\/wp\/v2\/posts"}],"about":[{"href":"https:\/\/www.naturparkmagazin.de\/dahme-heideseen\/wp-json\/wp\/v2\/types\/post"}],"author":[{"embeddable":true,"href":"https:\/\/www.naturparkmagazin.de\/dahme-heideseen\/wp-json\/wp\/v2\/users\/83"}],"replies":[{"embeddable":true,"href":"https:\/\/www.naturparkmagazin.de\/dahme-heideseen\/wp-json\/wp\/v2\/comments?post=2803"}],"version-history":[{"count":15,"href":"https:\/\/www.naturparkmagazin.de\/dahme-heideseen\/wp-json\/wp\/v2\/posts\/2803\/revisions"}],"predecessor-version":[{"id":6683,"href":"https:\/\/www.naturparkmagazin.de\/dahme-heideseen\/wp-json\/wp\/v2\/posts\/2803\/revisions\/6683"}],"wp:featuredmedia":[{"embeddable":true,"href":"https:\/\/www.naturparkmagazin.de\/dahme-heideseen\/wp-json\/wp\/v2\/media\/1760"}],"wp:attachment":[{"href":"https:\/\/www.naturparkmagazin.de\/dahme-heideseen\/wp-json\/wp\/v2\/media?parent=2803"}],"wp:term":[{"taxonomy":"category","embeddable":true,"href":"https:\/\/www.naturparkmagazin.de\/dahme-heideseen\/wp-json\/wp\/v2\/categories?post=2803"},{"taxonomy":"post_tag","embeddable":true,"href":"https:\/\/www.naturparkmagazin.de\/dahme-heideseen\/wp-json\/wp\/v2\/tags?post=2803"}],"curies":[{"name":"wp","href":"https:\/\/api.w.org\/{rel}","templated":true}]}}