{"id":2841,"date":"2018-11-22T12:07:16","date_gmt":"2018-11-22T11:07:16","guid":{"rendered":"https:\/\/www.naturparkmagazin.de\/dahme-heideseen\/?p=2841"},"modified":"2018-11-29T12:13:36","modified_gmt":"2018-11-29T11:13:36","slug":"2841","status":"publish","type":"post","link":"https:\/\/www.naturparkmagazin.de\/dahme-heideseen\/2841\/","title":{"rendered":""},"content":{"rendered":"<p>das Jahr 2018 neigt sich dem Ende entgegen \u2013 eine Zeit, in der das Naturpark-Team das letzte Jahr gerne noch einmal Revue passieren l\u00e4sst. Das neue JahreBuch, welches ab Dezember erh\u00e4ltlich ist, berichtet anschaulich \u00fcber besondere Ereignisse und Erlebnisse der letzten 12 Monate und bietet auch weitere informative Beitr\u00e4ge. Im Mittelpunkt stehen dieses Mal die Menschen im Dahmeland. Weitere Informationen zum Erwerb des \u2013 stolze 144 Seiten dicken \u2013 Buches erhalten Sie rechtzeitig auf der Internetseite des Naturparks.<\/p>\n<p>Weiterhin k\u00f6nnen Sie sich in der kalten Winterzeit auf verschiedene Weihnachtsm\u00e4rkte in der Naturpark-Region freuen. Weihnachtsstimmung versprechen z. B. die Weihnachtsm\u00e4rkte in Storkow oder in der Oberf\u00f6rsterei Hammer. Feierlich geht es auch beim Weihnachtsliedersingen auf der Burg Storkow zu.<\/p>\n<p>Eine frohe und besinnliche Advents- und Weihnachtszeit und viel Spa\u00df beim Lesen, Feiern und Genie\u00dfen w\u00fcnscht Ihnen<\/p>\n<p>Ihr Naturpark-Team<\/p>\n<p><span style=\"color: #000000; font-family: Georgia;\">\u00a0<\/span><\/p>\n<p>&nbsp;<\/p>\n<p>&nbsp;<\/p>\n","protected":false},"excerpt":{"rendered":"<p>das Jahr 2018 neigt sich dem Ende entgegen \u2013 eine Zeit, in der das Naturpark-Team das letzte Jahr gerne noch einmal Revue passieren l\u00e4sst. Das neue JahreBuch, welches ab Dezember erh\u00e4ltlich ist, berichtet anschaulich \u00fcber besondere Ereignisse und Erlebnisse der letzten 12 Monate und bietet auch weitere informative Beitr\u00e4ge. Im Mittelpunkt stehen dieses Mal die<\/p>\n","protected":false},"author":83,"featured_media":0,"comment_status":"open","ping_status":"open","sticky":false,"template":"","format":"standard","meta":[],"categories":[52],"tags":[],"yoast_head":"<!-- This site is optimized with the Yoast SEO plugin v19.10 - https:\/\/yoast.com\/wordpress\/plugins\/seo\/ -->\n<title>- Naturpark Dahme-Heideseen<\/title>\n<meta name=\"robots\" content=\"index, follow, max-snippet:-1, max-image-preview:large, max-video-preview:-1\" \/>\n<link rel=\"canonical\" href=\"https:\/\/www.naturparkmagazin.de\/dahme-heideseen\/2841\/\" \/>\n<meta property=\"og:locale\" content=\"de_DE\" \/>\n<meta property=\"og:type\" content=\"article\" \/>\n<meta property=\"og:title\" content=\"- Naturpark Dahme-Heideseen\" \/>\n<meta property=\"og:description\" content=\"das Jahr 2018 neigt sich dem Ende entgegen \u2013 eine Zeit, in der das Naturpark-Team das letzte Jahr gerne noch einmal Revue passieren l\u00e4sst. Das neue JahreBuch, welches ab Dezember erh\u00e4ltlich ist, berichtet anschaulich \u00fcber besondere Ereignisse und Erlebnisse der letzten 12 Monate und bietet auch weitere informative Beitr\u00e4ge. Im Mittelpunkt stehen dieses Mal die\" \/>\n<meta property=\"og:url\" content=\"https:\/\/www.naturparkmagazin.de\/dahme-heideseen\/2841\/\" \/>\n<meta property=\"og:site_name\" content=\"Naturpark Dahme-Heideseen\" \/>\n<meta property=\"article:published_time\" content=\"2018-11-22T11:07:16+00:00\" \/>\n<meta property=\"article:modified_time\" content=\"2018-11-29T11:13:36+00:00\" \/>\n<meta name=\"author\" content=\"Astrid Osenbr\u00fcck\" \/>\n<meta name=\"twitter:label1\" content=\"Verfasst von\" \/>\n\t<meta name=\"twitter:data1\" content=\"Astrid Osenbr\u00fcck\" \/>\n\t<meta name=\"twitter:label2\" content=\"Gesch\u00e4tzte Lesezeit\" \/>\n\t<meta name=\"twitter:data2\" content=\"1\u00a0Minute\" \/>\n<script type=\"application\/ld+json\" class=\"yoast-schema-graph\">{\"@context\":\"https:\/\/schema.org\",\"@graph\":[{\"@type\":\"WebPage\",\"@id\":\"https:\/\/www.naturparkmagazin.de\/dahme-heideseen\/2841\/\",\"url\":\"https:\/\/www.naturparkmagazin.de\/dahme-heideseen\/2841\/\",\"name\":\"- Naturpark Dahme-Heideseen\",\"isPartOf\":{\"@id\":\"https:\/\/www.naturparkmagazin.de\/dahme-heideseen\/#website\"},\"datePublished\":\"2018-11-22T11:07:16+00:00\",\"dateModified\":\"2018-11-29T11:13:36+00:00\",\"author\":{\"@id\":\"https:\/\/www.naturparkmagazin.de\/dahme-heideseen\/#\/schema\/person\/a0510aafafdf8183c95fc98faf0c9f21\"},\"inLanguage\":\"de\",\"potentialAction\":[{\"@type\":\"ReadAction\",\"target\":[\"https:\/\/www.naturparkmagazin.de\/dahme-heideseen\/2841\/\"]}]},{\"@type\":\"WebSite\",\"@id\":\"https:\/\/www.naturparkmagazin.de\/dahme-heideseen\/#website\",\"url\":\"https:\/\/www.naturparkmagazin.de\/dahme-heideseen\/\",\"name\":\"Naturpark Dahme-Heideseen\",\"description\":\"\",\"potentialAction\":[{\"@type\":\"SearchAction\",\"target\":{\"@type\":\"EntryPoint\",\"urlTemplate\":\"https:\/\/www.naturparkmagazin.de\/dahme-heideseen\/?s={search_term_string}\"},\"query-input\":\"required name=search_term_string\"}],\"inLanguage\":\"de\"},{\"@type\":\"Person\",\"@id\":\"https:\/\/www.naturparkmagazin.de\/dahme-heideseen\/#\/schema\/person\/a0510aafafdf8183c95fc98faf0c9f21\",\"name\":\"Astrid Osenbr\u00fcck\",\"sameAs\":[\"http:\/\/www.dahme-heideseen-naturpark.de\"],\"url\":\"https:\/\/www.naturparkmagazin.de\/dahme-heideseen\/author\/astridosenbrueck\/\"}]}<\/script>\n<!-- \/ Yoast SEO plugin. -->","yoast_head_json":{"title":"- Naturpark Dahme-Heideseen","robots":{"index":"index","follow":"follow","max-snippet":"max-snippet:-1","max-image-preview":"max-image-preview:large","max-video-preview":"max-video-preview:-1"},"canonical":"https:\/\/www.naturparkmagazin.de\/dahme-heideseen\/2841\/","og_locale":"de_DE","og_type":"article","og_title":"- Naturpark Dahme-Heideseen","og_description":"das Jahr 2018 neigt sich dem Ende entgegen \u2013 eine Zeit, in der das Naturpark-Team das letzte Jahr gerne noch einmal Revue passieren l\u00e4sst. Das neue JahreBuch, welches ab Dezember erh\u00e4ltlich ist, berichtet anschaulich \u00fcber besondere Ereignisse und Erlebnisse der letzten 12 Monate und bietet auch weitere informative Beitr\u00e4ge. Im Mittelpunkt stehen dieses Mal die","og_url":"https:\/\/www.naturparkmagazin.de\/dahme-heideseen\/2841\/","og_site_name":"Naturpark Dahme-Heideseen","article_published_time":"2018-11-22T11:07:16+00:00","article_modified_time":"2018-11-29T11:13:36+00:00","author":"Astrid Osenbr\u00fcck","twitter_misc":{"Verfasst von":"Astrid Osenbr\u00fcck","Gesch\u00e4tzte Lesezeit":"1\u00a0Minute"},"schema":{"@context":"https:\/\/schema.org","@graph":[{"@type":"WebPage","@id":"https:\/\/www.naturparkmagazin.de\/dahme-heideseen\/2841\/","url":"https:\/\/www.naturparkmagazin.de\/dahme-heideseen\/2841\/","name":"- Naturpark Dahme-Heideseen","isPartOf":{"@id":"https:\/\/www.naturparkmagazin.de\/dahme-heideseen\/#website"},"datePublished":"2018-11-22T11:07:16+00:00","dateModified":"2018-11-29T11:13:36+00:00","author":{"@id":"https:\/\/www.naturparkmagazin.de\/dahme-heideseen\/#\/schema\/person\/a0510aafafdf8183c95fc98faf0c9f21"},"inLanguage":"de","potentialAction":[{"@type":"ReadAction","target":["https:\/\/www.naturparkmagazin.de\/dahme-heideseen\/2841\/"]}]},{"@type":"WebSite","@id":"https:\/\/www.naturparkmagazin.de\/dahme-heideseen\/#website","url":"https:\/\/www.naturparkmagazin.de\/dahme-heideseen\/","name":"Naturpark Dahme-Heideseen","description":"","potentialAction":[{"@type":"SearchAction","target":{"@type":"EntryPoint","urlTemplate":"https:\/\/www.naturparkmagazin.de\/dahme-heideseen\/?s={search_term_string}"},"query-input":"required name=search_term_string"}],"inLanguage":"de"},{"@type":"Person","@id":"https:\/\/www.naturparkmagazin.de\/dahme-heideseen\/#\/schema\/person\/a0510aafafdf8183c95fc98faf0c9f21","name":"Astrid Osenbr\u00fcck","sameAs":["http:\/\/www.dahme-heideseen-naturpark.de"],"url":"https:\/\/www.naturparkmagazin.de\/dahme-heideseen\/author\/astridosenbrueck\/"}]}},"_links":{"self":[{"href":"https:\/\/www.naturparkmagazin.de\/dahme-heideseen\/wp-json\/wp\/v2\/posts\/2841"}],"collection":[{"href":"https:\/\/www.naturparkmagazin.de\/dahme-heideseen\/wp-json\/wp\/v2\/posts"}],"about":[{"href":"https:\/\/www.naturparkmagazin.de\/dahme-heideseen\/wp-json\/wp\/v2\/types\/post"}],"author":[{"embeddable":true,"href":"https:\/\/www.naturparkmagazin.de\/dahme-heideseen\/wp-json\/wp\/v2\/users\/83"}],"replies":[{"embeddable":true,"href":"https:\/\/www.naturparkmagazin.de\/dahme-heideseen\/wp-json\/wp\/v2\/comments?post=2841"}],"version-history":[{"count":5,"href":"https:\/\/www.naturparkmagazin.de\/dahme-heideseen\/wp-json\/wp\/v2\/posts\/2841\/revisions"}],"predecessor-version":[{"id":2849,"href":"https:\/\/www.naturparkmagazin.de\/dahme-heideseen\/wp-json\/wp\/v2\/posts\/2841\/revisions\/2849"}],"wp:attachment":[{"href":"https:\/\/www.naturparkmagazin.de\/dahme-heideseen\/wp-json\/wp\/v2\/media?parent=2841"}],"wp:term":[{"taxonomy":"category","embeddable":true,"href":"https:\/\/www.naturparkmagazin.de\/dahme-heideseen\/wp-json\/wp\/v2\/categories?post=2841"},{"taxonomy":"post_tag","embeddable":true,"href":"https:\/\/www.naturparkmagazin.de\/dahme-heideseen\/wp-json\/wp\/v2\/tags?post=2841"}],"curies":[{"name":"wp","href":"https:\/\/api.w.org\/{rel}","templated":true}]}}