{"id":2860,"date":"2018-12-10T14:04:25","date_gmt":"2018-12-10T13:04:25","guid":{"rendered":"https:\/\/www.naturparkmagazin.de\/dahme-heideseen\/?p=2860"},"modified":"2018-12-10T14:04:25","modified_gmt":"2018-12-10T13:04:25","slug":"heilkraft-mythos-und-geschichten-von-baeumen-veranstaltung-am-23-januar","status":"publish","type":"post","link":"https:\/\/www.naturparkmagazin.de\/dahme-heideseen\/heilkraft-mythos-und-geschichten-von-baeumen-veranstaltung-am-23-januar\/","title":{"rendered":"Heilkraft, Mythos und Geschichten von B\u00e4umen &#8211; Veranstaltung am 23. Januar"},"content":{"rendered":"<p>Urgestalten der Erde. Sie k\u00f6nnen \u00e4lter werden als wir. Auch B\u00e4ume haben Heilkr\u00e4fte und eine positive Wirkung auf unsere Seelenleben. Der Wald, ein Ort der Ruhe und Sehnsucht, aber auch\u00a0ein Ort voller Geheimnisse zwischen Pflanzen, Tieren und Menschen.<\/p>\n<p>Die Kr\u00e4uterp\u00e4dagogin Ute Bernhardt\u00a0wei\u00df viel\u00a0\u00fcber die Heilkr\u00e4fte der B\u00e4ume zu erz\u00e4hlen.<\/p>\n<p>Kleine Geschichten und M\u00e4rchen beleben den Abend.<\/p>\n<p>Im letzten Teil des Kurses stellen\u00a0die Teilnehmer ein Pflegeprodukt zur Mitnahme her &#8211; ein Teil des Produktes stammt aus dem Wald. Lassen Sie sich \u00fcberraschen.<\/p>\n<p><strong>Veranstaltungsort<\/strong>\nDer Kurs findet im Haus der VHS in K\u00f6nigs Wusterhausen, Raum 1, statt.<\/p>\n<p><strong>Termin<\/strong>\n23. Januar, 17:00 &#8211; 19:15 Uhr<\/p>\n<p><strong>Kosten<\/strong>\n12,75 \u20ac pro Person<\/p>\n","protected":false},"excerpt":{"rendered":"<p>Die Kr\u00e4uterp\u00e4dagogin Ute Bernhardt kennt spannende Geschichten rund um den Wald. Gemeinsam mit den Kursteilnehmern stellt sie ein Pflegeprodukt mit Inhaltsstoffen aus dem Wald her.<\/p>\n","protected":false},"author":83,"featured_media":2863,"comment_status":"open","ping_status":"open","sticky":false,"template":"","format":"standard","meta":[],"categories":[11],"tags":[],"yoast_head":"<!-- This site is optimized with the Yoast SEO plugin v19.10 - https:\/\/yoast.com\/wordpress\/plugins\/seo\/ -->\n<title>Heilkraft, Mythos und Geschichten von B\u00e4umen - Veranstaltung am 23. Januar - Naturpark Dahme-Heideseen<\/title>\n<meta name=\"robots\" content=\"index, follow, max-snippet:-1, max-image-preview:large, max-video-preview:-1\" \/>\n<link rel=\"canonical\" href=\"https:\/\/www.naturparkmagazin.de\/dahme-heideseen\/heilkraft-mythos-und-geschichten-von-baeumen-veranstaltung-am-23-januar\/\" \/>\n<meta property=\"og:locale\" content=\"de_DE\" \/>\n<meta property=\"og:type\" content=\"article\" \/>\n<meta property=\"og:title\" content=\"Heilkraft, Mythos und Geschichten von B\u00e4umen - Veranstaltung am 23. Januar - Naturpark Dahme-Heideseen\" \/>\n<meta property=\"og:description\" content=\"Die Kr\u00e4uterp\u00e4dagogin Ute Bernhardt kennt spannende Geschichten rund um den Wald. Gemeinsam mit den Kursteilnehmern stellt sie ein Pflegeprodukt mit Inhaltsstoffen aus dem Wald her.\" \/>\n<meta property=\"og:url\" content=\"https:\/\/www.naturparkmagazin.de\/dahme-heideseen\/heilkraft-mythos-und-geschichten-von-baeumen-veranstaltung-am-23-januar\/\" \/>\n<meta property=\"og:site_name\" content=\"Naturpark Dahme-Heideseen\" \/>\n<meta property=\"article:published_time\" content=\"2018-12-10T13:04:25+00:00\" \/>\n<meta property=\"og:image\" content=\"https:\/\/www.naturparkmagazin.de\/dahme-heideseen\/wp-content\/uploads\/sites\/37\/Flechten-Kiefernwald-Wolfgang-Klaeber.jpg\" \/>\n\t<meta property=\"og:image:width\" content=\"780\" \/>\n\t<meta property=\"og:image:height\" content=\"768\" \/>\n\t<meta property=\"og:image:type\" content=\"image\/jpeg\" \/>\n<meta name=\"author\" content=\"Astrid Osenbr\u00fcck\" \/>\n<meta name=\"twitter:label1\" content=\"Verfasst von\" \/>\n\t<meta name=\"twitter:data1\" content=\"Astrid Osenbr\u00fcck\" \/>\n\t<meta name=\"twitter:label2\" content=\"Gesch\u00e4tzte Lesezeit\" \/>\n\t<meta name=\"twitter:data2\" content=\"1\u00a0Minute\" \/>\n<script type=\"application\/ld+json\" class=\"yoast-schema-graph\">{\"@context\":\"https:\/\/schema.org\",\"@graph\":[{\"@type\":\"WebPage\",\"@id\":\"https:\/\/www.naturparkmagazin.de\/dahme-heideseen\/heilkraft-mythos-und-geschichten-von-baeumen-veranstaltung-am-23-januar\/\",\"url\":\"https:\/\/www.naturparkmagazin.de\/dahme-heideseen\/heilkraft-mythos-und-geschichten-von-baeumen-veranstaltung-am-23-januar\/\",\"name\":\"Heilkraft, Mythos und Geschichten von B\u00e4umen - Veranstaltung am 23. Januar - Naturpark Dahme-Heideseen\",\"isPartOf\":{\"@id\":\"https:\/\/www.naturparkmagazin.de\/dahme-heideseen\/#website\"},\"datePublished\":\"2018-12-10T13:04:25+00:00\",\"dateModified\":\"2018-12-10T13:04:25+00:00\",\"author\":{\"@id\":\"https:\/\/www.naturparkmagazin.de\/dahme-heideseen\/#\/schema\/person\/a0510aafafdf8183c95fc98faf0c9f21\"},\"breadcrumb\":{\"@id\":\"https:\/\/www.naturparkmagazin.de\/dahme-heideseen\/heilkraft-mythos-und-geschichten-von-baeumen-veranstaltung-am-23-januar\/#breadcrumb\"},\"inLanguage\":\"de\",\"potentialAction\":[{\"@type\":\"ReadAction\",\"target\":[\"https:\/\/www.naturparkmagazin.de\/dahme-heideseen\/heilkraft-mythos-und-geschichten-von-baeumen-veranstaltung-am-23-januar\/\"]}]},{\"@type\":\"BreadcrumbList\",\"@id\":\"https:\/\/www.naturparkmagazin.de\/dahme-heideseen\/heilkraft-mythos-und-geschichten-von-baeumen-veranstaltung-am-23-januar\/#breadcrumb\",\"itemListElement\":[{\"@type\":\"ListItem\",\"position\":1,\"name\":\"Home\",\"item\":\"https:\/\/www.naturparkmagazin.de\/dahme-heideseen\/\"},{\"@type\":\"ListItem\",\"position\":2,\"name\":\"Heilkraft, Mythos und Geschichten von B\u00e4umen &#8211; Veranstaltung am 23. Januar\"}]},{\"@type\":\"WebSite\",\"@id\":\"https:\/\/www.naturparkmagazin.de\/dahme-heideseen\/#website\",\"url\":\"https:\/\/www.naturparkmagazin.de\/dahme-heideseen\/\",\"name\":\"Naturpark Dahme-Heideseen\",\"description\":\"\",\"potentialAction\":[{\"@type\":\"SearchAction\",\"target\":{\"@type\":\"EntryPoint\",\"urlTemplate\":\"https:\/\/www.naturparkmagazin.de\/dahme-heideseen\/?s={search_term_string}\"},\"query-input\":\"required name=search_term_string\"}],\"inLanguage\":\"de\"},{\"@type\":\"Person\",\"@id\":\"https:\/\/www.naturparkmagazin.de\/dahme-heideseen\/#\/schema\/person\/a0510aafafdf8183c95fc98faf0c9f21\",\"name\":\"Astrid Osenbr\u00fcck\",\"sameAs\":[\"http:\/\/www.dahme-heideseen-naturpark.de\"],\"url\":\"https:\/\/www.naturparkmagazin.de\/dahme-heideseen\/author\/astridosenbrueck\/\"}]}<\/script>\n<!-- \/ Yoast SEO plugin. -->","yoast_head_json":{"title":"Heilkraft, Mythos und Geschichten von B\u00e4umen - Veranstaltung am 23. Januar - Naturpark Dahme-Heideseen","robots":{"index":"index","follow":"follow","max-snippet":"max-snippet:-1","max-image-preview":"max-image-preview:large","max-video-preview":"max-video-preview:-1"},"canonical":"https:\/\/www.naturparkmagazin.de\/dahme-heideseen\/heilkraft-mythos-und-geschichten-von-baeumen-veranstaltung-am-23-januar\/","og_locale":"de_DE","og_type":"article","og_title":"Heilkraft, Mythos und Geschichten von B\u00e4umen - Veranstaltung am 23. Januar - Naturpark Dahme-Heideseen","og_description":"Die Kr\u00e4uterp\u00e4dagogin Ute Bernhardt kennt spannende Geschichten rund um den Wald. Gemeinsam mit den Kursteilnehmern stellt sie ein Pflegeprodukt mit Inhaltsstoffen aus dem Wald her.","og_url":"https:\/\/www.naturparkmagazin.de\/dahme-heideseen\/heilkraft-mythos-und-geschichten-von-baeumen-veranstaltung-am-23-januar\/","og_site_name":"Naturpark Dahme-Heideseen","article_published_time":"2018-12-10T13:04:25+00:00","og_image":[{"width":780,"height":768,"url":"https:\/\/www.naturparkmagazin.de\/dahme-heideseen\/wp-content\/uploads\/sites\/37\/Flechten-Kiefernwald-Wolfgang-Klaeber.jpg","type":"image\/jpeg"}],"author":"Astrid Osenbr\u00fcck","twitter_misc":{"Verfasst von":"Astrid Osenbr\u00fcck","Gesch\u00e4tzte Lesezeit":"1\u00a0Minute"},"schema":{"@context":"https:\/\/schema.org","@graph":[{"@type":"WebPage","@id":"https:\/\/www.naturparkmagazin.de\/dahme-heideseen\/heilkraft-mythos-und-geschichten-von-baeumen-veranstaltung-am-23-januar\/","url":"https:\/\/www.naturparkmagazin.de\/dahme-heideseen\/heilkraft-mythos-und-geschichten-von-baeumen-veranstaltung-am-23-januar\/","name":"Heilkraft, Mythos und Geschichten von B\u00e4umen - Veranstaltung am 23. Januar - Naturpark Dahme-Heideseen","isPartOf":{"@id":"https:\/\/www.naturparkmagazin.de\/dahme-heideseen\/#website"},"datePublished":"2018-12-10T13:04:25+00:00","dateModified":"2018-12-10T13:04:25+00:00","author":{"@id":"https:\/\/www.naturparkmagazin.de\/dahme-heideseen\/#\/schema\/person\/a0510aafafdf8183c95fc98faf0c9f21"},"breadcrumb":{"@id":"https:\/\/www.naturparkmagazin.de\/dahme-heideseen\/heilkraft-mythos-und-geschichten-von-baeumen-veranstaltung-am-23-januar\/#breadcrumb"},"inLanguage":"de","potentialAction":[{"@type":"ReadAction","target":["https:\/\/www.naturparkmagazin.de\/dahme-heideseen\/heilkraft-mythos-und-geschichten-von-baeumen-veranstaltung-am-23-januar\/"]}]},{"@type":"BreadcrumbList","@id":"https:\/\/www.naturparkmagazin.de\/dahme-heideseen\/heilkraft-mythos-und-geschichten-von-baeumen-veranstaltung-am-23-januar\/#breadcrumb","itemListElement":[{"@type":"ListItem","position":1,"name":"Home","item":"https:\/\/www.naturparkmagazin.de\/dahme-heideseen\/"},{"@type":"ListItem","position":2,"name":"Heilkraft, Mythos und Geschichten von B\u00e4umen &#8211; Veranstaltung am 23. Januar"}]},{"@type":"WebSite","@id":"https:\/\/www.naturparkmagazin.de\/dahme-heideseen\/#website","url":"https:\/\/www.naturparkmagazin.de\/dahme-heideseen\/","name":"Naturpark Dahme-Heideseen","description":"","potentialAction":[{"@type":"SearchAction","target":{"@type":"EntryPoint","urlTemplate":"https:\/\/www.naturparkmagazin.de\/dahme-heideseen\/?s={search_term_string}"},"query-input":"required name=search_term_string"}],"inLanguage":"de"},{"@type":"Person","@id":"https:\/\/www.naturparkmagazin.de\/dahme-heideseen\/#\/schema\/person\/a0510aafafdf8183c95fc98faf0c9f21","name":"Astrid Osenbr\u00fcck","sameAs":["http:\/\/www.dahme-heideseen-naturpark.de"],"url":"https:\/\/www.naturparkmagazin.de\/dahme-heideseen\/author\/astridosenbrueck\/"}]}},"_links":{"self":[{"href":"https:\/\/www.naturparkmagazin.de\/dahme-heideseen\/wp-json\/wp\/v2\/posts\/2860"}],"collection":[{"href":"https:\/\/www.naturparkmagazin.de\/dahme-heideseen\/wp-json\/wp\/v2\/posts"}],"about":[{"href":"https:\/\/www.naturparkmagazin.de\/dahme-heideseen\/wp-json\/wp\/v2\/types\/post"}],"author":[{"embeddable":true,"href":"https:\/\/www.naturparkmagazin.de\/dahme-heideseen\/wp-json\/wp\/v2\/users\/83"}],"replies":[{"embeddable":true,"href":"https:\/\/www.naturparkmagazin.de\/dahme-heideseen\/wp-json\/wp\/v2\/comments?post=2860"}],"version-history":[{"count":1,"href":"https:\/\/www.naturparkmagazin.de\/dahme-heideseen\/wp-json\/wp\/v2\/posts\/2860\/revisions"}],"predecessor-version":[{"id":2861,"href":"https:\/\/www.naturparkmagazin.de\/dahme-heideseen\/wp-json\/wp\/v2\/posts\/2860\/revisions\/2861"}],"wp:featuredmedia":[{"embeddable":true,"href":"https:\/\/www.naturparkmagazin.de\/dahme-heideseen\/wp-json\/wp\/v2\/media\/2863"}],"wp:attachment":[{"href":"https:\/\/www.naturparkmagazin.de\/dahme-heideseen\/wp-json\/wp\/v2\/media?parent=2860"}],"wp:term":[{"taxonomy":"category","embeddable":true,"href":"https:\/\/www.naturparkmagazin.de\/dahme-heideseen\/wp-json\/wp\/v2\/categories?post=2860"},{"taxonomy":"post_tag","embeddable":true,"href":"https:\/\/www.naturparkmagazin.de\/dahme-heideseen\/wp-json\/wp\/v2\/tags?post=2860"}],"curies":[{"name":"wp","href":"https:\/\/api.w.org\/{rel}","templated":true}]}}