{"id":2864,"date":"2018-12-11T10:50:19","date_gmt":"2018-12-11T09:50:19","guid":{"rendered":"https:\/\/www.naturparkmagazin.de\/dahme-heideseen\/?p=2864"},"modified":"2018-12-17T13:32:01","modified_gmt":"2018-12-17T12:32:01","slug":"es-ist-da-jahrebuch-2019","status":"publish","type":"post","link":"https:\/\/www.naturparkmagazin.de\/dahme-heideseen\/es-ist-da-jahrebuch-2019\/","title":{"rendered":"Es ist da! &#8211; JahreBuch 2019"},"content":{"rendered":"<p><strong>Das JahreBuch 2019 &#8211; Menschen im Dahmeland<\/strong><\/p>\n<p>Rechtzeitig zum Jahresende ist es da &#8211; stolze 144 Seiten dick und voller spannender Beitr\u00e4ge und ausdrucksstarker Fotografien: Das JahreBuch 2019.<\/p>\n<p>Zentrales Thema des neuen JahreBuches\u00a0sind die Menschen des Dahmelands. Hierzu stellte der Naturpark-Fotograf Andreas Batke zw\u00f6lf eindrucksvolle Fotos von Machern, Aktiven und Einwohnern des Dahmelandes zur Verf\u00fcgung. Diese werden im &#8211; den Beitr\u00e4gen vorangestellten &#8211;\u00a0Monatskalender pr\u00e4sentiert.\u00a0Wer durch das Buch bl\u00e4ttert entdeckt da etwa den sonst eher (foto)scheuen\u00a0Natursch\u00fctzer Wolfgang Klaeber, die Mitarbeiter der Naturwacht oder Gunnar Heyne, den Leiter der Naturpark-Verwaltung. Traditionell enth\u00e4lt der Monatskalender zudem zahlreiche Veranstaltungstipps. Auch 2019\u00a0k\u00f6nnen\u00a0sich LeserInnen\u00a0zu interessanten Unternehmungen\u00a0rund ums Dahmeland inspirieren lassen.<\/p>\n<p>Die zahlreichen Beitr\u00e4ge sind bunt gemischt &#8211; hier geht es von der Vorstellung des bereits genannten Natursch\u00fctzers Wolfgang Klaeber \u00fcber Tierportr\u00e4ts bis hin zu den Geschehnissen rund um den Naturpark. Die Serie &#8222;Mit LIFE durchs Jahr&#8220; berichtet \u00fcber die Naturschutzprojekte der Landes-Naturschutzstiftung. Viele Beitr\u00e4ge sind mit beeindruckenden Fotos ausgeschm\u00fcckt, so dass die LeserInnen sich auch von zuhause aus\u00a0gedanklich ins Dahmeland entf\u00fchren lassen k\u00f6nnen.<\/p>\n<p>Das JahreBuch\u00a0ist ab sofort in der NABU-Gesch\u00e4ftsstelle in Prieros, im regionalen Buchhandel und weiteren regionalen Verkaufsstellen f\u00fcr 7 \u20ac erh\u00e4ltlich.\nHerausgegeben wird das JahreBuch vom NABU Dahmeland und dem Naturschutzfonds Brandenburg.<\/p>\n<p>&nbsp;<\/p>\n","protected":false},"excerpt":{"rendered":"<p>Das JahreBuch 2019  ist stolze 144 Seiten dick und steckt voller spannender Beitr\u00e4ge und ausdrucksstarker Fotografien &#8211; und kann ab sofort erworben werden.<\/p>\n","protected":false},"author":83,"featured_media":2868,"comment_status":"open","ping_status":"open","sticky":false,"template":"","format":"standard","meta":[],"categories":[7],"tags":[],"yoast_head":"<!-- This site is optimized with the Yoast SEO plugin v19.10 - https:\/\/yoast.com\/wordpress\/plugins\/seo\/ -->\n<title>Es ist da! - JahreBuch 2019 - Naturpark Dahme-Heideseen<\/title>\n<meta name=\"robots\" content=\"index, follow, max-snippet:-1, max-image-preview:large, max-video-preview:-1\" \/>\n<link rel=\"canonical\" href=\"https:\/\/www.naturparkmagazin.de\/dahme-heideseen\/es-ist-da-jahrebuch-2019\/\" \/>\n<meta property=\"og:locale\" content=\"de_DE\" \/>\n<meta property=\"og:type\" content=\"article\" \/>\n<meta property=\"og:title\" content=\"Es ist da! - JahreBuch 2019 - Naturpark Dahme-Heideseen\" \/>\n<meta property=\"og:description\" content=\"Das JahreBuch 2019 ist stolze 144 Seiten dick und steckt voller spannender Beitr\u00e4ge und ausdrucksstarker Fotografien - und kann ab sofort erworben werden.\" \/>\n<meta property=\"og:url\" content=\"https:\/\/www.naturparkmagazin.de\/dahme-heideseen\/es-ist-da-jahrebuch-2019\/\" \/>\n<meta property=\"og:site_name\" content=\"Naturpark Dahme-Heideseen\" \/>\n<meta property=\"article:published_time\" content=\"2018-12-11T09:50:19+00:00\" \/>\n<meta property=\"article:modified_time\" content=\"2018-12-17T12:32:01+00:00\" \/>\n<meta property=\"og:image\" content=\"https:\/\/www.naturparkmagazin.de\/dahme-heideseen\/wp-content\/uploads\/sites\/37\/Haus_Gelande_klein.jpg\" \/>\n\t<meta property=\"og:image:width\" content=\"2749\" \/>\n\t<meta property=\"og:image:height\" content=\"934\" \/>\n\t<meta property=\"og:image:type\" content=\"image\/jpeg\" \/>\n<meta name=\"author\" content=\"Astrid Osenbr\u00fcck\" \/>\n<meta name=\"twitter:label1\" content=\"Verfasst von\" \/>\n\t<meta name=\"twitter:data1\" content=\"Astrid Osenbr\u00fcck\" \/>\n\t<meta name=\"twitter:label2\" content=\"Gesch\u00e4tzte Lesezeit\" \/>\n\t<meta name=\"twitter:data2\" content=\"1\u00a0Minute\" \/>\n<script type=\"application\/ld+json\" class=\"yoast-schema-graph\">{\"@context\":\"https:\/\/schema.org\",\"@graph\":[{\"@type\":\"WebPage\",\"@id\":\"https:\/\/www.naturparkmagazin.de\/dahme-heideseen\/es-ist-da-jahrebuch-2019\/\",\"url\":\"https:\/\/www.naturparkmagazin.de\/dahme-heideseen\/es-ist-da-jahrebuch-2019\/\",\"name\":\"Es ist da! - JahreBuch 2019 - Naturpark Dahme-Heideseen\",\"isPartOf\":{\"@id\":\"https:\/\/www.naturparkmagazin.de\/dahme-heideseen\/#website\"},\"datePublished\":\"2018-12-11T09:50:19+00:00\",\"dateModified\":\"2018-12-17T12:32:01+00:00\",\"author\":{\"@id\":\"https:\/\/www.naturparkmagazin.de\/dahme-heideseen\/#\/schema\/person\/a0510aafafdf8183c95fc98faf0c9f21\"},\"breadcrumb\":{\"@id\":\"https:\/\/www.naturparkmagazin.de\/dahme-heideseen\/es-ist-da-jahrebuch-2019\/#breadcrumb\"},\"inLanguage\":\"de\",\"potentialAction\":[{\"@type\":\"ReadAction\",\"target\":[\"https:\/\/www.naturparkmagazin.de\/dahme-heideseen\/es-ist-da-jahrebuch-2019\/\"]}]},{\"@type\":\"BreadcrumbList\",\"@id\":\"https:\/\/www.naturparkmagazin.de\/dahme-heideseen\/es-ist-da-jahrebuch-2019\/#breadcrumb\",\"itemListElement\":[{\"@type\":\"ListItem\",\"position\":1,\"name\":\"Home\",\"item\":\"https:\/\/www.naturparkmagazin.de\/dahme-heideseen\/\"},{\"@type\":\"ListItem\",\"position\":2,\"name\":\"Es ist da! &#8211; JahreBuch 2019\"}]},{\"@type\":\"WebSite\",\"@id\":\"https:\/\/www.naturparkmagazin.de\/dahme-heideseen\/#website\",\"url\":\"https:\/\/www.naturparkmagazin.de\/dahme-heideseen\/\",\"name\":\"Naturpark Dahme-Heideseen\",\"description\":\"\",\"potentialAction\":[{\"@type\":\"SearchAction\",\"target\":{\"@type\":\"EntryPoint\",\"urlTemplate\":\"https:\/\/www.naturparkmagazin.de\/dahme-heideseen\/?s={search_term_string}\"},\"query-input\":\"required name=search_term_string\"}],\"inLanguage\":\"de\"},{\"@type\":\"Person\",\"@id\":\"https:\/\/www.naturparkmagazin.de\/dahme-heideseen\/#\/schema\/person\/a0510aafafdf8183c95fc98faf0c9f21\",\"name\":\"Astrid Osenbr\u00fcck\",\"sameAs\":[\"http:\/\/www.dahme-heideseen-naturpark.de\"],\"url\":\"https:\/\/www.naturparkmagazin.de\/dahme-heideseen\/author\/astridosenbrueck\/\"}]}<\/script>\n<!-- \/ Yoast SEO plugin. -->","yoast_head_json":{"title":"Es ist da! - JahreBuch 2019 - Naturpark Dahme-Heideseen","robots":{"index":"index","follow":"follow","max-snippet":"max-snippet:-1","max-image-preview":"max-image-preview:large","max-video-preview":"max-video-preview:-1"},"canonical":"https:\/\/www.naturparkmagazin.de\/dahme-heideseen\/es-ist-da-jahrebuch-2019\/","og_locale":"de_DE","og_type":"article","og_title":"Es ist da! - JahreBuch 2019 - Naturpark Dahme-Heideseen","og_description":"Das JahreBuch 2019 ist stolze 144 Seiten dick und steckt voller spannender Beitr\u00e4ge und ausdrucksstarker Fotografien - und kann ab sofort erworben werden.","og_url":"https:\/\/www.naturparkmagazin.de\/dahme-heideseen\/es-ist-da-jahrebuch-2019\/","og_site_name":"Naturpark Dahme-Heideseen","article_published_time":"2018-12-11T09:50:19+00:00","article_modified_time":"2018-12-17T12:32:01+00:00","og_image":[{"width":2749,"height":934,"url":"https:\/\/www.naturparkmagazin.de\/dahme-heideseen\/wp-content\/uploads\/sites\/37\/Haus_Gelande_klein.jpg","type":"image\/jpeg"}],"author":"Astrid Osenbr\u00fcck","twitter_misc":{"Verfasst von":"Astrid Osenbr\u00fcck","Gesch\u00e4tzte Lesezeit":"1\u00a0Minute"},"schema":{"@context":"https:\/\/schema.org","@graph":[{"@type":"WebPage","@id":"https:\/\/www.naturparkmagazin.de\/dahme-heideseen\/es-ist-da-jahrebuch-2019\/","url":"https:\/\/www.naturparkmagazin.de\/dahme-heideseen\/es-ist-da-jahrebuch-2019\/","name":"Es ist da! - JahreBuch 2019 - Naturpark Dahme-Heideseen","isPartOf":{"@id":"https:\/\/www.naturparkmagazin.de\/dahme-heideseen\/#website"},"datePublished":"2018-12-11T09:50:19+00:00","dateModified":"2018-12-17T12:32:01+00:00","author":{"@id":"https:\/\/www.naturparkmagazin.de\/dahme-heideseen\/#\/schema\/person\/a0510aafafdf8183c95fc98faf0c9f21"},"breadcrumb":{"@id":"https:\/\/www.naturparkmagazin.de\/dahme-heideseen\/es-ist-da-jahrebuch-2019\/#breadcrumb"},"inLanguage":"de","potentialAction":[{"@type":"ReadAction","target":["https:\/\/www.naturparkmagazin.de\/dahme-heideseen\/es-ist-da-jahrebuch-2019\/"]}]},{"@type":"BreadcrumbList","@id":"https:\/\/www.naturparkmagazin.de\/dahme-heideseen\/es-ist-da-jahrebuch-2019\/#breadcrumb","itemListElement":[{"@type":"ListItem","position":1,"name":"Home","item":"https:\/\/www.naturparkmagazin.de\/dahme-heideseen\/"},{"@type":"ListItem","position":2,"name":"Es ist da! &#8211; JahreBuch 2019"}]},{"@type":"WebSite","@id":"https:\/\/www.naturparkmagazin.de\/dahme-heideseen\/#website","url":"https:\/\/www.naturparkmagazin.de\/dahme-heideseen\/","name":"Naturpark Dahme-Heideseen","description":"","potentialAction":[{"@type":"SearchAction","target":{"@type":"EntryPoint","urlTemplate":"https:\/\/www.naturparkmagazin.de\/dahme-heideseen\/?s={search_term_string}"},"query-input":"required name=search_term_string"}],"inLanguage":"de"},{"@type":"Person","@id":"https:\/\/www.naturparkmagazin.de\/dahme-heideseen\/#\/schema\/person\/a0510aafafdf8183c95fc98faf0c9f21","name":"Astrid Osenbr\u00fcck","sameAs":["http:\/\/www.dahme-heideseen-naturpark.de"],"url":"https:\/\/www.naturparkmagazin.de\/dahme-heideseen\/author\/astridosenbrueck\/"}]}},"_links":{"self":[{"href":"https:\/\/www.naturparkmagazin.de\/dahme-heideseen\/wp-json\/wp\/v2\/posts\/2864"}],"collection":[{"href":"https:\/\/www.naturparkmagazin.de\/dahme-heideseen\/wp-json\/wp\/v2\/posts"}],"about":[{"href":"https:\/\/www.naturparkmagazin.de\/dahme-heideseen\/wp-json\/wp\/v2\/types\/post"}],"author":[{"embeddable":true,"href":"https:\/\/www.naturparkmagazin.de\/dahme-heideseen\/wp-json\/wp\/v2\/users\/83"}],"replies":[{"embeddable":true,"href":"https:\/\/www.naturparkmagazin.de\/dahme-heideseen\/wp-json\/wp\/v2\/comments?post=2864"}],"version-history":[{"count":6,"href":"https:\/\/www.naturparkmagazin.de\/dahme-heideseen\/wp-json\/wp\/v2\/posts\/2864\/revisions"}],"predecessor-version":[{"id":2873,"href":"https:\/\/www.naturparkmagazin.de\/dahme-heideseen\/wp-json\/wp\/v2\/posts\/2864\/revisions\/2873"}],"wp:featuredmedia":[{"embeddable":true,"href":"https:\/\/www.naturparkmagazin.de\/dahme-heideseen\/wp-json\/wp\/v2\/media\/2868"}],"wp:attachment":[{"href":"https:\/\/www.naturparkmagazin.de\/dahme-heideseen\/wp-json\/wp\/v2\/media?parent=2864"}],"wp:term":[{"taxonomy":"category","embeddable":true,"href":"https:\/\/www.naturparkmagazin.de\/dahme-heideseen\/wp-json\/wp\/v2\/categories?post=2864"},{"taxonomy":"post_tag","embeddable":true,"href":"https:\/\/www.naturparkmagazin.de\/dahme-heideseen\/wp-json\/wp\/v2\/tags?post=2864"}],"curies":[{"name":"wp","href":"https:\/\/api.w.org\/{rel}","templated":true}]}}