{"id":2883,"date":"2019-01-07T14:05:32","date_gmt":"2019-01-07T13:05:32","guid":{"rendered":"https:\/\/www.naturparkmagazin.de\/dahme-heideseen\/?p=2883"},"modified":"2019-01-17T13:35:58","modified_gmt":"2019-01-17T12:35:58","slug":"voegel-die-fische-fangen","status":"publish","type":"post","link":"https:\/\/www.naturparkmagazin.de\/dahme-heideseen\/voegel-die-fische-fangen\/","title":{"rendered":"V\u00f6gel, die Fische fangen &#8211; Foto-Vortrag am 20. Februar"},"content":{"rendered":"<p>Der Naturpark Dahme-Heideseen ist wie eine Streusandb\u00fcchse voller Edelsteine: Zwischen Sand, Wald und Heide schillern zahlreiche Gew\u00e4sser. Ihre Bewohner sind meist scheu und nicht leicht zu entdecken.<\/p>\n<p>Ausgestattet mit viel Geduld und Fotokamera ist der Naturfotograf Erhard Laube im Naturpark unterwegs und f\u00e4ngt die Vogelwelt des Naturparks in atemberaubenden Bildern ein. In einem Fotovortrag zeigt er Portr\u00e4ts von Luftakrobaten, die ihre Nahrung im nassen Element finden &#8211; und wei\u00df so manche kleine Geschichte \u00fcber sie zu erz\u00e4hlen. Mit Ausstellungsbesuch.<\/p>\n<p>Der Foto-Vortrag findet im Rahmen der Veranstaltungsreihe \u201cDu und Dein Garten im Naturpark\u201d\u00a0statt. Anmeldungen bitte bis sp\u00e4testens einen Tag vor der Veranstaltung.<\/p>\n","protected":false},"excerpt":{"rendered":"<p>Der Natur-Fotograf Erhard Laube pr\u00e4sentiert seine sch\u00f6nsten Fotos rund um die Vogelwelt des Naturparks. Mit Ausstellungsbesuch auf der Burg Storkow.<\/p>\n","protected":false},"author":83,"featured_media":2888,"comment_status":"open","ping_status":"open","sticky":false,"template":"","format":"standard","meta":[],"categories":[11],"tags":[],"yoast_head":"<!-- This site is optimized with the Yoast SEO plugin v19.10 - https:\/\/yoast.com\/wordpress\/plugins\/seo\/ -->\n<title>V\u00f6gel, die Fische fangen - Foto-Vortrag am 20. Februar - Naturpark Dahme-Heideseen<\/title>\n<meta name=\"robots\" content=\"index, follow, max-snippet:-1, max-image-preview:large, max-video-preview:-1\" \/>\n<link rel=\"canonical\" href=\"https:\/\/www.naturparkmagazin.de\/dahme-heideseen\/voegel-die-fische-fangen\/\" \/>\n<meta property=\"og:locale\" content=\"de_DE\" \/>\n<meta property=\"og:type\" content=\"article\" \/>\n<meta property=\"og:title\" content=\"V\u00f6gel, die Fische fangen - Foto-Vortrag am 20. Februar - Naturpark Dahme-Heideseen\" \/>\n<meta property=\"og:description\" content=\"Der Natur-Fotograf Erhard Laube pr\u00e4sentiert seine sch\u00f6nsten Fotos rund um die Vogelwelt des Naturparks. Mit Ausstellungsbesuch auf der Burg Storkow.\" \/>\n<meta property=\"og:url\" content=\"https:\/\/www.naturparkmagazin.de\/dahme-heideseen\/voegel-die-fische-fangen\/\" \/>\n<meta property=\"og:site_name\" content=\"Naturpark Dahme-Heideseen\" \/>\n<meta property=\"article:published_time\" content=\"2019-01-07T13:05:32+00:00\" \/>\n<meta property=\"article:modified_time\" content=\"2019-01-17T12:35:58+00:00\" \/>\n<meta property=\"og:image\" content=\"https:\/\/www.naturparkmagazin.de\/dahme-heideseen\/wp-content\/uploads\/sites\/37\/Eisvogel_WolfgangKlaeber.jpg\" \/>\n\t<meta property=\"og:image:width\" content=\"1000\" \/>\n\t<meta property=\"og:image:height\" content=\"725\" \/>\n\t<meta property=\"og:image:type\" content=\"image\/jpeg\" \/>\n<meta name=\"author\" content=\"Astrid Osenbr\u00fcck\" \/>\n<meta name=\"twitter:label1\" content=\"Verfasst von\" \/>\n\t<meta name=\"twitter:data1\" content=\"Astrid Osenbr\u00fcck\" \/>\n\t<meta name=\"twitter:label2\" content=\"Gesch\u00e4tzte Lesezeit\" \/>\n\t<meta name=\"twitter:data2\" content=\"1\u00a0Minute\" \/>\n<script type=\"application\/ld+json\" class=\"yoast-schema-graph\">{\"@context\":\"https:\/\/schema.org\",\"@graph\":[{\"@type\":\"WebPage\",\"@id\":\"https:\/\/www.naturparkmagazin.de\/dahme-heideseen\/voegel-die-fische-fangen\/\",\"url\":\"https:\/\/www.naturparkmagazin.de\/dahme-heideseen\/voegel-die-fische-fangen\/\",\"name\":\"V\u00f6gel, die Fische fangen - Foto-Vortrag am 20. Februar - Naturpark Dahme-Heideseen\",\"isPartOf\":{\"@id\":\"https:\/\/www.naturparkmagazin.de\/dahme-heideseen\/#website\"},\"datePublished\":\"2019-01-07T13:05:32+00:00\",\"dateModified\":\"2019-01-17T12:35:58+00:00\",\"author\":{\"@id\":\"https:\/\/www.naturparkmagazin.de\/dahme-heideseen\/#\/schema\/person\/a0510aafafdf8183c95fc98faf0c9f21\"},\"breadcrumb\":{\"@id\":\"https:\/\/www.naturparkmagazin.de\/dahme-heideseen\/voegel-die-fische-fangen\/#breadcrumb\"},\"inLanguage\":\"de\",\"potentialAction\":[{\"@type\":\"ReadAction\",\"target\":[\"https:\/\/www.naturparkmagazin.de\/dahme-heideseen\/voegel-die-fische-fangen\/\"]}]},{\"@type\":\"BreadcrumbList\",\"@id\":\"https:\/\/www.naturparkmagazin.de\/dahme-heideseen\/voegel-die-fische-fangen\/#breadcrumb\",\"itemListElement\":[{\"@type\":\"ListItem\",\"position\":1,\"name\":\"Home\",\"item\":\"https:\/\/www.naturparkmagazin.de\/dahme-heideseen\/\"},{\"@type\":\"ListItem\",\"position\":2,\"name\":\"V\u00f6gel, die Fische fangen &#8211; Foto-Vortrag am 20. Februar\"}]},{\"@type\":\"WebSite\",\"@id\":\"https:\/\/www.naturparkmagazin.de\/dahme-heideseen\/#website\",\"url\":\"https:\/\/www.naturparkmagazin.de\/dahme-heideseen\/\",\"name\":\"Naturpark Dahme-Heideseen\",\"description\":\"\",\"potentialAction\":[{\"@type\":\"SearchAction\",\"target\":{\"@type\":\"EntryPoint\",\"urlTemplate\":\"https:\/\/www.naturparkmagazin.de\/dahme-heideseen\/?s={search_term_string}\"},\"query-input\":\"required name=search_term_string\"}],\"inLanguage\":\"de\"},{\"@type\":\"Person\",\"@id\":\"https:\/\/www.naturparkmagazin.de\/dahme-heideseen\/#\/schema\/person\/a0510aafafdf8183c95fc98faf0c9f21\",\"name\":\"Astrid Osenbr\u00fcck\",\"sameAs\":[\"http:\/\/www.dahme-heideseen-naturpark.de\"],\"url\":\"https:\/\/www.naturparkmagazin.de\/dahme-heideseen\/author\/astridosenbrueck\/\"}]}<\/script>\n<!-- \/ Yoast SEO plugin. -->","yoast_head_json":{"title":"V\u00f6gel, die Fische fangen - Foto-Vortrag am 20. Februar - Naturpark Dahme-Heideseen","robots":{"index":"index","follow":"follow","max-snippet":"max-snippet:-1","max-image-preview":"max-image-preview:large","max-video-preview":"max-video-preview:-1"},"canonical":"https:\/\/www.naturparkmagazin.de\/dahme-heideseen\/voegel-die-fische-fangen\/","og_locale":"de_DE","og_type":"article","og_title":"V\u00f6gel, die Fische fangen - Foto-Vortrag am 20. Februar - Naturpark Dahme-Heideseen","og_description":"Der Natur-Fotograf Erhard Laube pr\u00e4sentiert seine sch\u00f6nsten Fotos rund um die Vogelwelt des Naturparks. Mit Ausstellungsbesuch auf der Burg Storkow.","og_url":"https:\/\/www.naturparkmagazin.de\/dahme-heideseen\/voegel-die-fische-fangen\/","og_site_name":"Naturpark Dahme-Heideseen","article_published_time":"2019-01-07T13:05:32+00:00","article_modified_time":"2019-01-17T12:35:58+00:00","og_image":[{"width":1000,"height":725,"url":"https:\/\/www.naturparkmagazin.de\/dahme-heideseen\/wp-content\/uploads\/sites\/37\/Eisvogel_WolfgangKlaeber.jpg","type":"image\/jpeg"}],"author":"Astrid Osenbr\u00fcck","twitter_misc":{"Verfasst von":"Astrid Osenbr\u00fcck","Gesch\u00e4tzte Lesezeit":"1\u00a0Minute"},"schema":{"@context":"https:\/\/schema.org","@graph":[{"@type":"WebPage","@id":"https:\/\/www.naturparkmagazin.de\/dahme-heideseen\/voegel-die-fische-fangen\/","url":"https:\/\/www.naturparkmagazin.de\/dahme-heideseen\/voegel-die-fische-fangen\/","name":"V\u00f6gel, die Fische fangen - Foto-Vortrag am 20. Februar - Naturpark Dahme-Heideseen","isPartOf":{"@id":"https:\/\/www.naturparkmagazin.de\/dahme-heideseen\/#website"},"datePublished":"2019-01-07T13:05:32+00:00","dateModified":"2019-01-17T12:35:58+00:00","author":{"@id":"https:\/\/www.naturparkmagazin.de\/dahme-heideseen\/#\/schema\/person\/a0510aafafdf8183c95fc98faf0c9f21"},"breadcrumb":{"@id":"https:\/\/www.naturparkmagazin.de\/dahme-heideseen\/voegel-die-fische-fangen\/#breadcrumb"},"inLanguage":"de","potentialAction":[{"@type":"ReadAction","target":["https:\/\/www.naturparkmagazin.de\/dahme-heideseen\/voegel-die-fische-fangen\/"]}]},{"@type":"BreadcrumbList","@id":"https:\/\/www.naturparkmagazin.de\/dahme-heideseen\/voegel-die-fische-fangen\/#breadcrumb","itemListElement":[{"@type":"ListItem","position":1,"name":"Home","item":"https:\/\/www.naturparkmagazin.de\/dahme-heideseen\/"},{"@type":"ListItem","position":2,"name":"V\u00f6gel, die Fische fangen &#8211; Foto-Vortrag am 20. Februar"}]},{"@type":"WebSite","@id":"https:\/\/www.naturparkmagazin.de\/dahme-heideseen\/#website","url":"https:\/\/www.naturparkmagazin.de\/dahme-heideseen\/","name":"Naturpark Dahme-Heideseen","description":"","potentialAction":[{"@type":"SearchAction","target":{"@type":"EntryPoint","urlTemplate":"https:\/\/www.naturparkmagazin.de\/dahme-heideseen\/?s={search_term_string}"},"query-input":"required name=search_term_string"}],"inLanguage":"de"},{"@type":"Person","@id":"https:\/\/www.naturparkmagazin.de\/dahme-heideseen\/#\/schema\/person\/a0510aafafdf8183c95fc98faf0c9f21","name":"Astrid Osenbr\u00fcck","sameAs":["http:\/\/www.dahme-heideseen-naturpark.de"],"url":"https:\/\/www.naturparkmagazin.de\/dahme-heideseen\/author\/astridosenbrueck\/"}]}},"_links":{"self":[{"href":"https:\/\/www.naturparkmagazin.de\/dahme-heideseen\/wp-json\/wp\/v2\/posts\/2883"}],"collection":[{"href":"https:\/\/www.naturparkmagazin.de\/dahme-heideseen\/wp-json\/wp\/v2\/posts"}],"about":[{"href":"https:\/\/www.naturparkmagazin.de\/dahme-heideseen\/wp-json\/wp\/v2\/types\/post"}],"author":[{"embeddable":true,"href":"https:\/\/www.naturparkmagazin.de\/dahme-heideseen\/wp-json\/wp\/v2\/users\/83"}],"replies":[{"embeddable":true,"href":"https:\/\/www.naturparkmagazin.de\/dahme-heideseen\/wp-json\/wp\/v2\/comments?post=2883"}],"version-history":[{"count":3,"href":"https:\/\/www.naturparkmagazin.de\/dahme-heideseen\/wp-json\/wp\/v2\/posts\/2883\/revisions"}],"predecessor-version":[{"id":2931,"href":"https:\/\/www.naturparkmagazin.de\/dahme-heideseen\/wp-json\/wp\/v2\/posts\/2883\/revisions\/2931"}],"wp:featuredmedia":[{"embeddable":true,"href":"https:\/\/www.naturparkmagazin.de\/dahme-heideseen\/wp-json\/wp\/v2\/media\/2888"}],"wp:attachment":[{"href":"https:\/\/www.naturparkmagazin.de\/dahme-heideseen\/wp-json\/wp\/v2\/media?parent=2883"}],"wp:term":[{"taxonomy":"category","embeddable":true,"href":"https:\/\/www.naturparkmagazin.de\/dahme-heideseen\/wp-json\/wp\/v2\/categories?post=2883"},{"taxonomy":"post_tag","embeddable":true,"href":"https:\/\/www.naturparkmagazin.de\/dahme-heideseen\/wp-json\/wp\/v2\/tags?post=2883"}],"curies":[{"name":"wp","href":"https:\/\/api.w.org\/{rel}","templated":true}]}}