{"id":2892,"date":"2019-01-10T07:43:13","date_gmt":"2019-01-10T06:43:13","guid":{"rendered":"https:\/\/www.naturparkmagazin.de\/dahme-heideseen\/?p=2892"},"modified":"2019-01-30T10:51:23","modified_gmt":"2019-01-30T09:51:23","slug":"gesunde-kraeuter-in-der-kueche","status":"publish","type":"post","link":"https:\/\/www.naturparkmagazin.de\/dahme-heideseen\/gesunde-kraeuter-in-der-kueche\/","title":{"rendered":"Gesunde Kr\u00e4uter in der K\u00fcche &#8211; Veranstaltung am 20. Februar"},"content":{"rendered":"<p>Kr\u00e4uter bestimmen das Thema dieses Kurses &#8211;\u00a0Kr\u00e4uter kommen viel zu wenig zum Einsatz in unserer K\u00fcche. Aber gerade sie sind es, die jeder Speise die besondere, eigenst\u00e4ndige oder unverwechselbare Note geben. Kindheitserinnerungen oder ein sch\u00f6ner Urlaub werden damit verbunden. Kr\u00e4uter wirken auf die Sinne. Kr\u00e4uter unterst\u00fctzen und f\u00f6rdern unser Wohlbefinden. Kr\u00e4uter entfalten ihre Heilwirkung auch beim Essen. Sie sind die kleinen nat\u00fcrlichen Helfer im Alltag und in unserer K\u00fcche.\nIm letzten Teil der Veranstaltung stellen die Teilnehmer eine indische Gew\u00fcrzmischung zur Mitnahme her.<\/p>\n","protected":false},"excerpt":{"rendered":"<p>Die Kr\u00e4uterp\u00e4dagogin Ute Bernhardt zeigt, welche Heilwirkungen Kr\u00e4uter beim Essen entfalten k\u00f6nnen.<\/p>\n","protected":false},"author":83,"featured_media":2896,"comment_status":"open","ping_status":"open","sticky":false,"template":"","format":"standard","meta":[],"categories":[11],"tags":[],"yoast_head":"<!-- This site is optimized with the Yoast SEO plugin v19.10 - https:\/\/yoast.com\/wordpress\/plugins\/seo\/ -->\n<title>Gesunde Kr\u00e4uter in der K\u00fcche - Veranstaltung am 20. Februar - Naturpark Dahme-Heideseen<\/title>\n<meta name=\"robots\" content=\"index, follow, max-snippet:-1, max-image-preview:large, max-video-preview:-1\" \/>\n<link rel=\"canonical\" href=\"https:\/\/www.naturparkmagazin.de\/dahme-heideseen\/gesunde-kraeuter-in-der-kueche\/\" \/>\n<meta property=\"og:locale\" content=\"de_DE\" \/>\n<meta property=\"og:type\" content=\"article\" \/>\n<meta property=\"og:title\" content=\"Gesunde Kr\u00e4uter in der K\u00fcche - Veranstaltung am 20. Februar - Naturpark Dahme-Heideseen\" \/>\n<meta property=\"og:description\" content=\"Die Kr\u00e4uterp\u00e4dagogin Ute Bernhardt zeigt, welche Heilwirkungen Kr\u00e4uter beim Essen entfalten k\u00f6nnen.\" \/>\n<meta property=\"og:url\" content=\"https:\/\/www.naturparkmagazin.de\/dahme-heideseen\/gesunde-kraeuter-in-der-kueche\/\" \/>\n<meta property=\"og:site_name\" content=\"Naturpark Dahme-Heideseen\" \/>\n<meta property=\"article:published_time\" content=\"2019-01-10T06:43:13+00:00\" \/>\n<meta property=\"article:modified_time\" content=\"2019-01-30T09:51:23+00:00\" \/>\n<meta property=\"og:image\" content=\"https:\/\/www.naturparkmagazin.de\/dahme-heideseen\/wp-content\/uploads\/sites\/37\/Kr\u00e4uterspirale-R\u00f6ding.jpg\" \/>\n\t<meta property=\"og:image:width\" content=\"1147\" \/>\n\t<meta property=\"og:image:height\" content=\"768\" \/>\n\t<meta property=\"og:image:type\" content=\"image\/jpeg\" \/>\n<meta name=\"author\" content=\"Astrid Osenbr\u00fcck\" \/>\n<meta name=\"twitter:label1\" content=\"Verfasst von\" \/>\n\t<meta name=\"twitter:data1\" content=\"Astrid Osenbr\u00fcck\" \/>\n<script type=\"application\/ld+json\" class=\"yoast-schema-graph\">{\"@context\":\"https:\/\/schema.org\",\"@graph\":[{\"@type\":\"WebPage\",\"@id\":\"https:\/\/www.naturparkmagazin.de\/dahme-heideseen\/gesunde-kraeuter-in-der-kueche\/\",\"url\":\"https:\/\/www.naturparkmagazin.de\/dahme-heideseen\/gesunde-kraeuter-in-der-kueche\/\",\"name\":\"Gesunde Kr\u00e4uter in der K\u00fcche - Veranstaltung am 20. Februar - Naturpark Dahme-Heideseen\",\"isPartOf\":{\"@id\":\"https:\/\/www.naturparkmagazin.de\/dahme-heideseen\/#website\"},\"datePublished\":\"2019-01-10T06:43:13+00:00\",\"dateModified\":\"2019-01-30T09:51:23+00:00\",\"author\":{\"@id\":\"https:\/\/www.naturparkmagazin.de\/dahme-heideseen\/#\/schema\/person\/a0510aafafdf8183c95fc98faf0c9f21\"},\"breadcrumb\":{\"@id\":\"https:\/\/www.naturparkmagazin.de\/dahme-heideseen\/gesunde-kraeuter-in-der-kueche\/#breadcrumb\"},\"inLanguage\":\"de\",\"potentialAction\":[{\"@type\":\"ReadAction\",\"target\":[\"https:\/\/www.naturparkmagazin.de\/dahme-heideseen\/gesunde-kraeuter-in-der-kueche\/\"]}]},{\"@type\":\"BreadcrumbList\",\"@id\":\"https:\/\/www.naturparkmagazin.de\/dahme-heideseen\/gesunde-kraeuter-in-der-kueche\/#breadcrumb\",\"itemListElement\":[{\"@type\":\"ListItem\",\"position\":1,\"name\":\"Home\",\"item\":\"https:\/\/www.naturparkmagazin.de\/dahme-heideseen\/\"},{\"@type\":\"ListItem\",\"position\":2,\"name\":\"Gesunde Kr\u00e4uter in der K\u00fcche &#8211; Veranstaltung am 20. Februar\"}]},{\"@type\":\"WebSite\",\"@id\":\"https:\/\/www.naturparkmagazin.de\/dahme-heideseen\/#website\",\"url\":\"https:\/\/www.naturparkmagazin.de\/dahme-heideseen\/\",\"name\":\"Naturpark Dahme-Heideseen\",\"description\":\"\",\"potentialAction\":[{\"@type\":\"SearchAction\",\"target\":{\"@type\":\"EntryPoint\",\"urlTemplate\":\"https:\/\/www.naturparkmagazin.de\/dahme-heideseen\/?s={search_term_string}\"},\"query-input\":\"required name=search_term_string\"}],\"inLanguage\":\"de\"},{\"@type\":\"Person\",\"@id\":\"https:\/\/www.naturparkmagazin.de\/dahme-heideseen\/#\/schema\/person\/a0510aafafdf8183c95fc98faf0c9f21\",\"name\":\"Astrid Osenbr\u00fcck\",\"sameAs\":[\"http:\/\/www.dahme-heideseen-naturpark.de\"],\"url\":\"https:\/\/www.naturparkmagazin.de\/dahme-heideseen\/author\/astridosenbrueck\/\"}]}<\/script>\n<!-- \/ Yoast SEO plugin. -->","yoast_head_json":{"title":"Gesunde Kr\u00e4uter in der K\u00fcche - Veranstaltung am 20. Februar - Naturpark Dahme-Heideseen","robots":{"index":"index","follow":"follow","max-snippet":"max-snippet:-1","max-image-preview":"max-image-preview:large","max-video-preview":"max-video-preview:-1"},"canonical":"https:\/\/www.naturparkmagazin.de\/dahme-heideseen\/gesunde-kraeuter-in-der-kueche\/","og_locale":"de_DE","og_type":"article","og_title":"Gesunde Kr\u00e4uter in der K\u00fcche - Veranstaltung am 20. Februar - Naturpark Dahme-Heideseen","og_description":"Die Kr\u00e4uterp\u00e4dagogin Ute Bernhardt zeigt, welche Heilwirkungen Kr\u00e4uter beim Essen entfalten k\u00f6nnen.","og_url":"https:\/\/www.naturparkmagazin.de\/dahme-heideseen\/gesunde-kraeuter-in-der-kueche\/","og_site_name":"Naturpark Dahme-Heideseen","article_published_time":"2019-01-10T06:43:13+00:00","article_modified_time":"2019-01-30T09:51:23+00:00","og_image":[{"width":1147,"height":768,"url":"https:\/\/www.naturparkmagazin.de\/dahme-heideseen\/wp-content\/uploads\/sites\/37\/Kr\u00e4uterspirale-R\u00f6ding.jpg","type":"image\/jpeg"}],"author":"Astrid Osenbr\u00fcck","twitter_misc":{"Verfasst von":"Astrid Osenbr\u00fcck"},"schema":{"@context":"https:\/\/schema.org","@graph":[{"@type":"WebPage","@id":"https:\/\/www.naturparkmagazin.de\/dahme-heideseen\/gesunde-kraeuter-in-der-kueche\/","url":"https:\/\/www.naturparkmagazin.de\/dahme-heideseen\/gesunde-kraeuter-in-der-kueche\/","name":"Gesunde Kr\u00e4uter in der K\u00fcche - Veranstaltung am 20. Februar - Naturpark Dahme-Heideseen","isPartOf":{"@id":"https:\/\/www.naturparkmagazin.de\/dahme-heideseen\/#website"},"datePublished":"2019-01-10T06:43:13+00:00","dateModified":"2019-01-30T09:51:23+00:00","author":{"@id":"https:\/\/www.naturparkmagazin.de\/dahme-heideseen\/#\/schema\/person\/a0510aafafdf8183c95fc98faf0c9f21"},"breadcrumb":{"@id":"https:\/\/www.naturparkmagazin.de\/dahme-heideseen\/gesunde-kraeuter-in-der-kueche\/#breadcrumb"},"inLanguage":"de","potentialAction":[{"@type":"ReadAction","target":["https:\/\/www.naturparkmagazin.de\/dahme-heideseen\/gesunde-kraeuter-in-der-kueche\/"]}]},{"@type":"BreadcrumbList","@id":"https:\/\/www.naturparkmagazin.de\/dahme-heideseen\/gesunde-kraeuter-in-der-kueche\/#breadcrumb","itemListElement":[{"@type":"ListItem","position":1,"name":"Home","item":"https:\/\/www.naturparkmagazin.de\/dahme-heideseen\/"},{"@type":"ListItem","position":2,"name":"Gesunde Kr\u00e4uter in der K\u00fcche &#8211; Veranstaltung am 20. Februar"}]},{"@type":"WebSite","@id":"https:\/\/www.naturparkmagazin.de\/dahme-heideseen\/#website","url":"https:\/\/www.naturparkmagazin.de\/dahme-heideseen\/","name":"Naturpark Dahme-Heideseen","description":"","potentialAction":[{"@type":"SearchAction","target":{"@type":"EntryPoint","urlTemplate":"https:\/\/www.naturparkmagazin.de\/dahme-heideseen\/?s={search_term_string}"},"query-input":"required name=search_term_string"}],"inLanguage":"de"},{"@type":"Person","@id":"https:\/\/www.naturparkmagazin.de\/dahme-heideseen\/#\/schema\/person\/a0510aafafdf8183c95fc98faf0c9f21","name":"Astrid Osenbr\u00fcck","sameAs":["http:\/\/www.dahme-heideseen-naturpark.de"],"url":"https:\/\/www.naturparkmagazin.de\/dahme-heideseen\/author\/astridosenbrueck\/"}]}},"_links":{"self":[{"href":"https:\/\/www.naturparkmagazin.de\/dahme-heideseen\/wp-json\/wp\/v2\/posts\/2892"}],"collection":[{"href":"https:\/\/www.naturparkmagazin.de\/dahme-heideseen\/wp-json\/wp\/v2\/posts"}],"about":[{"href":"https:\/\/www.naturparkmagazin.de\/dahme-heideseen\/wp-json\/wp\/v2\/types\/post"}],"author":[{"embeddable":true,"href":"https:\/\/www.naturparkmagazin.de\/dahme-heideseen\/wp-json\/wp\/v2\/users\/83"}],"replies":[{"embeddable":true,"href":"https:\/\/www.naturparkmagazin.de\/dahme-heideseen\/wp-json\/wp\/v2\/comments?post=2892"}],"version-history":[{"count":2,"href":"https:\/\/www.naturparkmagazin.de\/dahme-heideseen\/wp-json\/wp\/v2\/posts\/2892\/revisions"}],"predecessor-version":[{"id":2930,"href":"https:\/\/www.naturparkmagazin.de\/dahme-heideseen\/wp-json\/wp\/v2\/posts\/2892\/revisions\/2930"}],"wp:featuredmedia":[{"embeddable":true,"href":"https:\/\/www.naturparkmagazin.de\/dahme-heideseen\/wp-json\/wp\/v2\/media\/2896"}],"wp:attachment":[{"href":"https:\/\/www.naturparkmagazin.de\/dahme-heideseen\/wp-json\/wp\/v2\/media?parent=2892"}],"wp:term":[{"taxonomy":"category","embeddable":true,"href":"https:\/\/www.naturparkmagazin.de\/dahme-heideseen\/wp-json\/wp\/v2\/categories?post=2892"},{"taxonomy":"post_tag","embeddable":true,"href":"https:\/\/www.naturparkmagazin.de\/dahme-heideseen\/wp-json\/wp\/v2\/tags?post=2892"}],"curies":[{"name":"wp","href":"https:\/\/api.w.org\/{rel}","templated":true}]}}