{"id":2897,"date":"2019-01-15T16:30:34","date_gmt":"2019-01-15T15:30:34","guid":{"rendered":"https:\/\/www.naturparkmagazin.de\/dahme-heideseen\/?p=2897"},"modified":"2019-01-16T07:35:56","modified_gmt":"2019-01-16T06:35:56","slug":"du-und-dein-garten-im-naturpark-2019","status":"publish","type":"post","link":"https:\/\/www.naturparkmagazin.de\/dahme-heideseen\/du-und-dein-garten-im-naturpark-2019\/","title":{"rendered":"Du und Dein Garten im Naturpark 2019"},"content":{"rendered":"<p>F\u00fcr die Veranstaltungsreihe Du und Dein Garten im Naturpark hat das Besucherinformationszentrum des Naturparks &#8211; das BIZ Storkow &#8211; auch dieses Jahr\u00a0 wieder zahlreiche\u00a0spannende Veranstaltungen zusammengetragen. \u00a0Die Projektleiterin Sarah Mamerow erl\u00e4utert: &#8222;Dieses Jahr haben wir das Programm stark ausgebaut. Aufgrund der gro\u00dfen Beliebtheit der Kurse bieten wir dieses Jahr fast doppelt so viele Termine wie im letzten\u00a0Jahr\u00a0an.&#8220;<\/p>\n<p>Angeboten werden Kurse zum Obstbaumschnitt, Seminare \u00fcber Bienen oder die Nutzung von Wildkr\u00e4utern &#8211; und das ist nur ein kleiner Ausschnitt des vielf\u00e4ltigen Angebotes. Die Referenten, welche die Kurse leiten, sind Fachkr\u00e4fte mit weitreichendem Fachwissen und k\u00f6nnen auch die ein oder andere Frage beantworten, auf die nicht mal im Internet eine schnelle Antwort gefunden werden kann. So geben u. a. der g\u00e4rtnerische Leiter des Biogarten Prieros, Franz Heitzendorfer oder die Kr\u00e4uterp\u00e4dagogin Ute Bernhardt Ihr Wissen auf anschauliche Weise weiter und laden zum Mitmachen ein.<\/p>\n<p>Sarah Mamerow vom BIZ Storkow sieht nur eine Schwierigkeit: &#8222;Im Rahmen der Veranstaltungsreihe\u00a0bietet das BIZ viele ganz besondere Veranstaltungen an\u00a0&#8211;\u00a0am liebsten w\u00fcrde ich an jedem einzelnen Kurs selbst teilnehmen und kann mich kaum entscheiden.&#8220;<\/p>\n<p>In K\u00fcrze ist das Veranstaltungsprogramm in Form eines handlichen Flyers erh\u00e4ltlich. Weitere Informationen zu den einzelnen Veranstaltungen\u00a0erhalten Sie auch auf der Internetseite des Naturparks: <a href=\"http:\/\/www.dahme-heideseen-naturpark.de\">www.dahme-heideseen-naturpark.de<\/a><\/p>\n<p><strong>Februar-Termine<\/strong><\/p>\n<p><strong>1. Februar: <\/strong>Obstbaumpflege an Jungb\u00e4umen (Theorie-Seminar)\n<strong>2. Februar:<\/strong>\u00a0Obstbaumpflege an Jungb\u00e4umen (Praxis-Seminar)\n<strong>8. Februar:<\/strong> Obstbaumpflege an Altb\u00e4umen (Theorie-Seminar)\n<strong>9. Februar<\/strong>: Obstbaumpflege an Altb\u00e4umen (Praxis-Seminar)\n<strong>13. Februar:<\/strong> Planung eines naturnahen und produktiven Nutzgartens\n<strong>27. Februar:<\/strong> Wie Heilpflanzen helfen k\u00f6nnen: Der Bewegungsapparat<\/p>\n","protected":false},"excerpt":{"rendered":"<p>Auch in diesem Jahr bietet das BIZ Storkow eine bunte Mischung an spannenden Vortr\u00e4gen, Seminaren und Workshops &#8211; geb\u00fcndelt in der Veranstaltungsreihe Du und Dein Garten im Naturpark.<\/p>\n","protected":false},"author":83,"featured_media":2515,"comment_status":"open","ping_status":"open","sticky":false,"template":"","format":"standard","meta":[],"categories":[7],"tags":[],"yoast_head":"<!-- This site is optimized with the Yoast SEO plugin v19.10 - https:\/\/yoast.com\/wordpress\/plugins\/seo\/ -->\n<title>Du und Dein Garten im Naturpark 2019 - Naturpark Dahme-Heideseen<\/title>\n<meta name=\"robots\" content=\"index, follow, max-snippet:-1, max-image-preview:large, max-video-preview:-1\" \/>\n<link rel=\"canonical\" href=\"https:\/\/www.naturparkmagazin.de\/dahme-heideseen\/du-und-dein-garten-im-naturpark-2019\/\" \/>\n<meta property=\"og:locale\" content=\"de_DE\" \/>\n<meta property=\"og:type\" content=\"article\" \/>\n<meta property=\"og:title\" content=\"Du und Dein Garten im Naturpark 2019 - Naturpark Dahme-Heideseen\" \/>\n<meta property=\"og:description\" content=\"Auch in diesem Jahr bietet das BIZ Storkow eine bunte Mischung an spannenden Vortr\u00e4gen, Seminaren und Workshops - geb\u00fcndelt in der Veranstaltungsreihe Du und Dein Garten im Naturpark.\" \/>\n<meta property=\"og:url\" content=\"https:\/\/www.naturparkmagazin.de\/dahme-heideseen\/du-und-dein-garten-im-naturpark-2019\/\" \/>\n<meta property=\"og:site_name\" content=\"Naturpark Dahme-Heideseen\" \/>\n<meta property=\"article:published_time\" content=\"2019-01-15T15:30:34+00:00\" \/>\n<meta property=\"article:modified_time\" content=\"2019-01-16T06:35:56+00:00\" \/>\n<meta property=\"og:image\" content=\"https:\/\/www.naturparkmagazin.de\/dahme-heideseen\/wp-content\/uploads\/sites\/37\/npdh_Duunddeingartenimnaturpark_bizstorkow.jpg\" \/>\n\t<meta property=\"og:image:width\" content=\"568\" \/>\n\t<meta property=\"og:image:height\" content=\"480\" \/>\n\t<meta property=\"og:image:type\" content=\"image\/jpeg\" \/>\n<meta name=\"author\" content=\"Astrid Osenbr\u00fcck\" \/>\n<meta name=\"twitter:label1\" content=\"Verfasst von\" \/>\n\t<meta name=\"twitter:data1\" content=\"Astrid Osenbr\u00fcck\" \/>\n\t<meta name=\"twitter:label2\" content=\"Gesch\u00e4tzte Lesezeit\" \/>\n\t<meta name=\"twitter:data2\" content=\"1\u00a0Minute\" \/>\n<script type=\"application\/ld+json\" class=\"yoast-schema-graph\">{\"@context\":\"https:\/\/schema.org\",\"@graph\":[{\"@type\":\"WebPage\",\"@id\":\"https:\/\/www.naturparkmagazin.de\/dahme-heideseen\/du-und-dein-garten-im-naturpark-2019\/\",\"url\":\"https:\/\/www.naturparkmagazin.de\/dahme-heideseen\/du-und-dein-garten-im-naturpark-2019\/\",\"name\":\"Du und Dein Garten im Naturpark 2019 - Naturpark Dahme-Heideseen\",\"isPartOf\":{\"@id\":\"https:\/\/www.naturparkmagazin.de\/dahme-heideseen\/#website\"},\"datePublished\":\"2019-01-15T15:30:34+00:00\",\"dateModified\":\"2019-01-16T06:35:56+00:00\",\"author\":{\"@id\":\"https:\/\/www.naturparkmagazin.de\/dahme-heideseen\/#\/schema\/person\/a0510aafafdf8183c95fc98faf0c9f21\"},\"breadcrumb\":{\"@id\":\"https:\/\/www.naturparkmagazin.de\/dahme-heideseen\/du-und-dein-garten-im-naturpark-2019\/#breadcrumb\"},\"inLanguage\":\"de\",\"potentialAction\":[{\"@type\":\"ReadAction\",\"target\":[\"https:\/\/www.naturparkmagazin.de\/dahme-heideseen\/du-und-dein-garten-im-naturpark-2019\/\"]}]},{\"@type\":\"BreadcrumbList\",\"@id\":\"https:\/\/www.naturparkmagazin.de\/dahme-heideseen\/du-und-dein-garten-im-naturpark-2019\/#breadcrumb\",\"itemListElement\":[{\"@type\":\"ListItem\",\"position\":1,\"name\":\"Home\",\"item\":\"https:\/\/www.naturparkmagazin.de\/dahme-heideseen\/\"},{\"@type\":\"ListItem\",\"position\":2,\"name\":\"Du und Dein Garten im Naturpark 2019\"}]},{\"@type\":\"WebSite\",\"@id\":\"https:\/\/www.naturparkmagazin.de\/dahme-heideseen\/#website\",\"url\":\"https:\/\/www.naturparkmagazin.de\/dahme-heideseen\/\",\"name\":\"Naturpark Dahme-Heideseen\",\"description\":\"\",\"potentialAction\":[{\"@type\":\"SearchAction\",\"target\":{\"@type\":\"EntryPoint\",\"urlTemplate\":\"https:\/\/www.naturparkmagazin.de\/dahme-heideseen\/?s={search_term_string}\"},\"query-input\":\"required name=search_term_string\"}],\"inLanguage\":\"de\"},{\"@type\":\"Person\",\"@id\":\"https:\/\/www.naturparkmagazin.de\/dahme-heideseen\/#\/schema\/person\/a0510aafafdf8183c95fc98faf0c9f21\",\"name\":\"Astrid Osenbr\u00fcck\",\"sameAs\":[\"http:\/\/www.dahme-heideseen-naturpark.de\"],\"url\":\"https:\/\/www.naturparkmagazin.de\/dahme-heideseen\/author\/astridosenbrueck\/\"}]}<\/script>\n<!-- \/ Yoast SEO plugin. -->","yoast_head_json":{"title":"Du und Dein Garten im Naturpark 2019 - Naturpark Dahme-Heideseen","robots":{"index":"index","follow":"follow","max-snippet":"max-snippet:-1","max-image-preview":"max-image-preview:large","max-video-preview":"max-video-preview:-1"},"canonical":"https:\/\/www.naturparkmagazin.de\/dahme-heideseen\/du-und-dein-garten-im-naturpark-2019\/","og_locale":"de_DE","og_type":"article","og_title":"Du und Dein Garten im Naturpark 2019 - Naturpark Dahme-Heideseen","og_description":"Auch in diesem Jahr bietet das BIZ Storkow eine bunte Mischung an spannenden Vortr\u00e4gen, Seminaren und Workshops - geb\u00fcndelt in der Veranstaltungsreihe Du und Dein Garten im Naturpark.","og_url":"https:\/\/www.naturparkmagazin.de\/dahme-heideseen\/du-und-dein-garten-im-naturpark-2019\/","og_site_name":"Naturpark Dahme-Heideseen","article_published_time":"2019-01-15T15:30:34+00:00","article_modified_time":"2019-01-16T06:35:56+00:00","og_image":[{"width":568,"height":480,"url":"https:\/\/www.naturparkmagazin.de\/dahme-heideseen\/wp-content\/uploads\/sites\/37\/npdh_Duunddeingartenimnaturpark_bizstorkow.jpg","type":"image\/jpeg"}],"author":"Astrid Osenbr\u00fcck","twitter_misc":{"Verfasst von":"Astrid Osenbr\u00fcck","Gesch\u00e4tzte Lesezeit":"1\u00a0Minute"},"schema":{"@context":"https:\/\/schema.org","@graph":[{"@type":"WebPage","@id":"https:\/\/www.naturparkmagazin.de\/dahme-heideseen\/du-und-dein-garten-im-naturpark-2019\/","url":"https:\/\/www.naturparkmagazin.de\/dahme-heideseen\/du-und-dein-garten-im-naturpark-2019\/","name":"Du und Dein Garten im Naturpark 2019 - Naturpark Dahme-Heideseen","isPartOf":{"@id":"https:\/\/www.naturparkmagazin.de\/dahme-heideseen\/#website"},"datePublished":"2019-01-15T15:30:34+00:00","dateModified":"2019-01-16T06:35:56+00:00","author":{"@id":"https:\/\/www.naturparkmagazin.de\/dahme-heideseen\/#\/schema\/person\/a0510aafafdf8183c95fc98faf0c9f21"},"breadcrumb":{"@id":"https:\/\/www.naturparkmagazin.de\/dahme-heideseen\/du-und-dein-garten-im-naturpark-2019\/#breadcrumb"},"inLanguage":"de","potentialAction":[{"@type":"ReadAction","target":["https:\/\/www.naturparkmagazin.de\/dahme-heideseen\/du-und-dein-garten-im-naturpark-2019\/"]}]},{"@type":"BreadcrumbList","@id":"https:\/\/www.naturparkmagazin.de\/dahme-heideseen\/du-und-dein-garten-im-naturpark-2019\/#breadcrumb","itemListElement":[{"@type":"ListItem","position":1,"name":"Home","item":"https:\/\/www.naturparkmagazin.de\/dahme-heideseen\/"},{"@type":"ListItem","position":2,"name":"Du und Dein Garten im Naturpark 2019"}]},{"@type":"WebSite","@id":"https:\/\/www.naturparkmagazin.de\/dahme-heideseen\/#website","url":"https:\/\/www.naturparkmagazin.de\/dahme-heideseen\/","name":"Naturpark Dahme-Heideseen","description":"","potentialAction":[{"@type":"SearchAction","target":{"@type":"EntryPoint","urlTemplate":"https:\/\/www.naturparkmagazin.de\/dahme-heideseen\/?s={search_term_string}"},"query-input":"required name=search_term_string"}],"inLanguage":"de"},{"@type":"Person","@id":"https:\/\/www.naturparkmagazin.de\/dahme-heideseen\/#\/schema\/person\/a0510aafafdf8183c95fc98faf0c9f21","name":"Astrid Osenbr\u00fcck","sameAs":["http:\/\/www.dahme-heideseen-naturpark.de"],"url":"https:\/\/www.naturparkmagazin.de\/dahme-heideseen\/author\/astridosenbrueck\/"}]}},"_links":{"self":[{"href":"https:\/\/www.naturparkmagazin.de\/dahme-heideseen\/wp-json\/wp\/v2\/posts\/2897"}],"collection":[{"href":"https:\/\/www.naturparkmagazin.de\/dahme-heideseen\/wp-json\/wp\/v2\/posts"}],"about":[{"href":"https:\/\/www.naturparkmagazin.de\/dahme-heideseen\/wp-json\/wp\/v2\/types\/post"}],"author":[{"embeddable":true,"href":"https:\/\/www.naturparkmagazin.de\/dahme-heideseen\/wp-json\/wp\/v2\/users\/83"}],"replies":[{"embeddable":true,"href":"https:\/\/www.naturparkmagazin.de\/dahme-heideseen\/wp-json\/wp\/v2\/comments?post=2897"}],"version-history":[{"count":4,"href":"https:\/\/www.naturparkmagazin.de\/dahme-heideseen\/wp-json\/wp\/v2\/posts\/2897\/revisions"}],"predecessor-version":[{"id":2924,"href":"https:\/\/www.naturparkmagazin.de\/dahme-heideseen\/wp-json\/wp\/v2\/posts\/2897\/revisions\/2924"}],"wp:featuredmedia":[{"embeddable":true,"href":"https:\/\/www.naturparkmagazin.de\/dahme-heideseen\/wp-json\/wp\/v2\/media\/2515"}],"wp:attachment":[{"href":"https:\/\/www.naturparkmagazin.de\/dahme-heideseen\/wp-json\/wp\/v2\/media?parent=2897"}],"wp:term":[{"taxonomy":"category","embeddable":true,"href":"https:\/\/www.naturparkmagazin.de\/dahme-heideseen\/wp-json\/wp\/v2\/categories?post=2897"},{"taxonomy":"post_tag","embeddable":true,"href":"https:\/\/www.naturparkmagazin.de\/dahme-heideseen\/wp-json\/wp\/v2\/tags?post=2897"}],"curies":[{"name":"wp","href":"https:\/\/api.w.org\/{rel}","templated":true}]}}