{"id":2901,"date":"2019-01-17T10:22:27","date_gmt":"2019-01-17T09:22:27","guid":{"rendered":"https:\/\/www.naturparkmagazin.de\/dahme-heideseen\/?p=2901"},"modified":"2019-01-17T13:16:24","modified_gmt":"2019-01-17T12:16:24","slug":"wildnis-auch-bei-uns-im-naturpark","status":"publish","type":"post","link":"https:\/\/www.naturparkmagazin.de\/dahme-heideseen\/wildnis-auch-bei-uns-im-naturpark\/","title":{"rendered":"Wildnis &#8211; auch bei uns im Naturpark"},"content":{"rendered":"<p>Unwegsames Gebiet, uralte, imposante B\u00e4ume,&#8230; &#8211; bei dem Wort Wildnis dr\u00e4ngt sich\u00a0oft das Bild eines wilden Tropen-Urwalds auf.<\/p>\n<p>Doch auch direkt vor unserer Haust\u00fcr k\u00f6nnen wir Wildnis sp\u00fcren und erleben. In unserem\u00a0kulturlandschaftlich gepr\u00e4gten Land sind zwar\u00a0kaum urspr\u00fcngliche Naturlandschaften erhalten,\u00a0\u00a0jedoch gibt es im Naturpark\u00a0einige Gebiete, die sich mithilfe eines entsprechenden Managements zu einer wilden Naturfl\u00e4che zur\u00fcckentwickeln k\u00f6nnen.<\/p>\n<p>So\u00a0geh\u00f6rt z. B. die Liegenschaft Streganz mit mehr als 4.000 Hektar seit dem Jahr 2011\u00a0zum\u00a0Nationalen Naturerbe-Programm. Dies bedeutet, dass\u00a0der gro\u00dfe von Stra\u00dfen oder Siedlungen unzerschnittene Waldbereich zwischen Prieros, Schwerin, Gro\u00df Eichholz, M\u00fcnchehofe und Hermsdorf nat\u00fcrlich ablaufenden Prozessen \u00fcberlassen werden soll. Der Weg dahin ist nat\u00fcrlich lang &#8211; als erster Schritt f\u00fcr die nachfolgende datierte Entwicklungsplanung gibt es jedoch bereits\u00a0ein vorl\u00e4ufiges Leitbild, mit dem die ma\u00dfgeblichen Ausgangsituationen beschrieben und die wesentlichen Entwicklungsziele formuliert sind. Das Leitbild\u00a0und weitere Informationen finden Sie\u00a0<a href=\"https:\/\/www.dahme-heideseen-naturpark.de\/themen\/sehenswertes\/wildnisentwicklungsgebiet-streganz\/\">hier<\/a>.<\/p>\n<p><a href=\"https:\/\/www.naturparkmagazin.de\/dahme-heideseen\/wp-content\/uploads\/sites\/37\/npdh_blick_stragans_sonnenberg.jpg\"><img decoding=\"async\" loading=\"lazy\" class=\"size-medium wp-image-2393\" src=\"https:\/\/www.naturparkmagazin.de\/dahme-heideseen\/wp-content\/uploads\/sites\/37\/npdh_blick_stragans_sonnenberg-620x415.jpg\" alt=\"Blick vom Streganzbereg \u00fcber das riesige Kieferngebiet des Dahmetals zwischen M\u00e4rkisch Buchholz und Prieros \u00a9 Hans Sonnenberg\" width=\"620\" height=\"415\" srcset=\"https:\/\/www.naturparkmagazin.de\/dahme-heideseen\/wp-content\/uploads\/sites\/37\/npdh_blick_stragans_sonnenberg-620x415.jpg 620w, https:\/\/www.naturparkmagazin.de\/dahme-heideseen\/wp-content\/uploads\/sites\/37\/npdh_blick_stragans_sonnenberg-300x201.jpg 300w, https:\/\/www.naturparkmagazin.de\/dahme-heideseen\/wp-content\/uploads\/sites\/37\/npdh_blick_stragans_sonnenberg-200x134.jpg 200w, https:\/\/www.naturparkmagazin.de\/dahme-heideseen\/wp-content\/uploads\/sites\/37\/npdh_blick_stragans_sonnenberg.jpg 640w\" sizes=\"(max-width: 620px) 100vw, 620px\" \/><\/a><\/p>\n<p>Eine weitere Fl\u00e4che des Nationalen Naturerbes befindet sich in <a href=\"https:\/\/www.dahme-heideseen-naturpark.de\/themen\/sehenswertes\/wildnisentwicklungsgebiet-storkow\/\">Storkow<\/a>.<\/p>\n<p>F\u00fcr die Entwicklung der Fl\u00e4chen\u00a0des\u00a0Nationalen Naturerbes arbeiten der Bundesforstbetrieb, die Naturpark-Verwaltung und die Naturwacht Dahme-Heideseen verst\u00e4rkt\u00a0zusammen.\u00a0Bei einem ersten Treffen\u00a0im Januar wurden erste Ideen f\u00fcr ein weiteres gemeinsames Vorgehen gesammelt &#8211; insbesondere bez\u00fcglich der Wildnisfl\u00e4che Streganz. In weiteren Treffen sollen die Ideen konkretisiert werden.\u00a0Geplant sind u.a. Informationsveranstaltungen, bei denen jeder seine Fragen loswerden kann,\u00a0sowie\u00a0eine gezielte\u00a0Besucherinformation und -lenkung im Gebiet.\u00a0In weiteren Treffen sollen die Vorhaben konkretisiert werden &#8211; im Newsletter sowie auf der Internetseite des Naturparks <a href=\"http:\/\/www.dahme-heideseen-naturpark.de\" target=\"_blank\">www.dahme-heideseen-naturpark.de <\/a>k\u00f6nnen sich Interessierte, Anwohner und Wildnisliebhaber \u00fcber die weitere Planung auf dem Laufenden halten.<\/p>\n","protected":false},"excerpt":{"rendered":"<p>Im Rahmen der Initiative Nationales Naturerbe wurde der ehemaligen Truppen\u00fcbungsplatz Streganz im Jahr 2011 als Wildnis-Entwicklungsgebiet ausgewiesen. Gemeinsam mit dem Bundesforstbetrieb und der Naturwacht arbeitet die Naturpark-Verwaltung an der Entwicklung des Gebiets.<\/p>\n","protected":false},"author":83,"featured_media":2909,"comment_status":"open","ping_status":"open","sticky":false,"template":"","format":"standard","meta":[],"categories":[7],"tags":[],"yoast_head":"<!-- This site is optimized with the Yoast SEO plugin v19.10 - https:\/\/yoast.com\/wordpress\/plugins\/seo\/ -->\n<title>Wildnis - auch bei uns im Naturpark - Naturpark Dahme-Heideseen<\/title>\n<meta name=\"robots\" content=\"index, follow, max-snippet:-1, max-image-preview:large, max-video-preview:-1\" \/>\n<link rel=\"canonical\" href=\"https:\/\/www.naturparkmagazin.de\/dahme-heideseen\/wildnis-auch-bei-uns-im-naturpark\/\" \/>\n<meta property=\"og:locale\" content=\"de_DE\" \/>\n<meta property=\"og:type\" content=\"article\" \/>\n<meta property=\"og:title\" content=\"Wildnis - auch bei uns im Naturpark - Naturpark Dahme-Heideseen\" \/>\n<meta property=\"og:description\" content=\"Im Rahmen der Initiative Nationales Naturerbe wurde der ehemaligen Truppen\u00fcbungsplatz Streganz im Jahr 2011 als Wildnis-Entwicklungsgebiet ausgewiesen. Gemeinsam mit dem Bundesforstbetrieb und der Naturwacht arbeitet die Naturpark-Verwaltung an der Entwicklung des Gebiets.\" \/>\n<meta property=\"og:url\" content=\"https:\/\/www.naturparkmagazin.de\/dahme-heideseen\/wildnis-auch-bei-uns-im-naturpark\/\" \/>\n<meta property=\"og:site_name\" content=\"Naturpark Dahme-Heideseen\" \/>\n<meta property=\"article:published_time\" content=\"2019-01-17T09:22:27+00:00\" \/>\n<meta property=\"article:modified_time\" content=\"2019-01-17T12:16:24+00:00\" \/>\n<meta property=\"og:image\" content=\"https:\/\/www.naturparkmagazin.de\/dahme-heideseen\/wp-content\/uploads\/sites\/37\/Katzenberge.jpg\" \/>\n\t<meta property=\"og:image:width\" content=\"1251\" \/>\n\t<meta property=\"og:image:height\" content=\"825\" \/>\n\t<meta property=\"og:image:type\" content=\"image\/jpeg\" \/>\n<meta name=\"author\" content=\"Astrid Osenbr\u00fcck\" \/>\n<meta name=\"twitter:label1\" content=\"Verfasst von\" \/>\n\t<meta name=\"twitter:data1\" content=\"Astrid Osenbr\u00fcck\" \/>\n\t<meta name=\"twitter:label2\" content=\"Gesch\u00e4tzte Lesezeit\" \/>\n\t<meta name=\"twitter:data2\" content=\"1\u00a0Minute\" \/>\n<script type=\"application\/ld+json\" class=\"yoast-schema-graph\">{\"@context\":\"https:\/\/schema.org\",\"@graph\":[{\"@type\":\"WebPage\",\"@id\":\"https:\/\/www.naturparkmagazin.de\/dahme-heideseen\/wildnis-auch-bei-uns-im-naturpark\/\",\"url\":\"https:\/\/www.naturparkmagazin.de\/dahme-heideseen\/wildnis-auch-bei-uns-im-naturpark\/\",\"name\":\"Wildnis - auch bei uns im Naturpark - Naturpark Dahme-Heideseen\",\"isPartOf\":{\"@id\":\"https:\/\/www.naturparkmagazin.de\/dahme-heideseen\/#website\"},\"datePublished\":\"2019-01-17T09:22:27+00:00\",\"dateModified\":\"2019-01-17T12:16:24+00:00\",\"author\":{\"@id\":\"https:\/\/www.naturparkmagazin.de\/dahme-heideseen\/#\/schema\/person\/a0510aafafdf8183c95fc98faf0c9f21\"},\"breadcrumb\":{\"@id\":\"https:\/\/www.naturparkmagazin.de\/dahme-heideseen\/wildnis-auch-bei-uns-im-naturpark\/#breadcrumb\"},\"inLanguage\":\"de\",\"potentialAction\":[{\"@type\":\"ReadAction\",\"target\":[\"https:\/\/www.naturparkmagazin.de\/dahme-heideseen\/wildnis-auch-bei-uns-im-naturpark\/\"]}]},{\"@type\":\"BreadcrumbList\",\"@id\":\"https:\/\/www.naturparkmagazin.de\/dahme-heideseen\/wildnis-auch-bei-uns-im-naturpark\/#breadcrumb\",\"itemListElement\":[{\"@type\":\"ListItem\",\"position\":1,\"name\":\"Home\",\"item\":\"https:\/\/www.naturparkmagazin.de\/dahme-heideseen\/\"},{\"@type\":\"ListItem\",\"position\":2,\"name\":\"Wildnis &#8211; auch bei uns im Naturpark\"}]},{\"@type\":\"WebSite\",\"@id\":\"https:\/\/www.naturparkmagazin.de\/dahme-heideseen\/#website\",\"url\":\"https:\/\/www.naturparkmagazin.de\/dahme-heideseen\/\",\"name\":\"Naturpark Dahme-Heideseen\",\"description\":\"\",\"potentialAction\":[{\"@type\":\"SearchAction\",\"target\":{\"@type\":\"EntryPoint\",\"urlTemplate\":\"https:\/\/www.naturparkmagazin.de\/dahme-heideseen\/?s={search_term_string}\"},\"query-input\":\"required name=search_term_string\"}],\"inLanguage\":\"de\"},{\"@type\":\"Person\",\"@id\":\"https:\/\/www.naturparkmagazin.de\/dahme-heideseen\/#\/schema\/person\/a0510aafafdf8183c95fc98faf0c9f21\",\"name\":\"Astrid Osenbr\u00fcck\",\"sameAs\":[\"http:\/\/www.dahme-heideseen-naturpark.de\"],\"url\":\"https:\/\/www.naturparkmagazin.de\/dahme-heideseen\/author\/astridosenbrueck\/\"}]}<\/script>\n<!-- \/ Yoast SEO plugin. -->","yoast_head_json":{"title":"Wildnis - auch bei uns im Naturpark - Naturpark Dahme-Heideseen","robots":{"index":"index","follow":"follow","max-snippet":"max-snippet:-1","max-image-preview":"max-image-preview:large","max-video-preview":"max-video-preview:-1"},"canonical":"https:\/\/www.naturparkmagazin.de\/dahme-heideseen\/wildnis-auch-bei-uns-im-naturpark\/","og_locale":"de_DE","og_type":"article","og_title":"Wildnis - auch bei uns im Naturpark - Naturpark Dahme-Heideseen","og_description":"Im Rahmen der Initiative Nationales Naturerbe wurde der ehemaligen Truppen\u00fcbungsplatz Streganz im Jahr 2011 als Wildnis-Entwicklungsgebiet ausgewiesen. Gemeinsam mit dem Bundesforstbetrieb und der Naturwacht arbeitet die Naturpark-Verwaltung an der Entwicklung des Gebiets.","og_url":"https:\/\/www.naturparkmagazin.de\/dahme-heideseen\/wildnis-auch-bei-uns-im-naturpark\/","og_site_name":"Naturpark Dahme-Heideseen","article_published_time":"2019-01-17T09:22:27+00:00","article_modified_time":"2019-01-17T12:16:24+00:00","og_image":[{"width":1251,"height":825,"url":"https:\/\/www.naturparkmagazin.de\/dahme-heideseen\/wp-content\/uploads\/sites\/37\/Katzenberge.jpg","type":"image\/jpeg"}],"author":"Astrid Osenbr\u00fcck","twitter_misc":{"Verfasst von":"Astrid Osenbr\u00fcck","Gesch\u00e4tzte Lesezeit":"1\u00a0Minute"},"schema":{"@context":"https:\/\/schema.org","@graph":[{"@type":"WebPage","@id":"https:\/\/www.naturparkmagazin.de\/dahme-heideseen\/wildnis-auch-bei-uns-im-naturpark\/","url":"https:\/\/www.naturparkmagazin.de\/dahme-heideseen\/wildnis-auch-bei-uns-im-naturpark\/","name":"Wildnis - auch bei uns im Naturpark - Naturpark Dahme-Heideseen","isPartOf":{"@id":"https:\/\/www.naturparkmagazin.de\/dahme-heideseen\/#website"},"datePublished":"2019-01-17T09:22:27+00:00","dateModified":"2019-01-17T12:16:24+00:00","author":{"@id":"https:\/\/www.naturparkmagazin.de\/dahme-heideseen\/#\/schema\/person\/a0510aafafdf8183c95fc98faf0c9f21"},"breadcrumb":{"@id":"https:\/\/www.naturparkmagazin.de\/dahme-heideseen\/wildnis-auch-bei-uns-im-naturpark\/#breadcrumb"},"inLanguage":"de","potentialAction":[{"@type":"ReadAction","target":["https:\/\/www.naturparkmagazin.de\/dahme-heideseen\/wildnis-auch-bei-uns-im-naturpark\/"]}]},{"@type":"BreadcrumbList","@id":"https:\/\/www.naturparkmagazin.de\/dahme-heideseen\/wildnis-auch-bei-uns-im-naturpark\/#breadcrumb","itemListElement":[{"@type":"ListItem","position":1,"name":"Home","item":"https:\/\/www.naturparkmagazin.de\/dahme-heideseen\/"},{"@type":"ListItem","position":2,"name":"Wildnis &#8211; auch bei uns im Naturpark"}]},{"@type":"WebSite","@id":"https:\/\/www.naturparkmagazin.de\/dahme-heideseen\/#website","url":"https:\/\/www.naturparkmagazin.de\/dahme-heideseen\/","name":"Naturpark Dahme-Heideseen","description":"","potentialAction":[{"@type":"SearchAction","target":{"@type":"EntryPoint","urlTemplate":"https:\/\/www.naturparkmagazin.de\/dahme-heideseen\/?s={search_term_string}"},"query-input":"required name=search_term_string"}],"inLanguage":"de"},{"@type":"Person","@id":"https:\/\/www.naturparkmagazin.de\/dahme-heideseen\/#\/schema\/person\/a0510aafafdf8183c95fc98faf0c9f21","name":"Astrid Osenbr\u00fcck","sameAs":["http:\/\/www.dahme-heideseen-naturpark.de"],"url":"https:\/\/www.naturparkmagazin.de\/dahme-heideseen\/author\/astridosenbrueck\/"}]}},"_links":{"self":[{"href":"https:\/\/www.naturparkmagazin.de\/dahme-heideseen\/wp-json\/wp\/v2\/posts\/2901"}],"collection":[{"href":"https:\/\/www.naturparkmagazin.de\/dahme-heideseen\/wp-json\/wp\/v2\/posts"}],"about":[{"href":"https:\/\/www.naturparkmagazin.de\/dahme-heideseen\/wp-json\/wp\/v2\/types\/post"}],"author":[{"embeddable":true,"href":"https:\/\/www.naturparkmagazin.de\/dahme-heideseen\/wp-json\/wp\/v2\/users\/83"}],"replies":[{"embeddable":true,"href":"https:\/\/www.naturparkmagazin.de\/dahme-heideseen\/wp-json\/wp\/v2\/comments?post=2901"}],"version-history":[{"count":8,"href":"https:\/\/www.naturparkmagazin.de\/dahme-heideseen\/wp-json\/wp\/v2\/posts\/2901\/revisions"}],"predecessor-version":[{"id":2912,"href":"https:\/\/www.naturparkmagazin.de\/dahme-heideseen\/wp-json\/wp\/v2\/posts\/2901\/revisions\/2912"}],"wp:featuredmedia":[{"embeddable":true,"href":"https:\/\/www.naturparkmagazin.de\/dahme-heideseen\/wp-json\/wp\/v2\/media\/2909"}],"wp:attachment":[{"href":"https:\/\/www.naturparkmagazin.de\/dahme-heideseen\/wp-json\/wp\/v2\/media?parent=2901"}],"wp:term":[{"taxonomy":"category","embeddable":true,"href":"https:\/\/www.naturparkmagazin.de\/dahme-heideseen\/wp-json\/wp\/v2\/categories?post=2901"},{"taxonomy":"post_tag","embeddable":true,"href":"https:\/\/www.naturparkmagazin.de\/dahme-heideseen\/wp-json\/wp\/v2\/tags?post=2901"}],"curies":[{"name":"wp","href":"https:\/\/api.w.org\/{rel}","templated":true}]}}