{"id":2903,"date":"2019-01-10T12:49:57","date_gmt":"2019-01-10T11:49:57","guid":{"rendered":"https:\/\/www.naturparkmagazin.de\/dahme-heideseen\/?p=2903"},"modified":"2019-01-30T10:51:01","modified_gmt":"2019-01-30T09:51:01","slug":"das-jagdgebiet-der-hohenzollern-die-dubrow-im-wandel","status":"publish","type":"post","link":"https:\/\/www.naturparkmagazin.de\/dahme-heideseen\/das-jagdgebiet-der-hohenzollern-die-dubrow-im-wandel\/","title":{"rendered":"Die Dubrow im Wandel &#8211; Vortrag am 3. Februar"},"content":{"rendered":"<p>Der Naturw\u00e4chter Hannes Hause berichtet in einem spannenden Vortrag \u00fcber das Gebiet der Dubrow\u00a0sowie\u00a0die dort vorkommende K\u00e4fervielfalt: Die Dubrow ist eine uralte Kulturlandschaft, in der mehrhundertj\u00e4hrige Traubeneichen durch den Menschen gef\u00f6rdert wurden. Es ist nachgewiesen, dass sie f\u00fcr mindestens 600 Jahre durch Bauern und f\u00fcr 250 Jahre durch die Hohenzollern genutzt und geformt wurde. Den bedeutendsten Einfluss hatte Friedrich Wilhelm I. Dem Jagdtreiben der Hohenzollern haben wir es zu verdanken, dass diese Landschaft gef\u00f6rdert und bis heute erhalten wurde.<\/p>\n<p>Die Kulturlandschaft beherbergt eine an die alten Eichen angepasste K\u00e4fervielfalt, die mit hoher Wahrscheinlichkeit einzigartig ist, zumindest von deutschlandweiter Bedeutung. So sind 60 K\u00e4ferarten nachgewiesen, die in den Roten Listen Brandenburgs und Deutschlands stehen. Da sich die Nutzungen nach dem Abgang der Hohenzollern ge\u00e4ndert haben, wandelt sich die Dubrow. Die Lebensr\u00e4ume der K\u00e4fer gehen verloren. Im Naturschutz m\u00fcssen wir die Vergangenheit begreifen, und f\u00fcr das Fortbestehen einer Kulturlandschaft die richtigen Schl\u00fcsse ziehen.<\/p>\n<p>&nbsp;<\/p>\n","protected":false},"excerpt":{"rendered":"<p>Der Ranger Hannes Hause berichtet \u00fcber die Geschichte sowie die K\u00e4ferwelt der Dubrow.<\/p>\n","protected":false},"author":83,"featured_media":2906,"comment_status":"open","ping_status":"open","sticky":false,"template":"","format":"standard","meta":[],"categories":[11],"tags":[],"yoast_head":"<!-- This site is optimized with the Yoast SEO plugin v19.10 - https:\/\/yoast.com\/wordpress\/plugins\/seo\/ -->\n<title>Die Dubrow im Wandel - Vortrag am 3. Februar - Naturpark Dahme-Heideseen<\/title>\n<meta name=\"robots\" content=\"index, follow, max-snippet:-1, max-image-preview:large, max-video-preview:-1\" \/>\n<link rel=\"canonical\" href=\"https:\/\/www.naturparkmagazin.de\/dahme-heideseen\/das-jagdgebiet-der-hohenzollern-die-dubrow-im-wandel\/\" \/>\n<meta property=\"og:locale\" content=\"de_DE\" \/>\n<meta property=\"og:type\" content=\"article\" \/>\n<meta property=\"og:title\" content=\"Die Dubrow im Wandel - Vortrag am 3. Februar - Naturpark Dahme-Heideseen\" \/>\n<meta property=\"og:description\" content=\"Der Ranger Hannes Hause berichtet \u00fcber die Geschichte sowie die K\u00e4ferwelt der Dubrow.\" \/>\n<meta property=\"og:url\" content=\"https:\/\/www.naturparkmagazin.de\/dahme-heideseen\/das-jagdgebiet-der-hohenzollern-die-dubrow-im-wandel\/\" \/>\n<meta property=\"og:site_name\" content=\"Naturpark Dahme-Heideseen\" \/>\n<meta property=\"article:published_time\" content=\"2019-01-10T11:49:57+00:00\" \/>\n<meta property=\"article:modified_time\" content=\"2019-01-30T09:51:01+00:00\" \/>\n<meta property=\"og:image\" content=\"https:\/\/www.naturparkmagazin.de\/dahme-heideseen\/wp-content\/uploads\/sites\/37\/Dubrow-Wolfgang-Klaeber.jpg\" \/>\n\t<meta property=\"og:image:width\" content=\"764\" \/>\n\t<meta property=\"og:image:height\" content=\"768\" \/>\n\t<meta property=\"og:image:type\" content=\"image\/jpeg\" \/>\n<meta name=\"author\" content=\"Astrid Osenbr\u00fcck\" \/>\n<meta name=\"twitter:label1\" content=\"Verfasst von\" \/>\n\t<meta name=\"twitter:data1\" content=\"Astrid Osenbr\u00fcck\" \/>\n\t<meta name=\"twitter:label2\" content=\"Gesch\u00e4tzte Lesezeit\" \/>\n\t<meta name=\"twitter:data2\" content=\"1\u00a0Minute\" \/>\n<script type=\"application\/ld+json\" class=\"yoast-schema-graph\">{\"@context\":\"https:\/\/schema.org\",\"@graph\":[{\"@type\":\"WebPage\",\"@id\":\"https:\/\/www.naturparkmagazin.de\/dahme-heideseen\/das-jagdgebiet-der-hohenzollern-die-dubrow-im-wandel\/\",\"url\":\"https:\/\/www.naturparkmagazin.de\/dahme-heideseen\/das-jagdgebiet-der-hohenzollern-die-dubrow-im-wandel\/\",\"name\":\"Die Dubrow im Wandel - Vortrag am 3. Februar - Naturpark Dahme-Heideseen\",\"isPartOf\":{\"@id\":\"https:\/\/www.naturparkmagazin.de\/dahme-heideseen\/#website\"},\"datePublished\":\"2019-01-10T11:49:57+00:00\",\"dateModified\":\"2019-01-30T09:51:01+00:00\",\"author\":{\"@id\":\"https:\/\/www.naturparkmagazin.de\/dahme-heideseen\/#\/schema\/person\/a0510aafafdf8183c95fc98faf0c9f21\"},\"breadcrumb\":{\"@id\":\"https:\/\/www.naturparkmagazin.de\/dahme-heideseen\/das-jagdgebiet-der-hohenzollern-die-dubrow-im-wandel\/#breadcrumb\"},\"inLanguage\":\"de\",\"potentialAction\":[{\"@type\":\"ReadAction\",\"target\":[\"https:\/\/www.naturparkmagazin.de\/dahme-heideseen\/das-jagdgebiet-der-hohenzollern-die-dubrow-im-wandel\/\"]}]},{\"@type\":\"BreadcrumbList\",\"@id\":\"https:\/\/www.naturparkmagazin.de\/dahme-heideseen\/das-jagdgebiet-der-hohenzollern-die-dubrow-im-wandel\/#breadcrumb\",\"itemListElement\":[{\"@type\":\"ListItem\",\"position\":1,\"name\":\"Home\",\"item\":\"https:\/\/www.naturparkmagazin.de\/dahme-heideseen\/\"},{\"@type\":\"ListItem\",\"position\":2,\"name\":\"Die Dubrow im Wandel &#8211; Vortrag am 3. Februar\"}]},{\"@type\":\"WebSite\",\"@id\":\"https:\/\/www.naturparkmagazin.de\/dahme-heideseen\/#website\",\"url\":\"https:\/\/www.naturparkmagazin.de\/dahme-heideseen\/\",\"name\":\"Naturpark Dahme-Heideseen\",\"description\":\"\",\"potentialAction\":[{\"@type\":\"SearchAction\",\"target\":{\"@type\":\"EntryPoint\",\"urlTemplate\":\"https:\/\/www.naturparkmagazin.de\/dahme-heideseen\/?s={search_term_string}\"},\"query-input\":\"required name=search_term_string\"}],\"inLanguage\":\"de\"},{\"@type\":\"Person\",\"@id\":\"https:\/\/www.naturparkmagazin.de\/dahme-heideseen\/#\/schema\/person\/a0510aafafdf8183c95fc98faf0c9f21\",\"name\":\"Astrid Osenbr\u00fcck\",\"sameAs\":[\"http:\/\/www.dahme-heideseen-naturpark.de\"],\"url\":\"https:\/\/www.naturparkmagazin.de\/dahme-heideseen\/author\/astridosenbrueck\/\"}]}<\/script>\n<!-- \/ Yoast SEO plugin. -->","yoast_head_json":{"title":"Die Dubrow im Wandel - Vortrag am 3. Februar - Naturpark Dahme-Heideseen","robots":{"index":"index","follow":"follow","max-snippet":"max-snippet:-1","max-image-preview":"max-image-preview:large","max-video-preview":"max-video-preview:-1"},"canonical":"https:\/\/www.naturparkmagazin.de\/dahme-heideseen\/das-jagdgebiet-der-hohenzollern-die-dubrow-im-wandel\/","og_locale":"de_DE","og_type":"article","og_title":"Die Dubrow im Wandel - Vortrag am 3. Februar - Naturpark Dahme-Heideseen","og_description":"Der Ranger Hannes Hause berichtet \u00fcber die Geschichte sowie die K\u00e4ferwelt der Dubrow.","og_url":"https:\/\/www.naturparkmagazin.de\/dahme-heideseen\/das-jagdgebiet-der-hohenzollern-die-dubrow-im-wandel\/","og_site_name":"Naturpark Dahme-Heideseen","article_published_time":"2019-01-10T11:49:57+00:00","article_modified_time":"2019-01-30T09:51:01+00:00","og_image":[{"width":764,"height":768,"url":"https:\/\/www.naturparkmagazin.de\/dahme-heideseen\/wp-content\/uploads\/sites\/37\/Dubrow-Wolfgang-Klaeber.jpg","type":"image\/jpeg"}],"author":"Astrid Osenbr\u00fcck","twitter_misc":{"Verfasst von":"Astrid Osenbr\u00fcck","Gesch\u00e4tzte Lesezeit":"1\u00a0Minute"},"schema":{"@context":"https:\/\/schema.org","@graph":[{"@type":"WebPage","@id":"https:\/\/www.naturparkmagazin.de\/dahme-heideseen\/das-jagdgebiet-der-hohenzollern-die-dubrow-im-wandel\/","url":"https:\/\/www.naturparkmagazin.de\/dahme-heideseen\/das-jagdgebiet-der-hohenzollern-die-dubrow-im-wandel\/","name":"Die Dubrow im Wandel - Vortrag am 3. Februar - Naturpark Dahme-Heideseen","isPartOf":{"@id":"https:\/\/www.naturparkmagazin.de\/dahme-heideseen\/#website"},"datePublished":"2019-01-10T11:49:57+00:00","dateModified":"2019-01-30T09:51:01+00:00","author":{"@id":"https:\/\/www.naturparkmagazin.de\/dahme-heideseen\/#\/schema\/person\/a0510aafafdf8183c95fc98faf0c9f21"},"breadcrumb":{"@id":"https:\/\/www.naturparkmagazin.de\/dahme-heideseen\/das-jagdgebiet-der-hohenzollern-die-dubrow-im-wandel\/#breadcrumb"},"inLanguage":"de","potentialAction":[{"@type":"ReadAction","target":["https:\/\/www.naturparkmagazin.de\/dahme-heideseen\/das-jagdgebiet-der-hohenzollern-die-dubrow-im-wandel\/"]}]},{"@type":"BreadcrumbList","@id":"https:\/\/www.naturparkmagazin.de\/dahme-heideseen\/das-jagdgebiet-der-hohenzollern-die-dubrow-im-wandel\/#breadcrumb","itemListElement":[{"@type":"ListItem","position":1,"name":"Home","item":"https:\/\/www.naturparkmagazin.de\/dahme-heideseen\/"},{"@type":"ListItem","position":2,"name":"Die Dubrow im Wandel &#8211; Vortrag am 3. Februar"}]},{"@type":"WebSite","@id":"https:\/\/www.naturparkmagazin.de\/dahme-heideseen\/#website","url":"https:\/\/www.naturparkmagazin.de\/dahme-heideseen\/","name":"Naturpark Dahme-Heideseen","description":"","potentialAction":[{"@type":"SearchAction","target":{"@type":"EntryPoint","urlTemplate":"https:\/\/www.naturparkmagazin.de\/dahme-heideseen\/?s={search_term_string}"},"query-input":"required name=search_term_string"}],"inLanguage":"de"},{"@type":"Person","@id":"https:\/\/www.naturparkmagazin.de\/dahme-heideseen\/#\/schema\/person\/a0510aafafdf8183c95fc98faf0c9f21","name":"Astrid Osenbr\u00fcck","sameAs":["http:\/\/www.dahme-heideseen-naturpark.de"],"url":"https:\/\/www.naturparkmagazin.de\/dahme-heideseen\/author\/astridosenbrueck\/"}]}},"_links":{"self":[{"href":"https:\/\/www.naturparkmagazin.de\/dahme-heideseen\/wp-json\/wp\/v2\/posts\/2903"}],"collection":[{"href":"https:\/\/www.naturparkmagazin.de\/dahme-heideseen\/wp-json\/wp\/v2\/posts"}],"about":[{"href":"https:\/\/www.naturparkmagazin.de\/dahme-heideseen\/wp-json\/wp\/v2\/types\/post"}],"author":[{"embeddable":true,"href":"https:\/\/www.naturparkmagazin.de\/dahme-heideseen\/wp-json\/wp\/v2\/users\/83"}],"replies":[{"embeddable":true,"href":"https:\/\/www.naturparkmagazin.de\/dahme-heideseen\/wp-json\/wp\/v2\/comments?post=2903"}],"version-history":[{"count":4,"href":"https:\/\/www.naturparkmagazin.de\/dahme-heideseen\/wp-json\/wp\/v2\/posts\/2903\/revisions"}],"predecessor-version":[{"id":2929,"href":"https:\/\/www.naturparkmagazin.de\/dahme-heideseen\/wp-json\/wp\/v2\/posts\/2903\/revisions\/2929"}],"wp:featuredmedia":[{"embeddable":true,"href":"https:\/\/www.naturparkmagazin.de\/dahme-heideseen\/wp-json\/wp\/v2\/media\/2906"}],"wp:attachment":[{"href":"https:\/\/www.naturparkmagazin.de\/dahme-heideseen\/wp-json\/wp\/v2\/media?parent=2903"}],"wp:term":[{"taxonomy":"category","embeddable":true,"href":"https:\/\/www.naturparkmagazin.de\/dahme-heideseen\/wp-json\/wp\/v2\/categories?post=2903"},{"taxonomy":"post_tag","embeddable":true,"href":"https:\/\/www.naturparkmagazin.de\/dahme-heideseen\/wp-json\/wp\/v2\/tags?post=2903"}],"curies":[{"name":"wp","href":"https:\/\/api.w.org\/{rel}","templated":true}]}}