{"id":2914,"date":"2019-01-15T17:17:28","date_gmt":"2019-01-15T16:17:28","guid":{"rendered":"https:\/\/www.naturparkmagazin.de\/dahme-heideseen\/?p=2914"},"modified":"2019-01-15T17:19:41","modified_gmt":"2019-01-15T16:19:41","slug":"verstaerkung-fuer-die-natura-2000-managementplanung-im-naturpark-dahme-heideseen","status":"publish","type":"post","link":"https:\/\/www.naturparkmagazin.de\/dahme-heideseen\/verstaerkung-fuer-die-natura-2000-managementplanung-im-naturpark-dahme-heideseen\/","title":{"rendered":"Verst\u00e4rkung f\u00fcr die FFH-Managementplanung im Naturpark Dahme-Heideseen"},"content":{"rendered":"<p>Seit Anfang Januar verst\u00e4rkt Juliane Bauer als neue Mitarbeiterin das Team des Naturparks Dahme-Heideseen. Ihre Aufgabe umfasst die Managementplanung f\u00fcr die insgesamt 28 FFH-Schutzgebiete (Flora-Fauna-Habitat-Gebiete unter dem Deckmantel des europ\u00e4ischen Schutzgebietsnetzes Natura 2000) im Naturpark.<\/p>\n<p>Juliane ist studierte Landschaftsplanerin und engagierte Natursch\u00fctzerin &#8211; vielmehr jedoch leidenschaftliche stille wie laute Beobachterin und Vermittlerin f\u00fcr alles, was kreucht und fleucht, w\u00e4chst und gedeiht. Sei es in den letzten gr\u00fcnen Oasen der hektischen Gro\u00dfstadt oder &#8211; nun auch verst\u00e4rkt &#8211; in den weiten, vielf\u00e4ltigen Ecken des Naturparks.<\/p>\n<p>Als sie noch in\u00a0Kinderschuhen steckte, konnte sie t\u00e4glich an den Waldt\u00fcmpeln Dutzende Kammmolche keschern und im gro\u00dfelterlichen Garten nunmehr seltene und gef\u00e4hrdete Schmetterlingsarten ohne gro\u00dfe M\u00fche einfangen. Sie bedauert den Artenschwund sehr: \u201eEs w\u00e4re doch mehr als schade, wenn den kommenden Generationen diese Erlebnisse vorenthalten blieben.\u201c Also \u2013 berufen zum Dienste der FFH-Managementplanung, die sie neben dem Studium bereits f\u00fcr zwei Jahre bei einer Arbeit in Berlin kennenlernen durfte.<\/p>\n<p>Seit 2013 ist sie zudem engagierte Hobbyornithologin und teilt ihre Begeisterung regelm\u00e4\u00dfig bei \u00f6ffentlichen Exkursionen. Auch Flederm\u00e4use haben es ihr angetan \u2013 nun kommt es Ihr entgegen, dass sie bereits seit einigen Jahren bei Kontrollen der Winterquartiere und Kastenreviere in Prieros und Umgebung ehrenamtlich mitgewirkt hat. Auch\u00a0an die F\u00e4hrten der regionalen Akteure heftet sie sich jederzeit\u00a0gerne, um Neues zu entdecken. Denn gerade die Geschichten der Menschen faszinieren sie und letztlich wird sich auch der beste Plan ohne die Unterst\u00fctzung der lokalen Bev\u00f6lkerung nicht in die Tat umsetzen lassen.<\/p>\n<p>Voller Freude und Spannung blickt sie nun auf ihre Arbeit im Naturpark. Und auch die ersten Ideen f\u00fcr neue (parallele) Projekte zur Landschaftspflege und Naturerfahrung in unseren besonderen Schutzgebieten schwirren bereits herum.<\/p>\n<p>&nbsp;<\/p>\n","protected":false},"excerpt":{"rendered":"<p>Seit diesem Jahr \u00fcbernimmt Juliane Bauer die FFH-Managementplanung im Naturpark. Aber auch noch weitere Projekte schwirren ihr im Kopf herum.<\/p>\n","protected":false},"author":83,"featured_media":2917,"comment_status":"open","ping_status":"open","sticky":false,"template":"","format":"standard","meta":[],"categories":[7],"tags":[],"yoast_head":"<!-- This site is optimized with the Yoast SEO plugin v19.10 - https:\/\/yoast.com\/wordpress\/plugins\/seo\/ -->\n<title>Verst\u00e4rkung f\u00fcr die FFH-Managementplanung im Naturpark Dahme-Heideseen - Naturpark Dahme-Heideseen<\/title>\n<meta name=\"robots\" content=\"index, follow, max-snippet:-1, max-image-preview:large, max-video-preview:-1\" \/>\n<link rel=\"canonical\" href=\"https:\/\/www.naturparkmagazin.de\/dahme-heideseen\/verstaerkung-fuer-die-natura-2000-managementplanung-im-naturpark-dahme-heideseen\/\" \/>\n<meta property=\"og:locale\" content=\"de_DE\" \/>\n<meta property=\"og:type\" content=\"article\" \/>\n<meta property=\"og:title\" content=\"Verst\u00e4rkung f\u00fcr die FFH-Managementplanung im Naturpark Dahme-Heideseen - Naturpark Dahme-Heideseen\" \/>\n<meta property=\"og:description\" content=\"Seit diesem Jahr \u00fcbernimmt Juliane Bauer die FFH-Managementplanung im Naturpark. Aber auch noch weitere Projekte schwirren ihr im Kopf herum.\" \/>\n<meta property=\"og:url\" content=\"https:\/\/www.naturparkmagazin.de\/dahme-heideseen\/verstaerkung-fuer-die-natura-2000-managementplanung-im-naturpark-dahme-heideseen\/\" \/>\n<meta property=\"og:site_name\" content=\"Naturpark Dahme-Heideseen\" \/>\n<meta property=\"article:published_time\" content=\"2019-01-15T16:17:28+00:00\" \/>\n<meta property=\"article:modified_time\" content=\"2019-01-15T16:19:41+00:00\" \/>\n<meta property=\"og:image\" content=\"https:\/\/www.naturparkmagazin.de\/dahme-heideseen\/wp-content\/uploads\/sites\/37\/Juliane-Bauer-min.jpg\" \/>\n\t<meta property=\"og:image:width\" content=\"3872\" \/>\n\t<meta property=\"og:image:height\" content=\"2592\" \/>\n\t<meta property=\"og:image:type\" content=\"image\/jpeg\" \/>\n<meta name=\"author\" content=\"Astrid Osenbr\u00fcck\" \/>\n<meta name=\"twitter:label1\" content=\"Verfasst von\" \/>\n\t<meta name=\"twitter:data1\" content=\"Astrid Osenbr\u00fcck\" \/>\n\t<meta name=\"twitter:label2\" content=\"Gesch\u00e4tzte Lesezeit\" \/>\n\t<meta name=\"twitter:data2\" content=\"1\u00a0Minute\" \/>\n<script type=\"application\/ld+json\" class=\"yoast-schema-graph\">{\"@context\":\"https:\/\/schema.org\",\"@graph\":[{\"@type\":\"WebPage\",\"@id\":\"https:\/\/www.naturparkmagazin.de\/dahme-heideseen\/verstaerkung-fuer-die-natura-2000-managementplanung-im-naturpark-dahme-heideseen\/\",\"url\":\"https:\/\/www.naturparkmagazin.de\/dahme-heideseen\/verstaerkung-fuer-die-natura-2000-managementplanung-im-naturpark-dahme-heideseen\/\",\"name\":\"Verst\u00e4rkung f\u00fcr die FFH-Managementplanung im Naturpark Dahme-Heideseen - Naturpark Dahme-Heideseen\",\"isPartOf\":{\"@id\":\"https:\/\/www.naturparkmagazin.de\/dahme-heideseen\/#website\"},\"datePublished\":\"2019-01-15T16:17:28+00:00\",\"dateModified\":\"2019-01-15T16:19:41+00:00\",\"author\":{\"@id\":\"https:\/\/www.naturparkmagazin.de\/dahme-heideseen\/#\/schema\/person\/a0510aafafdf8183c95fc98faf0c9f21\"},\"breadcrumb\":{\"@id\":\"https:\/\/www.naturparkmagazin.de\/dahme-heideseen\/verstaerkung-fuer-die-natura-2000-managementplanung-im-naturpark-dahme-heideseen\/#breadcrumb\"},\"inLanguage\":\"de\",\"potentialAction\":[{\"@type\":\"ReadAction\",\"target\":[\"https:\/\/www.naturparkmagazin.de\/dahme-heideseen\/verstaerkung-fuer-die-natura-2000-managementplanung-im-naturpark-dahme-heideseen\/\"]}]},{\"@type\":\"BreadcrumbList\",\"@id\":\"https:\/\/www.naturparkmagazin.de\/dahme-heideseen\/verstaerkung-fuer-die-natura-2000-managementplanung-im-naturpark-dahme-heideseen\/#breadcrumb\",\"itemListElement\":[{\"@type\":\"ListItem\",\"position\":1,\"name\":\"Home\",\"item\":\"https:\/\/www.naturparkmagazin.de\/dahme-heideseen\/\"},{\"@type\":\"ListItem\",\"position\":2,\"name\":\"Verst\u00e4rkung f\u00fcr die FFH-Managementplanung im Naturpark Dahme-Heideseen\"}]},{\"@type\":\"WebSite\",\"@id\":\"https:\/\/www.naturparkmagazin.de\/dahme-heideseen\/#website\",\"url\":\"https:\/\/www.naturparkmagazin.de\/dahme-heideseen\/\",\"name\":\"Naturpark Dahme-Heideseen\",\"description\":\"\",\"potentialAction\":[{\"@type\":\"SearchAction\",\"target\":{\"@type\":\"EntryPoint\",\"urlTemplate\":\"https:\/\/www.naturparkmagazin.de\/dahme-heideseen\/?s={search_term_string}\"},\"query-input\":\"required name=search_term_string\"}],\"inLanguage\":\"de\"},{\"@type\":\"Person\",\"@id\":\"https:\/\/www.naturparkmagazin.de\/dahme-heideseen\/#\/schema\/person\/a0510aafafdf8183c95fc98faf0c9f21\",\"name\":\"Astrid Osenbr\u00fcck\",\"sameAs\":[\"http:\/\/www.dahme-heideseen-naturpark.de\"],\"url\":\"https:\/\/www.naturparkmagazin.de\/dahme-heideseen\/author\/astridosenbrueck\/\"}]}<\/script>\n<!-- \/ Yoast SEO plugin. -->","yoast_head_json":{"title":"Verst\u00e4rkung f\u00fcr die FFH-Managementplanung im Naturpark Dahme-Heideseen - Naturpark Dahme-Heideseen","robots":{"index":"index","follow":"follow","max-snippet":"max-snippet:-1","max-image-preview":"max-image-preview:large","max-video-preview":"max-video-preview:-1"},"canonical":"https:\/\/www.naturparkmagazin.de\/dahme-heideseen\/verstaerkung-fuer-die-natura-2000-managementplanung-im-naturpark-dahme-heideseen\/","og_locale":"de_DE","og_type":"article","og_title":"Verst\u00e4rkung f\u00fcr die FFH-Managementplanung im Naturpark Dahme-Heideseen - Naturpark Dahme-Heideseen","og_description":"Seit diesem Jahr \u00fcbernimmt Juliane Bauer die FFH-Managementplanung im Naturpark. Aber auch noch weitere Projekte schwirren ihr im Kopf herum.","og_url":"https:\/\/www.naturparkmagazin.de\/dahme-heideseen\/verstaerkung-fuer-die-natura-2000-managementplanung-im-naturpark-dahme-heideseen\/","og_site_name":"Naturpark Dahme-Heideseen","article_published_time":"2019-01-15T16:17:28+00:00","article_modified_time":"2019-01-15T16:19:41+00:00","og_image":[{"width":3872,"height":2592,"url":"https:\/\/www.naturparkmagazin.de\/dahme-heideseen\/wp-content\/uploads\/sites\/37\/Juliane-Bauer-min.jpg","type":"image\/jpeg"}],"author":"Astrid Osenbr\u00fcck","twitter_misc":{"Verfasst von":"Astrid Osenbr\u00fcck","Gesch\u00e4tzte Lesezeit":"1\u00a0Minute"},"schema":{"@context":"https:\/\/schema.org","@graph":[{"@type":"WebPage","@id":"https:\/\/www.naturparkmagazin.de\/dahme-heideseen\/verstaerkung-fuer-die-natura-2000-managementplanung-im-naturpark-dahme-heideseen\/","url":"https:\/\/www.naturparkmagazin.de\/dahme-heideseen\/verstaerkung-fuer-die-natura-2000-managementplanung-im-naturpark-dahme-heideseen\/","name":"Verst\u00e4rkung f\u00fcr die FFH-Managementplanung im Naturpark Dahme-Heideseen - Naturpark Dahme-Heideseen","isPartOf":{"@id":"https:\/\/www.naturparkmagazin.de\/dahme-heideseen\/#website"},"datePublished":"2019-01-15T16:17:28+00:00","dateModified":"2019-01-15T16:19:41+00:00","author":{"@id":"https:\/\/www.naturparkmagazin.de\/dahme-heideseen\/#\/schema\/person\/a0510aafafdf8183c95fc98faf0c9f21"},"breadcrumb":{"@id":"https:\/\/www.naturparkmagazin.de\/dahme-heideseen\/verstaerkung-fuer-die-natura-2000-managementplanung-im-naturpark-dahme-heideseen\/#breadcrumb"},"inLanguage":"de","potentialAction":[{"@type":"ReadAction","target":["https:\/\/www.naturparkmagazin.de\/dahme-heideseen\/verstaerkung-fuer-die-natura-2000-managementplanung-im-naturpark-dahme-heideseen\/"]}]},{"@type":"BreadcrumbList","@id":"https:\/\/www.naturparkmagazin.de\/dahme-heideseen\/verstaerkung-fuer-die-natura-2000-managementplanung-im-naturpark-dahme-heideseen\/#breadcrumb","itemListElement":[{"@type":"ListItem","position":1,"name":"Home","item":"https:\/\/www.naturparkmagazin.de\/dahme-heideseen\/"},{"@type":"ListItem","position":2,"name":"Verst\u00e4rkung f\u00fcr die FFH-Managementplanung im Naturpark Dahme-Heideseen"}]},{"@type":"WebSite","@id":"https:\/\/www.naturparkmagazin.de\/dahme-heideseen\/#website","url":"https:\/\/www.naturparkmagazin.de\/dahme-heideseen\/","name":"Naturpark Dahme-Heideseen","description":"","potentialAction":[{"@type":"SearchAction","target":{"@type":"EntryPoint","urlTemplate":"https:\/\/www.naturparkmagazin.de\/dahme-heideseen\/?s={search_term_string}"},"query-input":"required name=search_term_string"}],"inLanguage":"de"},{"@type":"Person","@id":"https:\/\/www.naturparkmagazin.de\/dahme-heideseen\/#\/schema\/person\/a0510aafafdf8183c95fc98faf0c9f21","name":"Astrid Osenbr\u00fcck","sameAs":["http:\/\/www.dahme-heideseen-naturpark.de"],"url":"https:\/\/www.naturparkmagazin.de\/dahme-heideseen\/author\/astridosenbrueck\/"}]}},"_links":{"self":[{"href":"https:\/\/www.naturparkmagazin.de\/dahme-heideseen\/wp-json\/wp\/v2\/posts\/2914"}],"collection":[{"href":"https:\/\/www.naturparkmagazin.de\/dahme-heideseen\/wp-json\/wp\/v2\/posts"}],"about":[{"href":"https:\/\/www.naturparkmagazin.de\/dahme-heideseen\/wp-json\/wp\/v2\/types\/post"}],"author":[{"embeddable":true,"href":"https:\/\/www.naturparkmagazin.de\/dahme-heideseen\/wp-json\/wp\/v2\/users\/83"}],"replies":[{"embeddable":true,"href":"https:\/\/www.naturparkmagazin.de\/dahme-heideseen\/wp-json\/wp\/v2\/comments?post=2914"}],"version-history":[{"count":4,"href":"https:\/\/www.naturparkmagazin.de\/dahme-heideseen\/wp-json\/wp\/v2\/posts\/2914\/revisions"}],"predecessor-version":[{"id":2920,"href":"https:\/\/www.naturparkmagazin.de\/dahme-heideseen\/wp-json\/wp\/v2\/posts\/2914\/revisions\/2920"}],"wp:featuredmedia":[{"embeddable":true,"href":"https:\/\/www.naturparkmagazin.de\/dahme-heideseen\/wp-json\/wp\/v2\/media\/2917"}],"wp:attachment":[{"href":"https:\/\/www.naturparkmagazin.de\/dahme-heideseen\/wp-json\/wp\/v2\/media?parent=2914"}],"wp:term":[{"taxonomy":"category","embeddable":true,"href":"https:\/\/www.naturparkmagazin.de\/dahme-heideseen\/wp-json\/wp\/v2\/categories?post=2914"},{"taxonomy":"post_tag","embeddable":true,"href":"https:\/\/www.naturparkmagazin.de\/dahme-heideseen\/wp-json\/wp\/v2\/tags?post=2914"}],"curies":[{"name":"wp","href":"https:\/\/api.w.org\/{rel}","templated":true}]}}